{"id":23974,"date":"2023-10-23T15:59:19","date_gmt":"2023-10-23T15:59:19","guid":{"rendered":"https:\/\/www.diarionoti7.com.mx\/?p=23974"},"modified":"2023-10-23T16:00:51","modified_gmt":"2023-10-23T16:00:51","slug":"acribillaron-a-un-hombre-con-mas-de-30-impactos-se-bala-dentro-de-una-camioneta-en-tepetitlan","status":"publish","type":"post","link":"https:\/\/www.diarionoti7.com.mx\/?p=23974","title":{"rendered":"Acribillaron a  un Hombre con mas de 30 Impactos se Bala Dentro de una Camioneta en Tepetitl\u00e1n"},"content":{"rendered":"\t\t<div data-elementor-type=\"wp-post\" data-elementor-id=\"23974\" class=\"elementor elementor-23974\">\n\t\t\t\t\t\t\t\t\t<section class=\"elementor-section elementor-top-section elementor-element elementor-element-c09b8f0 elementor-section-boxed elementor-section-height-default elementor-section-height-default\" data-id=\"c09b8f0\" data-element_type=\"section\">\n\t\t\t\t\t\t<div class=\"elementor-container elementor-column-gap-default\">\n\t\t\t\t\t<div class=\"elementor-column elementor-col-100 elementor-top-column elementor-element elementor-element-955a561\" data-id=\"955a561\" data-element_type=\"column\">\n\t\t\t<div class=\"elementor-widget-wrap elementor-element-populated\">\n\t\t\t\t\t\t\t\t<div class=\"elementor-element elementor-element-0ce869c elementor-widget elementor-widget-text-editor\" data-id=\"0ce869c\" data-element_type=\"widget\" data-widget_type=\"text-editor.default\">\n\t\t\t\t<div class=\"elementor-widget-container\">\n\t\t\t<style>\/*! elementor - v3.10.2 - 29-01-2023 *\/\n.elementor-widget-text-editor.elementor-drop-cap-view-stacked .elementor-drop-cap{background-color:#818a91;color:#fff}.elementor-widget-text-editor.elementor-drop-cap-view-framed .elementor-drop-cap{color:#818a91;border:3px solid;background-color:transparent}.elementor-widget-text-editor:not(.elementor-drop-cap-view-default) .elementor-drop-cap{margin-top:8px}.elementor-widget-text-editor:not(.elementor-drop-cap-view-default) .elementor-drop-cap-letter{width:1em;height:1em}.elementor-widget-text-editor .elementor-drop-cap{float:left;text-align:center;line-height:1;font-size:50px}.elementor-widget-text-editor .elementor-drop-cap-letter{display:inline-block}<\/style>\t\t\t\t<p><strong>Tepetitlan, Hgo. 22 de octubre 2023.- <\/strong>Al filo de las 2 \u00a0de la ma\u00f1ana autoridades polic\u00edas y de Protecci\u00f3n Civil \u00a0recibieron un llamado de auxilio al tel\u00e9fono de emergencias por parte de los vecinos \u00a0de San Pedro Nextlalpan\u00a0 donde escucharon m\u00faltiples disparos de arma de fuego.<\/p><p>En repuesta al reporte como primer respondiente al lugar de los hechos, donde \u00a0encontraron una camioneta\u00a0 Chevrolet, de color rojo y con placas de circulaci\u00f3n del estado de Hidalgo, que mostraba evidentes da\u00f1os provocados por proyectiles de arma de fuego.<\/p><p>En el interior de la unidad las autoridades encontraron \u00a0el cuerpo \u00a0sin vida de un hombre masacrado a balazos\u00a0\u00a0 30 aproximadamente, sin signos de vida<\/p><p>Acto seguido, las autoridades del municipio, pasaron el reporte al Agente del Ministerio P\u00fablico quien acudi\u00f3 al lugar para dar fe del cad\u00e1ver y que personal forense realizara el levantamiento del cuerpo \u00a0y acordonaron la zona, resguardando la escena del crimen para iniciar las investigaciones correspondientes.<\/p><p>Hasta el momento el m\u00f3vil esta violenta agresi\u00f3n \u00a0a\u00fan permanece bajo investigaci\u00f3n, y las autoridades han intensificado sus esfuerzos para esclarecer los detalles del incidente.<\/p><p>El cuerpo de la v\u00edctima fue trasladado al Servicio M\u00e9dico Forense (SEMEFO), donde se llevar\u00e1n a cabo an\u00e1lisis forenses y ex\u00e1menes rigurosos con el prop\u00f3sito de conocer la identidad del ahora occiso.<\/p>\t\t\t\t\t\t<\/div>\n\t\t\t\t<\/div>\n\t\t\t\t\t<\/div>\n\t\t<\/div>\n\t\t\t\t\t\t\t<\/div>\n\t\t<\/section>\n\t\t\t\t\t\t\t<\/div>\n\t\t","protected":false},"excerpt":{"rendered":"<p>Tepetitlan, Hgo. 22 de octubre 2023.- Al filo de las 2 \u00a0de la ma\u00f1ana autoridades polic\u00edas y de Protecci\u00f3n Civil \u00a0recibieron un llamado de auxilio al tel\u00e9fono de emergencias por parte de los vecinos \u00a0de San Pedro Nextlalpan\u00a0 donde escucharon m\u00faltiples disparos de arma de fuego. En repuesta al reporte como primer respondiente al lugar [&hellip;]<\/p>\n","protected":false},"author":1,"featured_media":23976,"comment_status":"closed","ping_status":"closed","sticky":false,"template":"","format":"standard","meta":[],"categories":[22],"tags":[],"_links":{"self":[{"href":"https:\/\/www.diarionoti7.com.mx\/index.php?rest_route=\/wp\/v2\/posts\/23974"}],"collection":[{"href":"https:\/\/www.diarionoti7.com.mx\/index.php?rest_route=\/wp\/v2\/posts"}],"about":[{"href":"https:\/\/www.diarionoti7.com.mx\/index.php?rest_route=\/wp\/v2\/types\/post"}],"author":[{"embeddable":true,"href":"https:\/\/www.diarionoti7.com.mx\/index.php?rest_route=\/wp\/v2\/users\/1"}],"replies":[{"embeddable":true,"href":"https:\/\/www.diarionoti7.com.mx\/index.php?rest_route=%2Fwp%2Fv2%2Fcomments&post=23974"}],"version-history":[{"count":4,"href":"https:\/\/www.diarionoti7.com.mx\/index.php?rest_route=\/wp\/v2\/posts\/23974\/revisions"}],"predecessor-version":[{"id":23979,"href":"https:\/\/www.diarionoti7.com.mx\/index.php?rest_route=\/wp\/v2\/posts\/23974\/revisions\/23979"}],"wp:featuredmedia":[{"embeddable":true,"href":"https:\/\/www.diarionoti7.com.mx\/index.php?rest_route=\/wp\/v2\/media\/23976"}],"wp:attachment":[{"href":"https:\/\/www.diarionoti7.com.mx\/index.php?rest_route=%2Fwp%2Fv2%2Fmedia&parent=23974"}],"wp:term":[{"taxonomy":"category","embeddable":true,"href":"https:\/\/www.diarionoti7.com.mx\/index.php?rest_route=%2Fwp%2Fv2%2Fcategories&post=23974"},{"taxonomy":"post_tag","embeddable":true,"href":"https:\/\/www.diarionoti7.com.mx\/index.php?rest_route=%2Fwp%2Fv2%2Ftags&post=23974"}],"curies":[{"name":"wp","href":"https:\/\/api.w.org\/{rel}","templated":true}]}}