{"id":23963,"date":"2023-10-22T17:22:45","date_gmt":"2023-10-22T17:22:45","guid":{"rendered":"https:\/\/www.diarionoti7.com.mx\/?p=23963"},"modified":"2023-10-22T17:24:42","modified_gmt":"2023-10-22T17:24:42","slug":"44-profesionales-en-5-grupos-de-la-ssah-se-capacitaron-para-manejo-del-estres-y-la-ansiedad-en-aras-de-la-salud-mental","status":"publish","type":"post","link":"https:\/\/www.diarionoti7.com.mx\/?p=23963","title":{"rendered":"44 Profesionales en 5 Grupos  de la SSAH se  Capacitaron Para Manejo del Estr\u00e9s y la Ansiedad en Aras de la Salud Mental"},"content":{"rendered":"\t\t<div data-elementor-type=\"wp-post\" data-elementor-id=\"23963\" class=\"elementor elementor-23963\">\n\t\t\t\t\t\t\t\t\t<section class=\"elementor-section elementor-top-section elementor-element elementor-element-c09b8f0 elementor-section-boxed elementor-section-height-default elementor-section-height-default\" data-id=\"c09b8f0\" data-element_type=\"section\">\n\t\t\t\t\t\t<div class=\"elementor-container elementor-column-gap-default\">\n\t\t\t\t\t<div class=\"elementor-column elementor-col-100 elementor-top-column elementor-element elementor-element-955a561\" data-id=\"955a561\" data-element_type=\"column\">\n\t\t\t<div class=\"elementor-widget-wrap elementor-element-populated\">\n\t\t\t\t\t\t\t\t<div class=\"elementor-element elementor-element-0ce869c elementor-widget elementor-widget-text-editor\" data-id=\"0ce869c\" data-element_type=\"widget\" data-widget_type=\"text-editor.default\">\n\t\t\t\t<div class=\"elementor-widget-container\">\n\t\t\t<style>\/*! elementor - v3.10.2 - 29-01-2023 *\/\n.elementor-widget-text-editor.elementor-drop-cap-view-stacked .elementor-drop-cap{background-color:#818a91;color:#fff}.elementor-widget-text-editor.elementor-drop-cap-view-framed .elementor-drop-cap{color:#818a91;border:3px solid;background-color:transparent}.elementor-widget-text-editor:not(.elementor-drop-cap-view-default) .elementor-drop-cap{margin-top:8px}.elementor-widget-text-editor:not(.elementor-drop-cap-view-default) .elementor-drop-cap-letter{width:1em;height:1em}.elementor-widget-text-editor .elementor-drop-cap{float:left;text-align:center;line-height:1;font-size:50px}.elementor-widget-text-editor .elementor-drop-cap-letter{display:inline-block}<\/style>\t\t\t\t<p><strong>Pachuca, Hgo.,\u00a0 21 de octubre del 2023.- <\/strong>Como parte de las actividades del D\u00eda mundial de la Salud Mental y con el objetivo de aumentar la conciencia de este tipo de trastornos, personal de la Direcci\u00f3n del Primer Nivel de Atenci\u00f3n\u00a0 de la Secretar\u00eda de Salud en Hidalgo (SSH), particip\u00f3 en una din\u00e1mica para el manejo de estr\u00e9s.\u00a0<\/p><p>En esta actividad se integraron 44 profesionales en 5 grupos para capacitarse en el tema, donde se expusieron estrategias para identificarlo, las emociones que ocasiona, \u00bfcu\u00e1ndo pedir ayuda?, habilidades para tener una buena salud mental, as\u00ed como la diferencia entre estr\u00e9s y ansiedad.\u00a0<\/p><p>El estr\u00e9s es la respuesta psicol\u00f3gica y\/o f\u00edsica no espec\u00edfica del organismo ante un est\u00edmulo (estresor o estresante) que puede ser un evento, persona u objeto. Es por ello que durante este a\u00f1o, se tiene un compromiso global para crear conciencia sobre la salud mental y defenderla como un derecho humano universal.\u00a0<\/p><p>Con estas actividades se da continuidad a las indicaciones de la secretaria de Salud, Zorayda Robles, de fortalecer actividades que mejoren la salud no solo de la poblaci\u00f3n, sino tambi\u00e9n de los profesionales que integran la SSH.<\/p>\t\t\t\t\t\t<\/div>\n\t\t\t\t<\/div>\n\t\t\t\t\t<\/div>\n\t\t<\/div>\n\t\t\t\t\t\t\t<\/div>\n\t\t<\/section>\n\t\t\t\t\t\t\t<\/div>\n\t\t","protected":false},"excerpt":{"rendered":"<p>Pachuca, Hgo.,\u00a0 21 de octubre del 2023.- Como parte de las actividades del D\u00eda mundial de la Salud Mental y con el objetivo de aumentar la conciencia de este tipo de trastornos, personal de la Direcci\u00f3n del Primer Nivel de Atenci\u00f3n\u00a0 de la Secretar\u00eda de Salud en Hidalgo (SSH), particip\u00f3 en una din\u00e1mica para el [&hellip;]<\/p>\n","protected":false},"author":1,"featured_media":23965,"comment_status":"closed","ping_status":"closed","sticky":false,"template":"","format":"standard","meta":[],"categories":[7],"tags":[],"_links":{"self":[{"href":"https:\/\/www.diarionoti7.com.mx\/index.php?rest_route=\/wp\/v2\/posts\/23963"}],"collection":[{"href":"https:\/\/www.diarionoti7.com.mx\/index.php?rest_route=\/wp\/v2\/posts"}],"about":[{"href":"https:\/\/www.diarionoti7.com.mx\/index.php?rest_route=\/wp\/v2\/types\/post"}],"author":[{"embeddable":true,"href":"https:\/\/www.diarionoti7.com.mx\/index.php?rest_route=\/wp\/v2\/users\/1"}],"replies":[{"embeddable":true,"href":"https:\/\/www.diarionoti7.com.mx\/index.php?rest_route=%2Fwp%2Fv2%2Fcomments&post=23963"}],"version-history":[{"count":4,"href":"https:\/\/www.diarionoti7.com.mx\/index.php?rest_route=\/wp\/v2\/posts\/23963\/revisions"}],"predecessor-version":[{"id":23968,"href":"https:\/\/www.diarionoti7.com.mx\/index.php?rest_route=\/wp\/v2\/posts\/23963\/revisions\/23968"}],"wp:featuredmedia":[{"embeddable":true,"href":"https:\/\/www.diarionoti7.com.mx\/index.php?rest_route=\/wp\/v2\/media\/23965"}],"wp:attachment":[{"href":"https:\/\/www.diarionoti7.com.mx\/index.php?rest_route=%2Fwp%2Fv2%2Fmedia&parent=23963"}],"wp:term":[{"taxonomy":"category","embeddable":true,"href":"https:\/\/www.diarionoti7.com.mx\/index.php?rest_route=%2Fwp%2Fv2%2Fcategories&post=23963"},{"taxonomy":"post_tag","embeddable":true,"href":"https:\/\/www.diarionoti7.com.mx\/index.php?rest_route=%2Fwp%2Fv2%2Ftags&post=23963"}],"curies":[{"name":"wp","href":"https:\/\/api.w.org\/{rel}","templated":true}]}}