{"id":23957,"date":"2023-10-22T17:21:22","date_gmt":"2023-10-22T17:21:22","guid":{"rendered":"https:\/\/www.diarionoti7.com.mx\/?p=23957"},"modified":"2023-10-22T17:22:25","modified_gmt":"2023-10-22T17:22:25","slug":"inicia-jornada-de-vacunacion-contra-influenza-y-covid-19-para-la-comunidad-universitaria","status":"publish","type":"post","link":"https:\/\/www.diarionoti7.com.mx\/?p=23957","title":{"rendered":"Inicia Jornada de Vacunaci\u00f3n Contra Influenza y COVID-19 Para la Comunidad Universitaria"},"content":{"rendered":"\t\t<div data-elementor-type=\"wp-post\" data-elementor-id=\"23957\" class=\"elementor elementor-23957\">\n\t\t\t\t\t\t\t\t\t<section class=\"elementor-section elementor-top-section elementor-element elementor-element-c09b8f0 elementor-section-boxed elementor-section-height-default elementor-section-height-default\" data-id=\"c09b8f0\" data-element_type=\"section\">\n\t\t\t\t\t\t<div class=\"elementor-container elementor-column-gap-default\">\n\t\t\t\t\t<div class=\"elementor-column elementor-col-100 elementor-top-column elementor-element elementor-element-955a561\" data-id=\"955a561\" data-element_type=\"column\">\n\t\t\t<div class=\"elementor-widget-wrap elementor-element-populated\">\n\t\t\t\t\t\t\t\t<div class=\"elementor-element elementor-element-0ce869c elementor-widget elementor-widget-text-editor\" data-id=\"0ce869c\" data-element_type=\"widget\" data-widget_type=\"text-editor.default\">\n\t\t\t\t<div class=\"elementor-widget-container\">\n\t\t\t<style>\/*! elementor - v3.10.2 - 29-01-2023 *\/\n.elementor-widget-text-editor.elementor-drop-cap-view-stacked .elementor-drop-cap{background-color:#818a91;color:#fff}.elementor-widget-text-editor.elementor-drop-cap-view-framed .elementor-drop-cap{color:#818a91;border:3px solid;background-color:transparent}.elementor-widget-text-editor:not(.elementor-drop-cap-view-default) .elementor-drop-cap{margin-top:8px}.elementor-widget-text-editor:not(.elementor-drop-cap-view-default) .elementor-drop-cap-letter{width:1em;height:1em}.elementor-widget-text-editor .elementor-drop-cap{float:left;text-align:center;line-height:1;font-size:50px}.elementor-widget-text-editor .elementor-drop-cap-letter{display:inline-block}<\/style>\t\t\t\t<p><strong>* Para la Aut\u00f3noma de Hidalgo es primordial el bienestar de todas las personas que forman parte de la comunidad universitaria<\/strong><\/p><p><strong>* Ante el incremento de las infecciones respiratorias durante la temporada invernal, es necesario la prevenci\u00f3n <\/strong><\/p><p><strong>Pachuca, Hgo. 21 de octubre 2023.-<\/strong> \u00a0Para ofrecer un ambiente seguro y saludable, la Universidad Aut\u00f3noma del Estado de Hidalgo (UAEH) dio inicio a la jornada de vacunaci\u00f3n contra la influenza y el COVID-19 entre su comunidad, a fin de prevenir la propagaci\u00f3n del virus, evitar contraer la enfermedad o reducir las probabilidades de complicaciones graves en caso de una infecci\u00f3n.<\/p><p>Luis Quintero \u00c1vila, m\u00e9dico adscrito a Torres de Rector\u00eda de la Aut\u00f3noma de Hidalgo, se\u00f1al\u00f3 en entrevista que debido a que la lucha contra la pandemia no ha terminado, la subdirecci\u00f3n de Servicio M\u00e9dico Universitario de la UAEH tom\u00f3 la decisi\u00f3n de gestionar ante el Instituto de Seguridad y Servicios Sociales de los Trabajadores del Estado (ISSSTE) estas vacunas para aplicarlas entre la comunidad universitaria.<\/p><p>El m\u00e9dico universitario explic\u00f3 que ante el incremento de las infecciones respiratorias en los institutos durante la temporada invernal, para la Aut\u00f3noma de Hidalgo es primordial el bienestar de todas las personas que forman parte de la comunidad universitaria, por ello es que se adoptan medidas preventivas para contribuir a la salud de todas y todos sus integrantes.<\/p><p>\u00a0Esta jornada dio inicio el jueves 19 de octubre y culminar\u00e1 el 9 de noviembre. Para cada fecha se tendr\u00e1n sedes y horarios diferentes, entre ellas se encuentran Torres de Rector\u00eda, el Centro Cultural Universitario \u201cLa Garza\u201d, la Escuela Superior de Tlahuelilpan (ESTl), as\u00ed como las escuelas preparatorias N\u00famero 3, 4 y 7. Posteriormente se dar\u00e1n a conocer fechas y sedes para otras unidades acad\u00e9micas.<\/p><p>Afirm\u00f3 que vacunarse previene la propagaci\u00f3n del virus, as\u00ed como la enfermedad en algunos casos, pero si se contrae la infecci\u00f3n, el que una persona cuente con esta vacuna puede debilitar al virus para que no se presenten complicaciones graves.<\/p><p>No obstante, destac\u00f3 que el hecho de que una gran parte de la poblaci\u00f3n decida aplicarse el biol\u00f3gico, contribuye a reducir el impacto de la enfermedad entre la poblaci\u00f3n en general.<\/p><p>Tan solo este viernes 20 de octubre, se dispuso un total de 750 vacunas contra influenza y COVID-19 para la comunidad universitaria, con sede en Torres de Rector\u00eda, mismas que fueron aplicadas al personal acad\u00e9mico y administrativo, a quien se le comunic\u00f3 que en caso de presentar dolor de cuerpo o fiebre tomar paracetamol, pero si presentan una fiebre mayor a 38 grados y que no ceda, se debe acudir al m\u00e9dico.<\/p><p>En este sentido, Flor Anaya Ch\u00e1vez, subdirectora de Servicio M\u00e9dico Universitario, explic\u00f3 que la vacuna contra la influenza que se estar\u00e1 aplicando es la m\u00e1s efectiva para los cuatro serotipos, es decir, contra los cuatro tipos de virus de influenza, ya que la que se aplic\u00f3 el a\u00f1o pasado fue trivalente.<\/p><p>Sin duda, la salud y bienestar de la comunidad de la Universidad Aut\u00f3noma del Estado de Hidalgo son de suma importancia, por lo que la aplicaci\u00f3n de vacunas contra la influenza y el COVID-19 se presenta como una medida fundamental para proteger a sus miembros para contribuir a un entorno seguro para todas y todos.<\/p>\t\t\t\t\t\t<\/div>\n\t\t\t\t<\/div>\n\t\t\t\t\t<\/div>\n\t\t<\/div>\n\t\t\t\t\t\t\t<\/div>\n\t\t<\/section>\n\t\t\t\t\t\t\t<\/div>\n\t\t","protected":false},"excerpt":{"rendered":"<p>* Para la Aut\u00f3noma de Hidalgo es primordial el bienestar de todas las personas que forman parte de la comunidad universitaria * Ante el incremento de las infecciones respiratorias durante la temporada invernal, es necesario la prevenci\u00f3n Pachuca, Hgo. 21 de octubre 2023.- \u00a0Para ofrecer un ambiente seguro y saludable, la Universidad Aut\u00f3noma del Estado [&hellip;]<\/p>\n","protected":false},"author":1,"featured_media":23959,"comment_status":"closed","ping_status":"closed","sticky":false,"template":"","format":"standard","meta":[],"categories":[5],"tags":[],"_links":{"self":[{"href":"https:\/\/www.diarionoti7.com.mx\/index.php?rest_route=\/wp\/v2\/posts\/23957"}],"collection":[{"href":"https:\/\/www.diarionoti7.com.mx\/index.php?rest_route=\/wp\/v2\/posts"}],"about":[{"href":"https:\/\/www.diarionoti7.com.mx\/index.php?rest_route=\/wp\/v2\/types\/post"}],"author":[{"embeddable":true,"href":"https:\/\/www.diarionoti7.com.mx\/index.php?rest_route=\/wp\/v2\/users\/1"}],"replies":[{"embeddable":true,"href":"https:\/\/www.diarionoti7.com.mx\/index.php?rest_route=%2Fwp%2Fv2%2Fcomments&post=23957"}],"version-history":[{"count":4,"href":"https:\/\/www.diarionoti7.com.mx\/index.php?rest_route=\/wp\/v2\/posts\/23957\/revisions"}],"predecessor-version":[{"id":23962,"href":"https:\/\/www.diarionoti7.com.mx\/index.php?rest_route=\/wp\/v2\/posts\/23957\/revisions\/23962"}],"wp:featuredmedia":[{"embeddable":true,"href":"https:\/\/www.diarionoti7.com.mx\/index.php?rest_route=\/wp\/v2\/media\/23959"}],"wp:attachment":[{"href":"https:\/\/www.diarionoti7.com.mx\/index.php?rest_route=%2Fwp%2Fv2%2Fmedia&parent=23957"}],"wp:term":[{"taxonomy":"category","embeddable":true,"href":"https:\/\/www.diarionoti7.com.mx\/index.php?rest_route=%2Fwp%2Fv2%2Fcategories&post=23957"},{"taxonomy":"post_tag","embeddable":true,"href":"https:\/\/www.diarionoti7.com.mx\/index.php?rest_route=%2Fwp%2Fv2%2Ftags&post=23957"}],"curies":[{"name":"wp","href":"https:\/\/api.w.org\/{rel}","templated":true}]}}