{"id":23899,"date":"2023-10-21T19:54:58","date_gmt":"2023-10-21T19:54:58","guid":{"rendered":"https:\/\/www.diarionoti7.com.mx\/?p=23899"},"modified":"2023-10-21T19:56:01","modified_gmt":"2023-10-21T19:56:01","slug":"minas-de-grupo-mexico-desechan-hilos-de-muerte","status":"publish","type":"post","link":"https:\/\/www.diarionoti7.com.mx\/?p=23899","title":{"rendered":"Minas de Grupo M\u00e9xico Desechan Hilos de Muerte"},"content":{"rendered":"\t\t<div data-elementor-type=\"wp-post\" data-elementor-id=\"23899\" class=\"elementor elementor-23899\">\n\t\t\t\t\t\t\t\t\t<section class=\"elementor-section elementor-top-section elementor-element elementor-element-c09b8f0 elementor-section-boxed elementor-section-height-default elementor-section-height-default\" data-id=\"c09b8f0\" data-element_type=\"section\">\n\t\t\t\t\t\t<div class=\"elementor-container elementor-column-gap-default\">\n\t\t\t\t\t<div class=\"elementor-column elementor-col-100 elementor-top-column elementor-element elementor-element-955a561\" data-id=\"955a561\" data-element_type=\"column\">\n\t\t\t<div class=\"elementor-widget-wrap elementor-element-populated\">\n\t\t\t\t\t\t\t\t<div class=\"elementor-element elementor-element-0ce869c elementor-widget elementor-widget-text-editor\" data-id=\"0ce869c\" data-element_type=\"widget\" data-widget_type=\"text-editor.default\">\n\t\t\t\t<div class=\"elementor-widget-container\">\n\t\t\t<style>\/*! elementor - v3.10.2 - 29-01-2023 *\/\n.elementor-widget-text-editor.elementor-drop-cap-view-stacked .elementor-drop-cap{background-color:#818a91;color:#fff}.elementor-widget-text-editor.elementor-drop-cap-view-framed .elementor-drop-cap{color:#818a91;border:3px solid;background-color:transparent}.elementor-widget-text-editor:not(.elementor-drop-cap-view-default) .elementor-drop-cap{margin-top:8px}.elementor-widget-text-editor:not(.elementor-drop-cap-view-default) .elementor-drop-cap-letter{width:1em;height:1em}.elementor-widget-text-editor .elementor-drop-cap{float:left;text-align:center;line-height:1;font-size:50px}.elementor-widget-text-editor .elementor-drop-cap-letter{display:inline-block}<\/style>\t\t\t\t<p><strong>Por Jaime Arizmendi<\/strong><\/p><p><strong>*Present\u00f3 Gobierno Federal Denuncia Ante FGR<\/strong><\/p><p><strong>Argonmexico \/ Qu\u00e9 lo tiren en su casa\u2026<\/strong> El derrame de contaminantes en el r\u00edo Sonora da\u00f1a a decenas de miles de habitantes, por Negligencia de Grupo M\u00e9xico; \u201cel peor desastre ambiental de la historia de la miner\u00eda met\u00e1lica en M\u00e9xico\u201d; acusan Semarnat, IMTA e INECC, y exigen a la empresa un Plan de Remediaci\u00f3n para resarcir el da\u00f1o, avalado por las comunidades.<\/p><p>En tanto, \u201cUn hilo de muerte recorre aguas mexicanas de la frontera colindante con Estados Unidos hasta la costa del Pac\u00edfico en el estado de Sonora\u201d, as\u00ed inicia el reportaje publicado en PoderLatam el 25 de agosto de 2022. \u201cLa causa: un derrame ocasionado por la mina Buenavista del Cobre, de la empresa Grupo M\u00e9xico\u201d.<\/p><p>El veneno derramado al Arroyo Tinajas, que fluye desde los r\u00edos Bacanuchi y Sonora hasta la presa El Molinito, que abastece el centro de Hermosillo, capital del estado, conten\u00eda 40 mil metros c\u00fabicos de lixiviados de sulfato de cobre acidulado; es decir, metales pesados peligrosos para el consumo humano.<\/p><p>Tras el desd\u00e9n oficial y de la minera, cientos de miles de pobladores padecen graves enfermedades. A m\u00e1s de nueve a\u00f1os desde que M\u00e9xico sufri\u00f3 el mayor desastre medioambiental minero del que se tiene registro en el pa\u00eds; a\u00fan permea la resistencia de las comunidades rurales que luchan contra el olvido.<\/p><p>Mariana Morales Hern\u00e1ndez, directora del Instituto Nacional de Ecolog\u00eda y Cambio Clim\u00e1tico, revel\u00f3 que, en Cananea, con m\u00e1s de 35 mil habitantes, se encontr\u00f3 durante la temporada seca que los niveles de mercurio en el aire superan los 300 nanogramos por metro c\u00fabico recomendados por la Agencia de Protecci\u00f3n Ambiental de Estados Unidos.<\/p><p>Adri\u00e1n Pedrozo Acu\u00f1a, director general del Instituto Mexicano de Tecnolog\u00eda del Agua, advirti\u00f3 desde el a\u00f1o pasado que el agua que suministra a 60 mil habitantes de la regi\u00f3n, y a una parte de los 900 mil de Hermosillo, capital de Sonora, presenta niveles de contaminaci\u00f3n alarmantes y es considerada completamente insalubre.<\/p><p>En el marco de la ma\u00f1anera del 12 de octubre pasado, la secretaria de Medio Ambiente y Recursos Naturales, Mar\u00eda Luisa Albores Gonz\u00e1lez, sostuvo desde el Sal\u00f3n Tesorer\u00eda que la elaboraci\u00f3n de dict\u00e1menes basados en evidencia cient\u00edfica, son atribuciones del Instituto Mexicano de Tecnolog\u00eda del Agua (IMTA) y del (INECC).<\/p><p>El 6 de agosto de 2014, el destino del vital l\u00edquido fue redirigido tras el derramamiento de metales pesados. Porque, esas comunidades padecen una tasa de mortalidad del 20 por ciento superior a la media nacional, un porcentaje de 215 casos por insuficiencia renal; del 375 por malformaciones cong\u00e9nitas y 2000% superior por neoplacias malignas.<\/p><p>\u201cEl contexto es muy claro: Todas las comunidades aleda\u00f1as al r\u00edo estuvieron expuestas\u201d, denuncia en el reportaje Samuel Rosado-Zaidi, acad\u00e9mico de la Facultad de Econom\u00eda en la Universidad Nacional Aut\u00f3noma de M\u00e9xico (UNAM).<\/p><p>La titular de la Semarnat dijo que las acciones de remediaci\u00f3n que realiz\u00f3 Grupo M\u00e9xico por el derrame (gravemente t\u00f3xico) hacia un afluente del r\u00edo Sonora, ocurrido aquel fat\u00eddico 6 de agosto, no se llev\u00f3 a cabo de manera satisfactoria y que ese derrame \u201cno fue un accidente, sino una negligencia en el dise\u00f1o hidrol\u00f3gico del sistema de presas Tinajas 1\u201d.<\/p><p>Ante los reclamos de los pobladores de la cuenca del R\u00edo Sonora, el 4 de julio de 2021, L\u00f3pez Obrador anunci\u00f3 el Plan de Justicia para Cananea, con cinco ejes: Trabajo digno; Atenci\u00f3n m\u00e9dica y medicamentos; Bienestar; Mejoramiento urbano; y Salud Ambiental y Derecho al Agua.<\/p><p>Por ello, el IMTA y el INECC elaboraron el Dictamen Diagn\u00f3stico Ambiental del R\u00edo Sonora que, con base en evidencia t\u00e9cnico-cient\u00edfica, dio cuenta de la presencia de contaminaci\u00f3n en agua, aire, flora y fauna; como de metales pesados por encima de la norma y cuyas muestras est\u00e1n asociadas con la actividad minera y el derrame de 2014.<\/p><p>Repuso la secretaria Albores que el 15 de septiembre de 2014 la empresa y Profepa firmaron un convenio para, entre otras cosas, crear el Fideicomiso R\u00edo Sonora, con un fondo de 2 mil millones de pesos como monto inicial, que podr\u00eda incrementarse seg\u00fan las necesidades para atender los impactos causados por el derrame, pero solo se entregaron mil millones de pesos.<\/p><p>El Fideicomiso report\u00f3 un ejercicio de 1,232 millones de pesos en conceptos agropecuarios, unidades econ\u00f3micas, jornaleros y prestadores de servicios, tomas de agua, tinacos, pipas, rehabilitaci\u00f3n de pozos, potabilizadoras, organismos de agua municipales, diagn\u00f3stico ambiental, salud, comunicaci\u00f3n social, servicios notariales y bancarios y libro blanco, con una aportaci\u00f3n de 309 millones de pesos que fueron pagados fuera del Fideicomiso con aprobaci\u00f3n de los integrantes del Comit\u00e9 T\u00e9cnico.<\/p><p>Durante la aplicaci\u00f3n de esos recursos se encontraron irregularidades como la instalaci\u00f3n de una planta potabilizadora en Bacanuchi que, por falta de dinero para energ\u00eda y pago de personal, solo oper\u00f3 2 a\u00f1os; y el financiamiento de 9 plantas potabilizadoras m\u00e1s de las que solo una oper\u00f3 durante un mes, por falta de fondos.<\/p><p>A pesar de no haber atendido satisfactoriamente las demandas de la poblaci\u00f3n, en 2017 se extingui\u00f3 el Fideicomiso, por lo que se inici\u00f3 una serie de acciones logrando que en 2020 una sentencia de la Suprema Corte de Justicia de la Naci\u00f3n instruyera que el fideicomiso permaneciera abierto y se reintegrara el patrimonio con que contaba al momento de su extinci\u00f3n.<\/p><p>Ante ello, \u201cGrupo M\u00e9xico ha sido omiso. Adem\u00e1s, se les ha invitado a participar como miembros del Comit\u00e9 de dicho Fideicomiso, pero no han respondido\u201d. Se exige a la empresa un Programa de Remediaci\u00f3n avalado por las comunidades, para resarcir el da\u00f1o, y continuar\u00e1 dando seguimiento al diagn\u00f3stico ambiental y al proceso judicial correspondiente.<\/p><p>Con todo, el 17 de agosto pasado, la Semarnat present\u00f3 ante la Fiscal\u00eda General de la Rep\u00fablica en Sonora, una denuncia penal contra Mexicana de Cananea, Buenavista del Cobre, Operadora de Minas e Instalaciones Mineras y\/o quienes derivado de los actos de investigaci\u00f3n resulten responsables por el derrame.<\/p><p>Asimismo, se solicit\u00f3 informaci\u00f3n a Profepa, Cofepris, Conagua y Nafin, con el objeto de integrarla a la carpeta de investigaci\u00f3n. La Semarnat deber\u00e1 dar seguimiento puntual a la carpeta de investigaci\u00f3n y garantizar el derecho a un ambiente sano de las comunidades afectadas.<\/p><p>Y es que como si nada, Grupo M\u00e9xico \u201ctir\u00f3\u201d, en los afluentes que se conectan con el R\u00edo Sonora, 40 mil metros c\u00fabicos de sulfato de cobre acidulado, hierro, aluminio, cadmio, cromo, magnesio, plomo, ars\u00e9nico y vanadio. Y si de esa agua comieran y se ba\u00f1aran sus familiares, \u00bfTambi\u00e9n los hubieran derramado?&#8230;<\/p><p>argondirector@gmail.com y argonmexico@gmail.com<\/p>\t\t\t\t\t\t<\/div>\n\t\t\t\t<\/div>\n\t\t\t\t\t<\/div>\n\t\t<\/div>\n\t\t\t\t\t\t\t<\/div>\n\t\t<\/section>\n\t\t\t\t\t\t\t<\/div>\n\t\t","protected":false},"excerpt":{"rendered":"<p>Por Jaime Arizmendi *Present\u00f3 Gobierno Federal Denuncia Ante FGR Argonmexico \/ Qu\u00e9 lo tiren en su casa\u2026 El derrame de contaminantes en el r\u00edo Sonora da\u00f1a a decenas de miles de habitantes, por Negligencia de Grupo M\u00e9xico; \u201cel peor desastre ambiental de la historia de la miner\u00eda met\u00e1lica en M\u00e9xico\u201d; acusan Semarnat, IMTA e INECC, [&hellip;]<\/p>\n","protected":false},"author":1,"featured_media":14000,"comment_status":"closed","ping_status":"closed","sticky":false,"template":"","format":"standard","meta":[],"categories":[23],"tags":[],"_links":{"self":[{"href":"https:\/\/www.diarionoti7.com.mx\/index.php?rest_route=\/wp\/v2\/posts\/23899"}],"collection":[{"href":"https:\/\/www.diarionoti7.com.mx\/index.php?rest_route=\/wp\/v2\/posts"}],"about":[{"href":"https:\/\/www.diarionoti7.com.mx\/index.php?rest_route=\/wp\/v2\/types\/post"}],"author":[{"embeddable":true,"href":"https:\/\/www.diarionoti7.com.mx\/index.php?rest_route=\/wp\/v2\/users\/1"}],"replies":[{"embeddable":true,"href":"https:\/\/www.diarionoti7.com.mx\/index.php?rest_route=%2Fwp%2Fv2%2Fcomments&post=23899"}],"version-history":[{"count":4,"href":"https:\/\/www.diarionoti7.com.mx\/index.php?rest_route=\/wp\/v2\/posts\/23899\/revisions"}],"predecessor-version":[{"id":23903,"href":"https:\/\/www.diarionoti7.com.mx\/index.php?rest_route=\/wp\/v2\/posts\/23899\/revisions\/23903"}],"wp:featuredmedia":[{"embeddable":true,"href":"https:\/\/www.diarionoti7.com.mx\/index.php?rest_route=\/wp\/v2\/media\/14000"}],"wp:attachment":[{"href":"https:\/\/www.diarionoti7.com.mx\/index.php?rest_route=%2Fwp%2Fv2%2Fmedia&parent=23899"}],"wp:term":[{"taxonomy":"category","embeddable":true,"href":"https:\/\/www.diarionoti7.com.mx\/index.php?rest_route=%2Fwp%2Fv2%2Fcategories&post=23899"},{"taxonomy":"post_tag","embeddable":true,"href":"https:\/\/www.diarionoti7.com.mx\/index.php?rest_route=%2Fwp%2Fv2%2Ftags&post=23899"}],"curies":[{"name":"wp","href":"https:\/\/api.w.org\/{rel}","templated":true}]}}