{"id":23893,"date":"2023-10-21T19:53:36","date_gmt":"2023-10-21T19:53:36","guid":{"rendered":"https:\/\/www.diarionoti7.com.mx\/?p=23893"},"modified":"2023-10-21T19:54:23","modified_gmt":"2023-10-21T19:54:23","slug":"refrendan-ihm-y-autoridades-de-tula-compromiso-con-las-mujeres","status":"publish","type":"post","link":"https:\/\/www.diarionoti7.com.mx\/?p=23893","title":{"rendered":"Refrendan IHM y Autoridades de Tula Compromiso con las Mujeres"},"content":{"rendered":"\t\t<div data-elementor-type=\"wp-post\" data-elementor-id=\"23893\" class=\"elementor elementor-23893\">\n\t\t\t\t\t\t\t\t\t<section class=\"elementor-section elementor-top-section elementor-element elementor-element-c09b8f0 elementor-section-boxed elementor-section-height-default elementor-section-height-default\" data-id=\"c09b8f0\" data-element_type=\"section\">\n\t\t\t\t\t\t<div class=\"elementor-container elementor-column-gap-default\">\n\t\t\t\t\t<div class=\"elementor-column elementor-col-100 elementor-top-column elementor-element elementor-element-955a561\" data-id=\"955a561\" data-element_type=\"column\">\n\t\t\t<div class=\"elementor-widget-wrap elementor-element-populated\">\n\t\t\t\t\t\t\t\t<div class=\"elementor-element elementor-element-0ce869c elementor-widget elementor-widget-text-editor\" data-id=\"0ce869c\" data-element_type=\"widget\" data-widget_type=\"text-editor.default\">\n\t\t\t\t<div class=\"elementor-widget-container\">\n\t\t\t<style>\/*! elementor - v3.10.2 - 29-01-2023 *\/\n.elementor-widget-text-editor.elementor-drop-cap-view-stacked .elementor-drop-cap{background-color:#818a91;color:#fff}.elementor-widget-text-editor.elementor-drop-cap-view-framed .elementor-drop-cap{color:#818a91;border:3px solid;background-color:transparent}.elementor-widget-text-editor:not(.elementor-drop-cap-view-default) .elementor-drop-cap{margin-top:8px}.elementor-widget-text-editor:not(.elementor-drop-cap-view-default) .elementor-drop-cap-letter{width:1em;height:1em}.elementor-widget-text-editor .elementor-drop-cap{float:left;text-align:center;line-height:1;font-size:50px}.elementor-widget-text-editor .elementor-drop-cap-letter{display:inline-block}<\/style>\t\t\t\t<p><strong>-Instalaron Somos Tu Red de Apoyo para la atenci\u00f3n coordinada <\/strong><\/p><p><strong>Tula de Allende, Hgo., 20 octubre 2023.-<\/strong>Con inter\u00e9s renovado y en total concordancia con la Estrategia Estatal para el Bienestar de las Mujeres, que encabeza el gobernador Julio Menchaca Salazar, el ayuntamiento de Tula de Allende se suma al mecanismo \u201cSomos tu Red de Apoyo\u201d.<\/p><p>La titular del Instituto Hidalguense de las Mujeres (IHM), Bertha Miranda Rodr\u00edguez, instal\u00f3 el mecanismo, donde los tres niveles de Gobierno confluyen para crear un grupo de respuesta r\u00e1pida y una ruta \u00fanica de atenci\u00f3n a las mujeres en situaci\u00f3n de violencia.<\/p><p>En representaci\u00f3n del gobierno local, el secretario municipal, Israel S\u00e1nchez Maqueda; la presidenta del DIF de Tula, Karina Mej\u00eda Guerrero y la titular de la Instancias Municipal para el Desarrollo de las Mujeres, Viviana Z\u00fa\u00f1iga S\u00e1nchez, reiteraron el compromiso.<\/p><p>Participaron tambi\u00e9n \u00e1reas representativas involucradas en la garant\u00eda de los derechos humanos de las mujeres, de la ni\u00f1ez y adolescencia, as\u00ed como regidoras de la Comisi\u00f3n de Igualdad de G\u00e9nero.<\/p><p>Miranda Rodr\u00edguez mencion\u00f3 la utilidad de establecer estas redes de apoyo, socializar sus funciones y atribuciones, para que todas y todos sepan hacia d\u00f3nde dirigirse ante un caso de violencia de g\u00e9nero.<\/p><p>Reconoci\u00f3 ampliamente, por su acompa\u00f1amiento, a instituciones estatales, como la Procuradur\u00eda General de Justicia del Estado de Hidalgo, a trav\u00e9s de la Fiscal\u00eda Especializada para la Atenci\u00f3n de Delitos G\u00e9nero y Trata de Personas, a cargo de Luz Mar\u00eda Ram\u00edrez P\u00e9rez, quien orienta y comparte el conocimiento sobre un tema tan sensible como es el feminicidio.<\/p><p>Destac\u00f3 a las Direcciones Regionales de Gobernaci\u00f3n, la Secretar\u00eda de Salud, Defensor\u00eda P\u00fablica, SIPINNA, Procuradur\u00eda de Protecci\u00f3n de Ni\u00f1as, Ni\u00f1os y Adolescentes, as\u00ed como a la Comisi\u00f3n de Derechos Humanos estatal, entre otras, que fortalecen los programas del Gobierno federal que fluyen a trav\u00e9s de la Comisi\u00f3n Nacional para la Atenci\u00f3n y Erradicaci\u00f3n de la Violencia contra las Mujeres (CONAVIM) y el Instituto Nacional de las Mujeres (INMUJERES).<\/p><p>Al concluir el evento, la directora del IHM fue invitada a conocer un proyecto de hortalizas que trabaja un grupo de mujeres organizadas, con el apoyo del DIF local y la Instancia Municipal, que a trav\u00e9s de estas actividades buscan fortalecer la autonom\u00eda de las mujeres.<\/p>\t\t\t\t\t\t<\/div>\n\t\t\t\t<\/div>\n\t\t\t\t\t<\/div>\n\t\t<\/div>\n\t\t\t\t\t\t\t<\/div>\n\t\t<\/section>\n\t\t\t\t\t\t\t<\/div>\n\t\t","protected":false},"excerpt":{"rendered":"<p>-Instalaron Somos Tu Red de Apoyo para la atenci\u00f3n coordinada Tula de Allende, Hgo., 20 octubre 2023.-Con inter\u00e9s renovado y en total concordancia con la Estrategia Estatal para el Bienestar de las Mujeres, que encabeza el gobernador Julio Menchaca Salazar, el ayuntamiento de Tula de Allende se suma al mecanismo \u201cSomos tu Red de Apoyo\u201d. [&hellip;]<\/p>\n","protected":false},"author":1,"featured_media":23895,"comment_status":"closed","ping_status":"closed","sticky":false,"template":"","format":"standard","meta":[],"categories":[7],"tags":[],"_links":{"self":[{"href":"https:\/\/www.diarionoti7.com.mx\/index.php?rest_route=\/wp\/v2\/posts\/23893"}],"collection":[{"href":"https:\/\/www.diarionoti7.com.mx\/index.php?rest_route=\/wp\/v2\/posts"}],"about":[{"href":"https:\/\/www.diarionoti7.com.mx\/index.php?rest_route=\/wp\/v2\/types\/post"}],"author":[{"embeddable":true,"href":"https:\/\/www.diarionoti7.com.mx\/index.php?rest_route=\/wp\/v2\/users\/1"}],"replies":[{"embeddable":true,"href":"https:\/\/www.diarionoti7.com.mx\/index.php?rest_route=%2Fwp%2Fv2%2Fcomments&post=23893"}],"version-history":[{"count":4,"href":"https:\/\/www.diarionoti7.com.mx\/index.php?rest_route=\/wp\/v2\/posts\/23893\/revisions"}],"predecessor-version":[{"id":23898,"href":"https:\/\/www.diarionoti7.com.mx\/index.php?rest_route=\/wp\/v2\/posts\/23893\/revisions\/23898"}],"wp:featuredmedia":[{"embeddable":true,"href":"https:\/\/www.diarionoti7.com.mx\/index.php?rest_route=\/wp\/v2\/media\/23895"}],"wp:attachment":[{"href":"https:\/\/www.diarionoti7.com.mx\/index.php?rest_route=%2Fwp%2Fv2%2Fmedia&parent=23893"}],"wp:term":[{"taxonomy":"category","embeddable":true,"href":"https:\/\/www.diarionoti7.com.mx\/index.php?rest_route=%2Fwp%2Fv2%2Fcategories&post=23893"},{"taxonomy":"post_tag","embeddable":true,"href":"https:\/\/www.diarionoti7.com.mx\/index.php?rest_route=%2Fwp%2Fv2%2Ftags&post=23893"}],"curies":[{"name":"wp","href":"https:\/\/api.w.org\/{rel}","templated":true}]}}