{"id":23881,"date":"2023-10-21T19:50:52","date_gmt":"2023-10-21T19:50:52","guid":{"rendered":"https:\/\/www.diarionoti7.com.mx\/?p=23881"},"modified":"2023-10-21T19:51:45","modified_gmt":"2023-10-21T19:51:45","slug":"sebiso-invita-a-pasarela-artesanal-en-la-feria","status":"publish","type":"post","link":"https:\/\/www.diarionoti7.com.mx\/?p=23881","title":{"rendered":"Sebiso Invita a Pasarela Artesanal en la Feria"},"content":{"rendered":"\t\t<div data-elementor-type=\"wp-post\" data-elementor-id=\"23881\" class=\"elementor elementor-23881\">\n\t\t\t\t\t\t\t\t\t<section class=\"elementor-section elementor-top-section elementor-element elementor-element-c09b8f0 elementor-section-boxed elementor-section-height-default elementor-section-height-default\" data-id=\"c09b8f0\" data-element_type=\"section\">\n\t\t\t\t\t\t<div class=\"elementor-container elementor-column-gap-default\">\n\t\t\t\t\t<div class=\"elementor-column elementor-col-100 elementor-top-column elementor-element elementor-element-955a561\" data-id=\"955a561\" data-element_type=\"column\">\n\t\t\t<div class=\"elementor-widget-wrap elementor-element-populated\">\n\t\t\t\t\t\t\t\t<div class=\"elementor-element elementor-element-0ce869c elementor-widget elementor-widget-text-editor\" data-id=\"0ce869c\" data-element_type=\"widget\" data-widget_type=\"text-editor.default\">\n\t\t\t\t<div class=\"elementor-widget-container\">\n\t\t\t<style>\/*! elementor - v3.10.2 - 29-01-2023 *\/\n.elementor-widget-text-editor.elementor-drop-cap-view-stacked .elementor-drop-cap{background-color:#818a91;color:#fff}.elementor-widget-text-editor.elementor-drop-cap-view-framed .elementor-drop-cap{color:#818a91;border:3px solid;background-color:transparent}.elementor-widget-text-editor:not(.elementor-drop-cap-view-default) .elementor-drop-cap{margin-top:8px}.elementor-widget-text-editor:not(.elementor-drop-cap-view-default) .elementor-drop-cap-letter{width:1em;height:1em}.elementor-widget-text-editor .elementor-drop-cap{float:left;text-align:center;line-height:1;font-size:50px}.elementor-widget-text-editor .elementor-drop-cap-letter{display:inline-block}<\/style>\t\t\t\t<p><strong>Pachuca, Hgo., 20 de Octubre de 2023.-<\/strong>Prendas de vestir confeccionadas por artesanos y artesanas hidalguenses, ser\u00e1n exhibidas este s\u00e1bado 21 de octubre, a trav\u00e9s de una pasarela organizada en las instalaciones de la Feria de San Francisco Pachuca Hidalgo, a las 19:00 horas.<\/p><p>La Pasarela Artesanal 2023, es una iniciativa de la Secretar\u00eda de Bienestar e Inclusi\u00f3n Social del gobierno estatal (Sebiso), por lo que todo el p\u00fablico que desee disfrutar de este escaparate de moda lo podr\u00e1n hacer en la zona conocida como la \u201cvelar\u00eda\u201d, donde tambi\u00e9n habr\u00e1 puntos de venta para la adquisici\u00f3n de las prendas modeladas.<\/p>\t\t\t\t\t\t<\/div>\n\t\t\t\t<\/div>\n\t\t\t\t\t<\/div>\n\t\t<\/div>\n\t\t\t\t\t\t\t<\/div>\n\t\t<\/section>\n\t\t\t\t\t\t\t<\/div>\n\t\t","protected":false},"excerpt":{"rendered":"<p>Pachuca, Hgo., 20 de Octubre de 2023.-Prendas de vestir confeccionadas por artesanos y artesanas hidalguenses, ser\u00e1n exhibidas este s\u00e1bado 21 de octubre, a trav\u00e9s de una pasarela organizada en las instalaciones de la Feria de San Francisco Pachuca Hidalgo, a las 19:00 horas. La Pasarela Artesanal 2023, es una iniciativa de la Secretar\u00eda de Bienestar [&hellip;]<\/p>\n","protected":false},"author":1,"featured_media":23883,"comment_status":"closed","ping_status":"closed","sticky":false,"template":"","format":"standard","meta":[],"categories":[9],"tags":[],"_links":{"self":[{"href":"https:\/\/www.diarionoti7.com.mx\/index.php?rest_route=\/wp\/v2\/posts\/23881"}],"collection":[{"href":"https:\/\/www.diarionoti7.com.mx\/index.php?rest_route=\/wp\/v2\/posts"}],"about":[{"href":"https:\/\/www.diarionoti7.com.mx\/index.php?rest_route=\/wp\/v2\/types\/post"}],"author":[{"embeddable":true,"href":"https:\/\/www.diarionoti7.com.mx\/index.php?rest_route=\/wp\/v2\/users\/1"}],"replies":[{"embeddable":true,"href":"https:\/\/www.diarionoti7.com.mx\/index.php?rest_route=%2Fwp%2Fv2%2Fcomments&post=23881"}],"version-history":[{"count":4,"href":"https:\/\/www.diarionoti7.com.mx\/index.php?rest_route=\/wp\/v2\/posts\/23881\/revisions"}],"predecessor-version":[{"id":23886,"href":"https:\/\/www.diarionoti7.com.mx\/index.php?rest_route=\/wp\/v2\/posts\/23881\/revisions\/23886"}],"wp:featuredmedia":[{"embeddable":true,"href":"https:\/\/www.diarionoti7.com.mx\/index.php?rest_route=\/wp\/v2\/media\/23883"}],"wp:attachment":[{"href":"https:\/\/www.diarionoti7.com.mx\/index.php?rest_route=%2Fwp%2Fv2%2Fmedia&parent=23881"}],"wp:term":[{"taxonomy":"category","embeddable":true,"href":"https:\/\/www.diarionoti7.com.mx\/index.php?rest_route=%2Fwp%2Fv2%2Fcategories&post=23881"},{"taxonomy":"post_tag","embeddable":true,"href":"https:\/\/www.diarionoti7.com.mx\/index.php?rest_route=%2Fwp%2Fv2%2Ftags&post=23881"}],"curies":[{"name":"wp","href":"https:\/\/api.w.org\/{rel}","templated":true}]}}