{"id":23857,"date":"2023-10-21T19:42:51","date_gmt":"2023-10-21T19:42:51","guid":{"rendered":"https:\/\/www.diarionoti7.com.mx\/?p=23857"},"modified":"2023-10-21T19:43:58","modified_gmt":"2023-10-21T19:43:58","slug":"el-gobernador-julio-menchaca-escucho-y-dialogo-con-estudiantes-del-ida-de-la-uaeh","status":"publish","type":"post","link":"https:\/\/www.diarionoti7.com.mx\/?p=23857","title":{"rendered":"El Gobernador Julio Menchaca Escucho y Dialogo con Estudiantes del IDA de la UAEH"},"content":{"rendered":"\t\t<div data-elementor-type=\"wp-post\" data-elementor-id=\"23857\" class=\"elementor elementor-23857\">\n\t\t\t\t\t\t\t\t\t<section class=\"elementor-section elementor-top-section elementor-element elementor-element-c09b8f0 elementor-section-boxed elementor-section-height-default elementor-section-height-default\" data-id=\"c09b8f0\" data-element_type=\"section\">\n\t\t\t\t\t\t<div class=\"elementor-container elementor-column-gap-default\">\n\t\t\t\t\t<div class=\"elementor-column elementor-col-100 elementor-top-column elementor-element elementor-element-955a561\" data-id=\"955a561\" data-element_type=\"column\">\n\t\t\t<div class=\"elementor-widget-wrap elementor-element-populated\">\n\t\t\t\t\t\t\t\t<div class=\"elementor-element elementor-element-0ce869c elementor-widget elementor-widget-text-editor\" data-id=\"0ce869c\" data-element_type=\"widget\" data-widget_type=\"text-editor.default\">\n\t\t\t\t<div class=\"elementor-widget-container\">\n\t\t\t<style>\/*! elementor - v3.10.2 - 29-01-2023 *\/\n.elementor-widget-text-editor.elementor-drop-cap-view-stacked .elementor-drop-cap{background-color:#818a91;color:#fff}.elementor-widget-text-editor.elementor-drop-cap-view-framed .elementor-drop-cap{color:#818a91;border:3px solid;background-color:transparent}.elementor-widget-text-editor:not(.elementor-drop-cap-view-default) .elementor-drop-cap{margin-top:8px}.elementor-widget-text-editor:not(.elementor-drop-cap-view-default) .elementor-drop-cap-letter{width:1em;height:1em}.elementor-widget-text-editor .elementor-drop-cap{float:left;text-align:center;line-height:1;font-size:50px}.elementor-widget-text-editor .elementor-drop-cap-letter{display:inline-block}<\/style>\t\t\t\t<p><strong>Pachuca, Hgo., 20 de octubre 223.- <\/strong>En atenci\u00f3n a la solicitud de mediaci\u00f3n de estudiantes del Instituto de Artes (IA) de la Universidad Aut\u00f3noma del Estado de Hidalgo (UAEH)\u00a0aceptada por autoridades de esta casa de estudios, se llev\u00f3 a cabo la primera reuni\u00f3n presidida por el gobernador, Julio Menchaca Salazar, para buscar una soluci\u00f3n de fondo al conflicto que desde el 28 de agosto genera desavenencias dentro de la comunidad estudiantil.<\/p><p>De forma puntual y en representaci\u00f3n del alumnado del Instituto de Artes, acudieron cinco estudiantes quienes, con civilidad y respeto a las normas de la mediaci\u00f3n, expusieron de viva voz ante el titular del Ejecutivo estatal los argumentos de su actuar y las causas que han hecho crecer el conflicto.<\/p><p>Menchaca Salazar escuch\u00f3 a los j\u00f3venes, reiterando que al ser egresado de la UAEH siempre respetar\u00e1 su autonom\u00eda, pero del mismo modo atender\u00e1 a su obligaci\u00f3n de garantizar el derecho de petici\u00f3n reconocido en el art\u00edculo 8 de la Constituci\u00f3n Pol\u00edtica de los Estados Unidos Mexicanos, as\u00ed como el de cuidar el orden y la tranquilidad, enmarcado en el art\u00edculo 71 de la Constituci\u00f3n Pol\u00edtica del Estado de Hidalgo.<\/p><p>La reuni\u00f3n se llev\u00f3 a cabo sin presencia de las autoridades universitarias, dado que estas no acudieron a la cita. Por lo anterior, los asistentes, acordaron extender una nueva invitaci\u00f3n al di\u00e1logo en los subsecuentes cinco d\u00edas para concretar la mediaci\u00f3n.<\/p><p>Cabe destacar que, en aras de garantizar las condiciones de neutralidad y respeto a los derechos humanos, se cont\u00f3 con la presencia de Ana Karen Parra Bonilla, presidenta de la Comisi\u00f3n de Derechos Humanos del Estado de Hidalgo (CDHEH) y de un notario p\u00fablico, quienes dieron fe de los hechos y de lo manifestado en esta reuni\u00f3n.<\/p>\t\t\t\t\t\t<\/div>\n\t\t\t\t<\/div>\n\t\t\t\t\t<\/div>\n\t\t<\/div>\n\t\t\t\t\t\t\t<\/div>\n\t\t<\/section>\n\t\t\t\t\t\t\t<\/div>\n\t\t","protected":false},"excerpt":{"rendered":"<p>Pachuca, Hgo., 20 de octubre 223.- En atenci\u00f3n a la solicitud de mediaci\u00f3n de estudiantes del Instituto de Artes (IA) de la Universidad Aut\u00f3noma del Estado de Hidalgo (UAEH)\u00a0aceptada por autoridades de esta casa de estudios, se llev\u00f3 a cabo la primera reuni\u00f3n presidida por el gobernador, Julio Menchaca Salazar, para buscar una soluci\u00f3n de [&hellip;]<\/p>\n","protected":false},"author":1,"featured_media":23859,"comment_status":"closed","ping_status":"closed","sticky":false,"template":"","format":"standard","meta":[],"categories":[4],"tags":[],"_links":{"self":[{"href":"https:\/\/www.diarionoti7.com.mx\/index.php?rest_route=\/wp\/v2\/posts\/23857"}],"collection":[{"href":"https:\/\/www.diarionoti7.com.mx\/index.php?rest_route=\/wp\/v2\/posts"}],"about":[{"href":"https:\/\/www.diarionoti7.com.mx\/index.php?rest_route=\/wp\/v2\/types\/post"}],"author":[{"embeddable":true,"href":"https:\/\/www.diarionoti7.com.mx\/index.php?rest_route=\/wp\/v2\/users\/1"}],"replies":[{"embeddable":true,"href":"https:\/\/www.diarionoti7.com.mx\/index.php?rest_route=%2Fwp%2Fv2%2Fcomments&post=23857"}],"version-history":[{"count":4,"href":"https:\/\/www.diarionoti7.com.mx\/index.php?rest_route=\/wp\/v2\/posts\/23857\/revisions"}],"predecessor-version":[{"id":23862,"href":"https:\/\/www.diarionoti7.com.mx\/index.php?rest_route=\/wp\/v2\/posts\/23857\/revisions\/23862"}],"wp:featuredmedia":[{"embeddable":true,"href":"https:\/\/www.diarionoti7.com.mx\/index.php?rest_route=\/wp\/v2\/media\/23859"}],"wp:attachment":[{"href":"https:\/\/www.diarionoti7.com.mx\/index.php?rest_route=%2Fwp%2Fv2%2Fmedia&parent=23857"}],"wp:term":[{"taxonomy":"category","embeddable":true,"href":"https:\/\/www.diarionoti7.com.mx\/index.php?rest_route=%2Fwp%2Fv2%2Fcategories&post=23857"},{"taxonomy":"post_tag","embeddable":true,"href":"https:\/\/www.diarionoti7.com.mx\/index.php?rest_route=%2Fwp%2Fv2%2Ftags&post=23857"}],"curies":[{"name":"wp","href":"https:\/\/api.w.org\/{rel}","templated":true}]}}