{"id":23851,"date":"2023-10-21T19:41:37","date_gmt":"2023-10-21T19:41:37","guid":{"rendered":"https:\/\/www.diarionoti7.com.mx\/?p=23851"},"modified":"2023-10-21T19:42:47","modified_gmt":"2023-10-21T19:42:47","slug":"la-universidad-autonoma-del-estado-de-hidalgo-justifico-su-rechazo-a-la-mediacion-del-gobernador-julio-menchaca","status":"publish","type":"post","link":"https:\/\/www.diarionoti7.com.mx\/?p=23851","title":{"rendered":"La Universidad Aut\u00f3noma del Estado de Hidalgo Justifico Su Rechazo a la Mediaci\u00f3n del Gobernador Julio Menchaca."},"content":{"rendered":"\t\t<div data-elementor-type=\"wp-post\" data-elementor-id=\"23851\" class=\"elementor elementor-23851\">\n\t\t\t\t\t\t\t\t\t<section class=\"elementor-section elementor-top-section elementor-element elementor-element-c09b8f0 elementor-section-boxed elementor-section-height-default elementor-section-height-default\" data-id=\"c09b8f0\" data-element_type=\"section\">\n\t\t\t\t\t\t<div class=\"elementor-container elementor-column-gap-default\">\n\t\t\t\t\t<div class=\"elementor-column elementor-col-100 elementor-top-column elementor-element elementor-element-955a561\" data-id=\"955a561\" data-element_type=\"column\">\n\t\t\t<div class=\"elementor-widget-wrap elementor-element-populated\">\n\t\t\t\t\t\t\t\t<div class=\"elementor-element elementor-element-0ce869c elementor-widget elementor-widget-text-editor\" data-id=\"0ce869c\" data-element_type=\"widget\" data-widget_type=\"text-editor.default\">\n\t\t\t\t<div class=\"elementor-widget-container\">\n\t\t\t<style>\/*! elementor - v3.10.2 - 29-01-2023 *\/\n.elementor-widget-text-editor.elementor-drop-cap-view-stacked .elementor-drop-cap{background-color:#818a91;color:#fff}.elementor-widget-text-editor.elementor-drop-cap-view-framed .elementor-drop-cap{color:#818a91;border:3px solid;background-color:transparent}.elementor-widget-text-editor:not(.elementor-drop-cap-view-default) .elementor-drop-cap{margin-top:8px}.elementor-widget-text-editor:not(.elementor-drop-cap-view-default) .elementor-drop-cap-letter{width:1em;height:1em}.elementor-widget-text-editor .elementor-drop-cap{float:left;text-align:center;line-height:1;font-size:50px}.elementor-widget-text-editor .elementor-drop-cap-letter{display:inline-block}<\/style>\t\t\t\t<p><strong>Pachuca, Hgo. 20 de octubre 2023.- <\/strong>El rector\u00a0Octavio Castillo Acosta, rechaz\u00f3 participar la mesa de di\u00e1logo con estudiantes en paro, con la mediaci\u00f3n que acepto el gobernador\u00a0Julio Menchaca, la Universidad Aut\u00f3noma de Hidalgo a trav\u00e9s de un comunicado expuso\u00a0\u201csus razones\u201d\u00a0para negar su participaci\u00f3n.<\/p><p>En su comunicado la\u00a0UAEH argumenta que su ausencia se funda en la falta de un escenario adecuado que garantice la seguridad y el respeto:\u00a0\u201cDespu\u00e9s de los actos de injurias y violencia a los que fue sometido el rector de la UAEH, Dr. Octavio Castillo Acosta, el lunes 16 de octubre de 2023, no existen condiciones para la continuaci\u00f3n del di\u00e1logo\u201d.<\/p><p>La Universidad reconoci\u00f3 la voluntad del gobernador Julio Menchaca la para ser mediador en respuesta a las peticiones presentadas por alumnos del Instituto de Artes de la UAEH.\u00a0\u201cSe valora su constante muestra de buena fe y su leg\u00edtimo inter\u00e9s hacia la Universidad\u201d.<\/p><p>No obstante, la UAEH en su comunicado se\u00f1ala que el respeto a la autonom\u00eda es un deber que emana de la\u00a0Constituci\u00f3n Federal. El rector se debe a su comunidad bajo el principio de autogobierno, lo cual implica que los asuntos internos de la universidad se resuelven \u00fanicamente entre universitarios.<\/p><p>La UAEH reafirm\u00f3 su disposici\u00f3n a escuchar y trabajar en conjunto con el estudiantado de la comunidad universitaria para\u00a0lograr cambios significativos y duraderos, manteniendo un ambiente de respeto y di\u00e1logo constructivo en el futuro.<\/p><p>La violencia, en cualquier contexto,\u00a0es condenada por la instituci\u00f3n, y se espera que la situaci\u00f3n se resuelva de manera pac\u00edfica y respetuosa, de acuerdo con los principios de la autonom\u00eda universitaria y el bienestar de la comunidad estudiantil.<\/p>\t\t\t\t\t\t<\/div>\n\t\t\t\t<\/div>\n\t\t\t\t\t<\/div>\n\t\t<\/div>\n\t\t\t\t\t\t\t<\/div>\n\t\t<\/section>\n\t\t\t\t\t\t\t<\/div>\n\t\t","protected":false},"excerpt":{"rendered":"<p>Pachuca, Hgo. 20 de octubre 2023.- El rector\u00a0Octavio Castillo Acosta, rechaz\u00f3 participar la mesa de di\u00e1logo con estudiantes en paro, con la mediaci\u00f3n que acepto el gobernador\u00a0Julio Menchaca, la Universidad Aut\u00f3noma de Hidalgo a trav\u00e9s de un comunicado expuso\u00a0\u201csus razones\u201d\u00a0para negar su participaci\u00f3n. En su comunicado la\u00a0UAEH argumenta que su ausencia se funda en la [&hellip;]<\/p>\n","protected":false},"author":1,"featured_media":23853,"comment_status":"closed","ping_status":"closed","sticky":false,"template":"","format":"standard","meta":[],"categories":[4],"tags":[],"_links":{"self":[{"href":"https:\/\/www.diarionoti7.com.mx\/index.php?rest_route=\/wp\/v2\/posts\/23851"}],"collection":[{"href":"https:\/\/www.diarionoti7.com.mx\/index.php?rest_route=\/wp\/v2\/posts"}],"about":[{"href":"https:\/\/www.diarionoti7.com.mx\/index.php?rest_route=\/wp\/v2\/types\/post"}],"author":[{"embeddable":true,"href":"https:\/\/www.diarionoti7.com.mx\/index.php?rest_route=\/wp\/v2\/users\/1"}],"replies":[{"embeddable":true,"href":"https:\/\/www.diarionoti7.com.mx\/index.php?rest_route=%2Fwp%2Fv2%2Fcomments&post=23851"}],"version-history":[{"count":4,"href":"https:\/\/www.diarionoti7.com.mx\/index.php?rest_route=\/wp\/v2\/posts\/23851\/revisions"}],"predecessor-version":[{"id":23856,"href":"https:\/\/www.diarionoti7.com.mx\/index.php?rest_route=\/wp\/v2\/posts\/23851\/revisions\/23856"}],"wp:featuredmedia":[{"embeddable":true,"href":"https:\/\/www.diarionoti7.com.mx\/index.php?rest_route=\/wp\/v2\/media\/23853"}],"wp:attachment":[{"href":"https:\/\/www.diarionoti7.com.mx\/index.php?rest_route=%2Fwp%2Fv2%2Fmedia&parent=23851"}],"wp:term":[{"taxonomy":"category","embeddable":true,"href":"https:\/\/www.diarionoti7.com.mx\/index.php?rest_route=%2Fwp%2Fv2%2Fcategories&post=23851"},{"taxonomy":"post_tag","embeddable":true,"href":"https:\/\/www.diarionoti7.com.mx\/index.php?rest_route=%2Fwp%2Fv2%2Ftags&post=23851"}],"curies":[{"name":"wp","href":"https:\/\/api.w.org\/{rel}","templated":true}]}}