{"id":2281,"date":"2023-02-22T18:42:34","date_gmt":"2023-02-22T18:42:34","guid":{"rendered":"https:\/\/www.diarionoti7.com.mx\/?p=2281"},"modified":"2023-02-22T18:43:36","modified_gmt":"2023-02-22T18:43:36","slug":"reclutamiento-2023-para-guardias-del-servicio-de-proteccion-federal-en-el-centro-cultural-ricardo-garibay","status":"publish","type":"post","link":"https:\/\/www.diarionoti7.com.mx\/?p=2281","title":{"rendered":"Reclutamiento 2023 Para Guardias Del Servicio de Protecci\u00f3n Federal en el Centro Cultural Ricardo Garibay"},"content":{"rendered":"\t\t<div data-elementor-type=\"wp-post\" data-elementor-id=\"2281\" class=\"elementor elementor-2281\">\n\t\t\t\t\t\t\t\t\t<section class=\"elementor-section elementor-top-section elementor-element elementor-element-51c23a4c elementor-section-boxed elementor-section-height-default elementor-section-height-default\" data-id=\"51c23a4c\" data-element_type=\"section\">\n\t\t\t\t\t\t<div class=\"elementor-container elementor-column-gap-default\">\n\t\t\t\t\t<div class=\"elementor-column elementor-col-100 elementor-top-column elementor-element elementor-element-7d2e0b6e\" data-id=\"7d2e0b6e\" data-element_type=\"column\">\n\t\t\t<div class=\"elementor-widget-wrap elementor-element-populated\">\n\t\t\t\t\t\t\t\t<div class=\"elementor-element elementor-element-2f2290cd elementor-widget elementor-widget-text-editor\" data-id=\"2f2290cd\" data-element_type=\"widget\" data-widget_type=\"text-editor.default\">\n\t\t\t\t<div class=\"elementor-widget-container\">\n\t\t\t<style>\/*! elementor - v3.10.2 - 29-01-2023 *\/\n.elementor-widget-text-editor.elementor-drop-cap-view-stacked .elementor-drop-cap{background-color:#818a91;color:#fff}.elementor-widget-text-editor.elementor-drop-cap-view-framed .elementor-drop-cap{color:#818a91;border:3px solid;background-color:transparent}.elementor-widget-text-editor:not(.elementor-drop-cap-view-default) .elementor-drop-cap{margin-top:8px}.elementor-widget-text-editor:not(.elementor-drop-cap-view-default) .elementor-drop-cap-letter{width:1em;height:1em}.elementor-widget-text-editor .elementor-drop-cap{float:left;text-align:center;line-height:1;font-size:50px}.elementor-widget-text-editor .elementor-drop-cap-letter{display:inline-block}<\/style>\t\t\t\t<p><strong>Tulancingo de Bravo, Hgo., 21 de febrero de 2023.-<\/strong>Este jueves a partir de las 9:00 horas, en la explanada del centro cultural Ricardo Garibay ser\u00e1 efectuada una macro jornada de reclutamiento para guardias del servicio de protecci\u00f3n federal<\/p><p>Se ofertar\u00e1n 500 plazas y la convocatoria est\u00e1 dirigida a hombres y mujeres de la regi\u00f3n de 18 a 65 a\u00f1os con escolaridad b\u00e1sica con estatura m\u00ednima de 1.60 para varones y 1.50 para mujeres.<\/p><p>Los interesados en participar en ese proceso no deber\u00e1n tener tatuajes visibles y no estar suspendidos para ejercer un cargo p\u00fablico, adem\u00e1s de tener disponibilidad para cambio de residencia y contar con buen estado de salud.<\/p><p>La documentaci\u00f3n requerida es: Acta de nacimiento, as\u00ed como comprobantes de estudios y domicilio e igualmente, identificaci\u00f3n oficial con fotograf\u00eda expedida por el INE, CURP, RFC, Curriculum Vitae con fotograf\u00eda, as\u00ed como seis referencias (dos personales, dos vecinales y 2 de trabajo)<\/p><p>Asimismo, una fotograf\u00eda tama\u00f1o infantil y en el caso de los hombres cartilla del servicio militar nacional liberada.<\/p><p>Las plazas de Guardia de Protecci\u00f3n Federal tienen como prop\u00f3sito salvaguardar los bancos de bienestar del gobierno federal.<\/p><p>El sueldo mensual neto es de 11 mil 160 pesos, as\u00ed como seguro de protecci\u00f3n m\u00e9dica por riesgo, seguro de vida, ISSSTE, FOVISSSTE, Prima Vacacional, vales de despensa, licencias tanto de paternidad y maternidad, certificaciones de seguridad y vi\u00e1ticos en caso de movilidad.<\/p><p>Estas 500 plazas corresponden al proceso de reclutamiento 2023, que convoca la Secretar\u00eda de Seguridad y Protecci\u00f3n Ciudadana, del orden federal y la ocupaci\u00f3n de las mismas depender\u00e1 de que el recurso humano cumpla los lineamientos y perfil requerido.<\/p><p>La secretar\u00eda de Fomento Econ\u00f3mico y Bolsa de Trabajo de Tulancingo, apoyan para la realizaci\u00f3n de esta macro jornada pero tambi\u00e9n, se ofertar\u00e1n otras vacantes de empleo de empresas locales; concretamente para industria de pl\u00e1stico, textil y de alimentos.<\/p>\t\t\t\t\t\t<\/div>\n\t\t\t\t<\/div>\n\t\t\t\t\t<\/div>\n\t\t<\/div>\n\t\t\t\t\t\t\t<\/div>\n\t\t<\/section>\n\t\t\t\t\t\t\t<\/div>\n\t\t","protected":false},"excerpt":{"rendered":"<p>Tulancingo de Bravo, Hgo., 21 de febrero de 2023.-Este jueves a partir de las 9:00 horas, en la explanada del centro cultural Ricardo Garibay ser\u00e1 efectuada una macro jornada de reclutamiento para guardias del servicio de protecci\u00f3n federal Se ofertar\u00e1n 500 plazas y la convocatoria est\u00e1 dirigida a hombres y mujeres de la regi\u00f3n de [&hellip;]<\/p>\n","protected":false},"author":1,"featured_media":2283,"comment_status":"closed","ping_status":"closed","sticky":false,"template":"","format":"standard","meta":[],"categories":[9],"tags":[],"_links":{"self":[{"href":"https:\/\/www.diarionoti7.com.mx\/index.php?rest_route=\/wp\/v2\/posts\/2281"}],"collection":[{"href":"https:\/\/www.diarionoti7.com.mx\/index.php?rest_route=\/wp\/v2\/posts"}],"about":[{"href":"https:\/\/www.diarionoti7.com.mx\/index.php?rest_route=\/wp\/v2\/types\/post"}],"author":[{"embeddable":true,"href":"https:\/\/www.diarionoti7.com.mx\/index.php?rest_route=\/wp\/v2\/users\/1"}],"replies":[{"embeddable":true,"href":"https:\/\/www.diarionoti7.com.mx\/index.php?rest_route=%2Fwp%2Fv2%2Fcomments&post=2281"}],"version-history":[{"count":4,"href":"https:\/\/www.diarionoti7.com.mx\/index.php?rest_route=\/wp\/v2\/posts\/2281\/revisions"}],"predecessor-version":[{"id":2286,"href":"https:\/\/www.diarionoti7.com.mx\/index.php?rest_route=\/wp\/v2\/posts\/2281\/revisions\/2286"}],"wp:featuredmedia":[{"embeddable":true,"href":"https:\/\/www.diarionoti7.com.mx\/index.php?rest_route=\/wp\/v2\/media\/2283"}],"wp:attachment":[{"href":"https:\/\/www.diarionoti7.com.mx\/index.php?rest_route=%2Fwp%2Fv2%2Fmedia&parent=2281"}],"wp:term":[{"taxonomy":"category","embeddable":true,"href":"https:\/\/www.diarionoti7.com.mx\/index.php?rest_route=%2Fwp%2Fv2%2Fcategories&post=2281"},{"taxonomy":"post_tag","embeddable":true,"href":"https:\/\/www.diarionoti7.com.mx\/index.php?rest_route=%2Fwp%2Fv2%2Ftags&post=2281"}],"curies":[{"name":"wp","href":"https:\/\/api.w.org\/{rel}","templated":true}]}}