{"id":2275,"date":"2023-02-22T18:39:42","date_gmt":"2023-02-22T18:39:42","guid":{"rendered":"https:\/\/www.diarionoti7.com.mx\/?p=2275"},"modified":"2023-02-22T18:40:53","modified_gmt":"2023-02-22T18:40:53","slug":"secretaria-ejecutiva-de-sipinna-realiza-diagnostico-sobre-condicion-de-desarrollo-en-ninez-y-adolescentes","status":"publish","type":"post","link":"https:\/\/www.diarionoti7.com.mx\/?p=2275","title":{"rendered":"Secretar\u00eda Ejecutiva de Sipinna Realiza Diagn\u00f3stico Sobre Condici\u00f3n de Desarrollo en Ni\u00f1ez y Adolescentes"},"content":{"rendered":"\t\t<div data-elementor-type=\"wp-post\" data-elementor-id=\"2275\" class=\"elementor elementor-2275\">\n\t\t\t\t\t\t\t\t\t<section class=\"elementor-section elementor-top-section elementor-element elementor-element-51c23a4c elementor-section-boxed elementor-section-height-default elementor-section-height-default\" data-id=\"51c23a4c\" data-element_type=\"section\">\n\t\t\t\t\t\t<div class=\"elementor-container elementor-column-gap-default\">\n\t\t\t\t\t<div class=\"elementor-column elementor-col-100 elementor-top-column elementor-element elementor-element-7d2e0b6e\" data-id=\"7d2e0b6e\" data-element_type=\"column\">\n\t\t\t<div class=\"elementor-widget-wrap elementor-element-populated\">\n\t\t\t\t\t\t\t\t<div class=\"elementor-element elementor-element-2f2290cd elementor-widget elementor-widget-text-editor\" data-id=\"2f2290cd\" data-element_type=\"widget\" data-widget_type=\"text-editor.default\">\n\t\t\t\t<div class=\"elementor-widget-container\">\n\t\t\t<style>\/*! elementor - v3.10.2 - 29-01-2023 *\/\n.elementor-widget-text-editor.elementor-drop-cap-view-stacked .elementor-drop-cap{background-color:#818a91;color:#fff}.elementor-widget-text-editor.elementor-drop-cap-view-framed .elementor-drop-cap{color:#818a91;border:3px solid;background-color:transparent}.elementor-widget-text-editor:not(.elementor-drop-cap-view-default) .elementor-drop-cap{margin-top:8px}.elementor-widget-text-editor:not(.elementor-drop-cap-view-default) .elementor-drop-cap-letter{width:1em;height:1em}.elementor-widget-text-editor .elementor-drop-cap{float:left;text-align:center;line-height:1;font-size:50px}.elementor-widget-text-editor .elementor-drop-cap-letter{display:inline-block}<\/style>\t\t\t\t<p><strong>\u00a0<\/strong><\/p><p><strong>Tulancingo de Bravo, Hgo., 21 de febrero de 2023.-<\/strong>Para concluir la \u00faltima etapa del diagn\u00f3stico sobre la condici\u00f3n de desarrollo actual de ni\u00f1os y j\u00f3venes de Tulancingo, la secretar\u00eda ejecutiva del SIPINNA, est\u00e1 por iniciar una encuesta a padres de familia y cuidadores de menores.<\/p><p>Se inform\u00f3 que este ejercicio tendr\u00e1 como antecedente una etapa informativa por redes sociales, invitando a quienes son padres o fungen como cuidadores, a participar.<\/p><p>Cabe mencionar que, en 2022, la encuesta se desarroll\u00f3 con ni\u00f1as, ni\u00f1os y adolescentes, permitiendo con ello la conformaci\u00f3n de la primera parte del diagn\u00f3stico.<\/p><p>Ahora, ser\u00e1 el turno de padres de familia y tutores, quienes dar\u00e1n a conocer sus opiniones respecto a los estilos de crianza, as\u00ed como de las necesidades que imperan en la poblaci\u00f3n de cero a 17 a\u00f1os<\/p><p>Principalmente en los cuatro ejes de desarrollo (no discriminaci\u00f3n, inter\u00e9s superior de la ni\u00f1ez; derecho a la vida, supervivencia y desarrollo e igualmente al principio de participaci\u00f3n y ser escuchado).<\/p><p>La mec\u00e1nica de encuesta tambi\u00e9n incluir\u00e1 un segmento presencial y esta modalidad abarcar\u00e1 a las comunidades m\u00e1s alejadas.<\/p><p>La encuesta a aplicar a padres y cuidadores consta de 48 preguntas que permitir\u00e1n tener un panorama, y as\u00ed, estructurar una estrategia de respuesta con\u00a0 pol\u00edticas p\u00fablicas que solventen faltantes en trabajos pendientes o no realizados en pro de la ni\u00f1ez y juventud<\/p><p>En los ni\u00f1os y j\u00f3venes, existe un gran d\u00e9ficit y mucho trabajo por realizar para hacer efectivos sus derechos, estipulados en la ley general de derechos de ni\u00f1as, ni\u00f1os y adolescentes.<\/p><p>El total de diagn\u00f3stico prev\u00e9 tenerse listo en 15 marzo, y de esta manera hacer su presentaci\u00f3n durante una sesi\u00f3n del Sistema para la Protecci\u00f3n Integral de Ni\u00f1as, Ni\u00f1os y Adolescentes SIPINNA.<\/p><p>Se destac\u00f3 que para trabajar con una visi\u00f3n integral y profesional, es de gran importancia la participaci\u00f3n de la sociedad civil y de la Asociaci\u00f3n\u00a0 Civil World Visi\u00f3n M\u00e9xico, con quien se tiene convenio institucional, convirti\u00e9ndose en una gran aliada para lograr avanzar hacia una cultura igualitaria.<\/p><p>Los pr\u00f3ximos planteles donde habr\u00e1 trabajo de la Secretar\u00eda Ejecutiva de SIPINNA son: el Centro de atenci\u00f3n m\u00faltiple No. 5 de Medias Tierras, as\u00ed como en la primaria Nissan de Santa Ana Hueytlalpan, con pl\u00e1ticas sobre diversos temas.<\/p><p>Para mayor informaci\u00f3n sobre los programas de SIPINNA, la oficina de atenci\u00f3n de la secretar\u00eda ejecutiva se encuentra ubicada en calle Mina, a un costado de la oficina de tel\u00e9grafos.<\/p>\t\t\t\t\t\t<\/div>\n\t\t\t\t<\/div>\n\t\t\t\t\t<\/div>\n\t\t<\/div>\n\t\t\t\t\t\t\t<\/div>\n\t\t<\/section>\n\t\t\t\t\t\t\t<\/div>\n\t\t","protected":false},"excerpt":{"rendered":"<p>\u00a0 Tulancingo de Bravo, Hgo., 21 de febrero de 2023.-Para concluir la \u00faltima etapa del diagn\u00f3stico sobre la condici\u00f3n de desarrollo actual de ni\u00f1os y j\u00f3venes de Tulancingo, la secretar\u00eda ejecutiva del SIPINNA, est\u00e1 por iniciar una encuesta a padres de familia y cuidadores de menores. Se inform\u00f3 que este ejercicio tendr\u00e1 como antecedente una [&hellip;]<\/p>\n","protected":false},"author":1,"featured_media":2277,"comment_status":"closed","ping_status":"closed","sticky":false,"template":"","format":"standard","meta":[],"categories":[9],"tags":[],"_links":{"self":[{"href":"https:\/\/www.diarionoti7.com.mx\/index.php?rest_route=\/wp\/v2\/posts\/2275"}],"collection":[{"href":"https:\/\/www.diarionoti7.com.mx\/index.php?rest_route=\/wp\/v2\/posts"}],"about":[{"href":"https:\/\/www.diarionoti7.com.mx\/index.php?rest_route=\/wp\/v2\/types\/post"}],"author":[{"embeddable":true,"href":"https:\/\/www.diarionoti7.com.mx\/index.php?rest_route=\/wp\/v2\/users\/1"}],"replies":[{"embeddable":true,"href":"https:\/\/www.diarionoti7.com.mx\/index.php?rest_route=%2Fwp%2Fv2%2Fcomments&post=2275"}],"version-history":[{"count":4,"href":"https:\/\/www.diarionoti7.com.mx\/index.php?rest_route=\/wp\/v2\/posts\/2275\/revisions"}],"predecessor-version":[{"id":2280,"href":"https:\/\/www.diarionoti7.com.mx\/index.php?rest_route=\/wp\/v2\/posts\/2275\/revisions\/2280"}],"wp:featuredmedia":[{"embeddable":true,"href":"https:\/\/www.diarionoti7.com.mx\/index.php?rest_route=\/wp\/v2\/media\/2277"}],"wp:attachment":[{"href":"https:\/\/www.diarionoti7.com.mx\/index.php?rest_route=%2Fwp%2Fv2%2Fmedia&parent=2275"}],"wp:term":[{"taxonomy":"category","embeddable":true,"href":"https:\/\/www.diarionoti7.com.mx\/index.php?rest_route=%2Fwp%2Fv2%2Fcategories&post=2275"},{"taxonomy":"post_tag","embeddable":true,"href":"https:\/\/www.diarionoti7.com.mx\/index.php?rest_route=%2Fwp%2Fv2%2Ftags&post=2275"}],"curies":[{"name":"wp","href":"https:\/\/api.w.org\/{rel}","templated":true}]}}