{"id":2269,"date":"2023-02-22T18:36:35","date_gmt":"2023-02-22T18:36:35","guid":{"rendered":"https:\/\/www.diarionoti7.com.mx\/?p=2269"},"modified":"2023-02-22T18:38:04","modified_gmt":"2023-02-22T18:38:04","slug":"sentencian-de-31-anos-de-prision-a-feminicida-en-atitalaquia","status":"publish","type":"post","link":"https:\/\/www.diarionoti7.com.mx\/?p=2269","title":{"rendered":"Sentencian de 31 A\u00f1os de Prisi\u00f3n a Feminicida en Atitalaquia"},"content":{"rendered":"\t\t<div data-elementor-type=\"wp-post\" data-elementor-id=\"2269\" class=\"elementor elementor-2269\">\n\t\t\t\t\t\t\t\t\t<section class=\"elementor-section elementor-top-section elementor-element elementor-element-51c23a4c elementor-section-boxed elementor-section-height-default elementor-section-height-default\" data-id=\"51c23a4c\" data-element_type=\"section\">\n\t\t\t\t\t\t<div class=\"elementor-container elementor-column-gap-default\">\n\t\t\t\t\t<div class=\"elementor-column elementor-col-100 elementor-top-column elementor-element elementor-element-7d2e0b6e\" data-id=\"7d2e0b6e\" data-element_type=\"column\">\n\t\t\t<div class=\"elementor-widget-wrap elementor-element-populated\">\n\t\t\t\t\t\t\t\t<div class=\"elementor-element elementor-element-2f2290cd elementor-widget elementor-widget-text-editor\" data-id=\"2f2290cd\" data-element_type=\"widget\" data-widget_type=\"text-editor.default\">\n\t\t\t\t<div class=\"elementor-widget-container\">\n\t\t\t<style>\/*! elementor - v3.10.2 - 29-01-2023 *\/\n.elementor-widget-text-editor.elementor-drop-cap-view-stacked .elementor-drop-cap{background-color:#818a91;color:#fff}.elementor-widget-text-editor.elementor-drop-cap-view-framed .elementor-drop-cap{color:#818a91;border:3px solid;background-color:transparent}.elementor-widget-text-editor:not(.elementor-drop-cap-view-default) .elementor-drop-cap{margin-top:8px}.elementor-widget-text-editor:not(.elementor-drop-cap-view-default) .elementor-drop-cap-letter{width:1em;height:1em}.elementor-widget-text-editor .elementor-drop-cap{float:left;text-align:center;line-height:1;font-size:50px}.elementor-widget-text-editor .elementor-drop-cap-letter{display:inline-block}<\/style>\t\t\t\t<p><strong>\u00a0\u00a0 Pachuca, Hgo. 21 de\u00a0 febrero de 2023.-<\/strong>Investigaciones contundentes de personal ministerial adscrito a la Fiscal\u00eda de Delitos de G\u00e9nero y Trata de Personas, acredit\u00f3 ante un juez de control la plena responsabilidad de una persona en el delito de feminicidio.<\/p><p>De acuerdo con los hechos, el 09 de agosto de 2020 se report\u00f3 el hallazgo del cuerpo sin vida de una persona de sexo femenino, en un predio del municipio de Atitalaquia, por lo que la Procuradur\u00eda General de Justicia del Estado de Hidalgo (PGJEH) inici\u00f3 las indagatorias bajo el protocolo de feminicidio.<\/p><p>Los datos de prueba obtenidos durante la investigaci\u00f3n inicial sirvieron para establecer la probable responsabilidad de Miguel \u00c1ngel \u201cN\u201d, en los sucesos antes descritos en agravio de la v\u00edctima adolescente.<\/p><p>Ante lo ocurrido esta representaci\u00f3n social solicit\u00f3 una orden de aprehensi\u00f3n contra el imputado y una vez cumplimentada por agentes de la Divisi\u00f3n de Investigaci\u00f3n, en audiencia inicial, la Fiscal\u00eda formul\u00f3 imputaci\u00f3n y obtuvo de la autoridad judicial el auto de vinculaci\u00f3n a proceso.<\/p><p>Sin embargo, Miguel \u00c1ngel \u201cN\u201d expres\u00f3 su renuncia al derecho a ser juzgado a trav\u00e9s de un juicio oral y solicit\u00f3 ser procesado a trav\u00e9s de un procedimiento abreviado, raz\u00f3n por la que un juez de control le dict\u00f3 sentencia condenatoria de 31 a\u00f1os y tres meses de prisi\u00f3n.<\/p>\t\t\t\t\t\t<\/div>\n\t\t\t\t<\/div>\n\t\t\t\t\t<\/div>\n\t\t<\/div>\n\t\t\t\t\t\t\t<\/div>\n\t\t<\/section>\n\t\t\t\t\t\t\t<\/div>\n\t\t","protected":false},"excerpt":{"rendered":"<p>\u00a0\u00a0 Pachuca, Hgo. 21 de\u00a0 febrero de 2023.-Investigaciones contundentes de personal ministerial adscrito a la Fiscal\u00eda de Delitos de G\u00e9nero y Trata de Personas, acredit\u00f3 ante un juez de control la plena responsabilidad de una persona en el delito de feminicidio. De acuerdo con los hechos, el 09 de agosto de 2020 se report\u00f3 el [&hellip;]<\/p>\n","protected":false},"author":1,"featured_media":2271,"comment_status":"closed","ping_status":"closed","sticky":false,"template":"","format":"standard","meta":[],"categories":[22],"tags":[],"_links":{"self":[{"href":"https:\/\/www.diarionoti7.com.mx\/index.php?rest_route=\/wp\/v2\/posts\/2269"}],"collection":[{"href":"https:\/\/www.diarionoti7.com.mx\/index.php?rest_route=\/wp\/v2\/posts"}],"about":[{"href":"https:\/\/www.diarionoti7.com.mx\/index.php?rest_route=\/wp\/v2\/types\/post"}],"author":[{"embeddable":true,"href":"https:\/\/www.diarionoti7.com.mx\/index.php?rest_route=\/wp\/v2\/users\/1"}],"replies":[{"embeddable":true,"href":"https:\/\/www.diarionoti7.com.mx\/index.php?rest_route=%2Fwp%2Fv2%2Fcomments&post=2269"}],"version-history":[{"count":4,"href":"https:\/\/www.diarionoti7.com.mx\/index.php?rest_route=\/wp\/v2\/posts\/2269\/revisions"}],"predecessor-version":[{"id":2274,"href":"https:\/\/www.diarionoti7.com.mx\/index.php?rest_route=\/wp\/v2\/posts\/2269\/revisions\/2274"}],"wp:featuredmedia":[{"embeddable":true,"href":"https:\/\/www.diarionoti7.com.mx\/index.php?rest_route=\/wp\/v2\/media\/2271"}],"wp:attachment":[{"href":"https:\/\/www.diarionoti7.com.mx\/index.php?rest_route=%2Fwp%2Fv2%2Fmedia&parent=2269"}],"wp:term":[{"taxonomy":"category","embeddable":true,"href":"https:\/\/www.diarionoti7.com.mx\/index.php?rest_route=%2Fwp%2Fv2%2Fcategories&post=2269"},{"taxonomy":"post_tag","embeddable":true,"href":"https:\/\/www.diarionoti7.com.mx\/index.php?rest_route=%2Fwp%2Fv2%2Ftags&post=2269"}],"curies":[{"name":"wp","href":"https:\/\/api.w.org\/{rel}","templated":true}]}}