{"id":2258,"date":"2023-02-21T17:29:36","date_gmt":"2023-02-21T17:29:36","guid":{"rendered":"https:\/\/www.diarionoti7.com.mx\/?p=2258"},"modified":"2023-02-21T17:31:17","modified_gmt":"2023-02-21T17:31:17","slug":"apuesta-hidalgo-por-un-modelo-educativo-de-excelencia","status":"publish","type":"post","link":"https:\/\/www.diarionoti7.com.mx\/?p=2258","title":{"rendered":"Apuesta Hidalgo por Un Modelo Educativo De Excelencia"},"content":{"rendered":"\t\t<div data-elementor-type=\"wp-post\" data-elementor-id=\"2258\" class=\"elementor elementor-2258\">\n\t\t\t\t\t\t\t\t\t<section class=\"elementor-section elementor-top-section elementor-element elementor-element-51c23a4c elementor-section-boxed elementor-section-height-default elementor-section-height-default\" data-id=\"51c23a4c\" data-element_type=\"section\">\n\t\t\t\t\t\t<div class=\"elementor-container elementor-column-gap-default\">\n\t\t\t\t\t<div class=\"elementor-column elementor-col-100 elementor-top-column elementor-element elementor-element-7d2e0b6e\" data-id=\"7d2e0b6e\" data-element_type=\"column\">\n\t\t\t<div class=\"elementor-widget-wrap elementor-element-populated\">\n\t\t\t\t\t\t\t\t<div class=\"elementor-element elementor-element-2f2290cd elementor-widget elementor-widget-text-editor\" data-id=\"2f2290cd\" data-element_type=\"widget\" data-widget_type=\"text-editor.default\">\n\t\t\t\t<div class=\"elementor-widget-container\">\n\t\t\t<style>\/*! elementor - v3.10.2 - 29-01-2023 *\/\n.elementor-widget-text-editor.elementor-drop-cap-view-stacked .elementor-drop-cap{background-color:#818a91;color:#fff}.elementor-widget-text-editor.elementor-drop-cap-view-framed .elementor-drop-cap{color:#818a91;border:3px solid;background-color:transparent}.elementor-widget-text-editor:not(.elementor-drop-cap-view-default) .elementor-drop-cap{margin-top:8px}.elementor-widget-text-editor:not(.elementor-drop-cap-view-default) .elementor-drop-cap-letter{width:1em;height:1em}.elementor-widget-text-editor .elementor-drop-cap{float:left;text-align:center;line-height:1;font-size:50px}.elementor-widget-text-editor .elementor-drop-cap-letter{display:inline-block}<\/style>\t\t\t\t<p><strong>-Inaugura Julio Menchaca Salazar, el foro &#8216;Los Retos del Desarrollo Social para el Bienestar de Hidalgo&#8217;<\/strong><\/p><p><strong>-\u201cAunque es un proceso largo, es posible superar las desventajas y el rezago\u201d, sostuvo el gobernador de Hidalgo.<\/strong><\/p><p><strong>Pachuca, Hgo., 20 de febrero de 2023.- <\/strong>\u201cEn Hidalgo tomamos en nuestras manos la transformaci\u00f3n aprendiendo de las mejores pr\u00e1cticas\u201d, asegur\u00f3 el mandatario estatal, Julio Menchaca Salazar, al inaugurar el Foro &#8216;Los Retos del Desarrollo Social para el Bienestar de Hidalgo&#8217;, que se llev\u00f3 a cabo en la sede del Congreso local, ejercicio en el que particip\u00f3 la embajadora de Finlandia en M\u00e9xico, P\u00e4ivi Pohjanheimo.<\/p><p>Tambi\u00e9n reconoci\u00f3 que este ejercicio permitir\u00e1 hacer frente a la crisis originada por la emergencia sanitaria de Covid-19: \u201cEste acto de escucha permite ir construyendo el estado que anhelamos y que hemos plasmado en el Plan Estatal de Desarrollo para superar una serie de desventajas y rezagos que en el transcurso del tiempo hemos tenido como entidad\u201d.<\/p><p>&#8220;Est\u00e1 en nuestras manos modificar ese esquema, en nuestro trabajo, en nuestros valores y en nuestra trascendencia desde todos los puestos de responsabilidad y desde la sociedad civil&#8221;, afirm\u00f3 Julio Menchaca.<\/p><p>Insisti\u00f3 en que, aunque es un proceso largo, es posible superar las desventajas y el rezago, tomando como base de acci\u00f3n los temas m\u00e1s sensibles de la poblaci\u00f3n como el desarrollo social, la educaci\u00f3n y la salud.<\/p><p>&#8220;Estoy absolutamente convencido de que los resultados que tiene este foro y todos los dem\u00e1s, no se conviertan solamente en un evento m\u00e1s, sino que se pueda estar aplicando esa s\u00edntesis en beneficio de las y los hidalguenses, estamos construyendo el Hidalgo que queremos y el Hidalgo que nos merecemos&#8221;, puntualiz\u00f3.<\/p><p>Por su parte, el diputado Jos\u00e9 Antonio Hern\u00e1ndez Vera, presidente de la Comisi\u00f3n de Desarrollo Social y Humano, explic\u00f3 que estos foros abren los espacios de di\u00e1logo y discusi\u00f3n sobre el desarrollo humano de las y los hidalguenses, tomando como ejemplo casos de \u00e9xito como el de Finlandia frente a la pandemia por Covid-19.<\/p><p>\u201cNo debemos perder de vista que los trabajos entre los poderes deben ser un parteaguas para terminar con las carencias de servicios b\u00e1sicos y oportunidades de vida para hacer frente a la pobreza y desigualdad; como dice nuestro gobernador: Primero el pueblo\u201d.<\/p><p>A\u00f1adi\u00f3 que el 6.6 por ciento de la poblaci\u00f3n hidalguense es analfabeta, mientras que el 30 por ciento no cuentan con alg\u00fan servicio de salud, por lo que para garantizar estos derechos se tendr\u00e1 que atender las necesidades de cada una de las regiones que componen a la entidad.<\/p><p>Julio Manuel Valera Piedra, presidente de la Junta de Gobierno del Congreso del Hidalgo, se\u00f1al\u00f3 que la educaci\u00f3n es un eje fundamental y el arma m\u00e1s poderosa para transformar el mundo, pero sobre todo para impulsar el desarrollo de cada persona y una naci\u00f3n, de ah\u00ed que el compromiso sea de trabajar juntos, mejorar la agenda p\u00fablica y transformar al estado.\u00a0<\/p><p>Durante el encuentro, la embajadora de Finlandia dict\u00f3 la ponencia &#8220;En defensa del Bienestar con valores y resiliencia&#8221;, sobre c\u00f3mo su pa\u00eds se posicion\u00f3 en el primer lugar de bienestar a nivel global y modelo en educaci\u00f3n, luego de los estragos sufridos posteriores a la Segunda Guerra Mundial, as\u00ed como la pandemia por Covid-19.<\/p><p>De igual forma, los titulares de las Secretar\u00edas de Educaci\u00f3n P\u00fablica, Natividad Castrej\u00f3n Valdez y de Desarrollo Social, Simey Olvera, participaron con la ponencia &#8220;Los retos para el desarrollo social en Hidalgo&#8221; en presencia de diputados locales, presidentes municipales, regidores, acad\u00e9micos y estudiantes.<\/p><p>Cabe resaltar que una de las caracter\u00edsticas distintivas del sistema educativo finland\u00e9s es la gratuidad desde el nivel b\u00e1sico hasta el nivel superior, el cual tiene como premisa la importancia de la igualdad de oportunidades para todos sus habitantes.<\/p><p>El pa\u00eds n\u00f3rdico se coloc\u00f3 por quinto a\u00f1o consecutivo, en el primer lugar mundial de los pa\u00edses con mayor bienestar, debido a su alta calidad de vida, adem\u00e1s de obtener excelentes resultados en la prueba PISA que eval\u00faa las capacidades de los escolares en matem\u00e1ticas, ciencias y lectura.<\/p><p>Al finalizar el acto protocolario, el gobernador puntualiz\u00f3 que de acuerdo al Plan Estatal de Desarrollo se atender\u00e1 el rezago econ\u00f3mico y en los servicios educativos y de salud que la pandemia origin\u00f3, explicando que de acuerdo a cifras de la Comisi\u00f3n Econ\u00f3mica para Am\u00e9rica Latina y el Caribe (Cepal), en esta regi\u00f3n del mundo se estima un retroceso de 12 a\u00f1os en pobreza y 20 a\u00f1os en pobreza extrema, siendo los grupos vulnerados los que presentan mayor \u00edndice de da\u00f1o.<\/p>\t\t\t\t\t\t<\/div>\n\t\t\t\t<\/div>\n\t\t\t\t\t<\/div>\n\t\t<\/div>\n\t\t\t\t\t\t\t<\/div>\n\t\t<\/section>\n\t\t\t\t\t\t\t<\/div>\n\t\t","protected":false},"excerpt":{"rendered":"<p>-Inaugura Julio Menchaca Salazar, el foro &#8216;Los Retos del Desarrollo Social para el Bienestar de Hidalgo&#8217; -\u201cAunque es un proceso largo, es posible superar las desventajas y el rezago\u201d, sostuvo el gobernador de Hidalgo. Pachuca, Hgo., 20 de febrero de 2023.- \u201cEn Hidalgo tomamos en nuestras manos la transformaci\u00f3n aprendiendo de las mejores pr\u00e1cticas\u201d, asegur\u00f3 [&hellip;]<\/p>\n","protected":false},"author":1,"featured_media":2260,"comment_status":"closed","ping_status":"closed","sticky":false,"template":"","format":"standard","meta":[],"categories":[7],"tags":[],"_links":{"self":[{"href":"https:\/\/www.diarionoti7.com.mx\/index.php?rest_route=\/wp\/v2\/posts\/2258"}],"collection":[{"href":"https:\/\/www.diarionoti7.com.mx\/index.php?rest_route=\/wp\/v2\/posts"}],"about":[{"href":"https:\/\/www.diarionoti7.com.mx\/index.php?rest_route=\/wp\/v2\/types\/post"}],"author":[{"embeddable":true,"href":"https:\/\/www.diarionoti7.com.mx\/index.php?rest_route=\/wp\/v2\/users\/1"}],"replies":[{"embeddable":true,"href":"https:\/\/www.diarionoti7.com.mx\/index.php?rest_route=%2Fwp%2Fv2%2Fcomments&post=2258"}],"version-history":[{"count":4,"href":"https:\/\/www.diarionoti7.com.mx\/index.php?rest_route=\/wp\/v2\/posts\/2258\/revisions"}],"predecessor-version":[{"id":2263,"href":"https:\/\/www.diarionoti7.com.mx\/index.php?rest_route=\/wp\/v2\/posts\/2258\/revisions\/2263"}],"wp:featuredmedia":[{"embeddable":true,"href":"https:\/\/www.diarionoti7.com.mx\/index.php?rest_route=\/wp\/v2\/media\/2260"}],"wp:attachment":[{"href":"https:\/\/www.diarionoti7.com.mx\/index.php?rest_route=%2Fwp%2Fv2%2Fmedia&parent=2258"}],"wp:term":[{"taxonomy":"category","embeddable":true,"href":"https:\/\/www.diarionoti7.com.mx\/index.php?rest_route=%2Fwp%2Fv2%2Fcategories&post=2258"},{"taxonomy":"post_tag","embeddable":true,"href":"https:\/\/www.diarionoti7.com.mx\/index.php?rest_route=%2Fwp%2Fv2%2Ftags&post=2258"}],"curies":[{"name":"wp","href":"https:\/\/api.w.org\/{rel}","templated":true}]}}