{"id":2252,"date":"2023-02-21T17:27:20","date_gmt":"2023-02-21T17:27:20","guid":{"rendered":"https:\/\/www.diarionoti7.com.mx\/?p=2252"},"modified":"2023-02-21T17:29:07","modified_gmt":"2023-02-21T17:29:07","slug":"libertad-de-expresion-prioridad-para-el-gobierno-de-julio-menchaca","status":"publish","type":"post","link":"https:\/\/www.diarionoti7.com.mx\/?p=2252","title":{"rendered":"Libertad de Expresi\u00f3n, Prioridad Para El Gobierno de Julio Menchaca"},"content":{"rendered":"\t\t<div data-elementor-type=\"wp-post\" data-elementor-id=\"2252\" class=\"elementor elementor-2252\">\n\t\t\t\t\t\t\t\t\t<section class=\"elementor-section elementor-top-section elementor-element elementor-element-ff5ba82 elementor-section-boxed elementor-section-height-default elementor-section-height-default\" data-id=\"ff5ba82\" data-element_type=\"section\">\n\t\t\t\t\t\t<div class=\"elementor-container elementor-column-gap-default\">\n\t\t\t\t\t<div class=\"elementor-column elementor-col-100 elementor-top-column elementor-element elementor-element-f8883e0\" data-id=\"f8883e0\" data-element_type=\"column\">\n\t\t\t<div class=\"elementor-widget-wrap elementor-element-populated\">\n\t\t\t\t\t\t\t\t<div class=\"elementor-element elementor-element-dc6eb99 elementor-aspect-ratio-169 elementor-widget elementor-widget-video\" data-id=\"dc6eb99\" data-element_type=\"widget\" data-settings=\"{&quot;youtube_url&quot;:&quot;https:\\\/\\\/www.youtube.com\\\/embed\\\/UpQwKY7hsFw&quot;,&quot;video_type&quot;:&quot;youtube&quot;,&quot;controls&quot;:&quot;yes&quot;,&quot;aspect_ratio&quot;:&quot;169&quot;}\" data-widget_type=\"video.default\">\n\t\t\t\t<div class=\"elementor-widget-container\">\n\t\t\t<style>\/*! elementor - v3.10.2 - 29-01-2023 *\/\n.elementor-widget-video .elementor-widget-container{overflow:hidden;transform:translateZ(0)}.elementor-widget-video .elementor-open-inline .elementor-custom-embed-image-overlay{position:absolute;top:0;left:0;width:100%;height:100%;background-size:cover;background-position:50%}.elementor-widget-video .elementor-custom-embed-image-overlay{cursor:pointer;text-align:center}.elementor-widget-video .elementor-custom-embed-image-overlay:hover .elementor-custom-embed-play i{opacity:1}.elementor-widget-video .elementor-custom-embed-image-overlay img{display:block;width:100%}.elementor-widget-video .e-hosted-video .elementor-video{-o-object-fit:cover;object-fit:cover}.e-con-inner>.elementor-widget-video,.e-con>.elementor-widget-video{width:var(--container-widget-width);--flex-grow:var(--container-widget-flex-grow)}<\/style>\t\t<div class=\"elementor-wrapper elementor-fit-aspect-ratio elementor-open-inline\">\n\t\t\t<div class=\"elementor-video\"><\/div>\t\t<\/div>\n\t\t\t\t<\/div>\n\t\t\t\t<\/div>\n\t\t\t\t\t<\/div>\n\t\t<\/div>\n\t\t\t\t\t\t\t<\/div>\n\t\t<\/section>\n\t\t\t\t<section class=\"elementor-section elementor-top-section elementor-element elementor-element-51c23a4c elementor-section-boxed elementor-section-height-default elementor-section-height-default\" data-id=\"51c23a4c\" data-element_type=\"section\">\n\t\t\t\t\t\t<div class=\"elementor-container elementor-column-gap-default\">\n\t\t\t\t\t<div class=\"elementor-column elementor-col-100 elementor-top-column elementor-element elementor-element-7d2e0b6e\" data-id=\"7d2e0b6e\" data-element_type=\"column\">\n\t\t\t<div class=\"elementor-widget-wrap elementor-element-populated\">\n\t\t\t\t\t\t\t\t<div class=\"elementor-element elementor-element-2f2290cd elementor-widget elementor-widget-text-editor\" data-id=\"2f2290cd\" data-element_type=\"widget\" data-widget_type=\"text-editor.default\">\n\t\t\t\t<div class=\"elementor-widget-container\">\n\t\t\t<style>\/*! elementor - v3.10.2 - 29-01-2023 *\/\n.elementor-widget-text-editor.elementor-drop-cap-view-stacked .elementor-drop-cap{background-color:#818a91;color:#fff}.elementor-widget-text-editor.elementor-drop-cap-view-framed .elementor-drop-cap{color:#818a91;border:3px solid;background-color:transparent}.elementor-widget-text-editor:not(.elementor-drop-cap-view-default) .elementor-drop-cap{margin-top:8px}.elementor-widget-text-editor:not(.elementor-drop-cap-view-default) .elementor-drop-cap-letter{width:1em;height:1em}.elementor-widget-text-editor .elementor-drop-cap{float:left;text-align:center;line-height:1;font-size:50px}.elementor-widget-text-editor .elementor-drop-cap-letter{display:inline-block}<\/style>\t\t\t\t<p><strong>-El titular del Ejecutivo estatal reconoci\u00f3 la labor de quienes arriesgan su integridad por mantener informada a la poblaci\u00f3n<\/strong><\/p><p><strong>Pachuca, Hgo., 20 de febrero de 2023.- <\/strong>\u201cLos medios de comunicaci\u00f3n son un elemento fundamental para fortalecer a la democracia de nuestro pa\u00eds\u201d, asever\u00f3 el gobernador de Hidalgo, Julio Menchaca Salazar, durante la inauguraci\u00f3n de la Sexta Semana del Periodismo M\u00e9xico, que este lunes inici\u00f3 actividades en la Biblioteca Central Ricardo Garibay.<\/p><p>El mandatario estatal reiter\u00f3 su respeto hacia quienes ejercen esta profesi\u00f3n, pues record\u00f3 que son miles de mujeres y hombres que, con gran responsabilidad, d\u00eda a d\u00eda dan cuenta de los sucesos m\u00e1s sobresalientes para que la poblaci\u00f3n tome decisiones de manera libre, informada y participativa.<\/p><p>Respecto a la protecci\u00f3n de los derechos de las y los periodistas, Menchaca Salazar enfatiz\u00f3 que su administraci\u00f3n ser\u00e1 una aliada en la defensa de sus derechos, pues a pesar de las diferencias, se trata de luchar por la libertad de expresi\u00f3n y opini\u00f3n.<\/p><p>Tambi\u00e9n a\u00f1adi\u00f3 que, durante su paso por el Congreso local, impuls\u00f3 una iniciativa que protege el secreto profesional, cerrando el paso a las posibles presiones de las que pudieran ser sujetos para revelar sus fuentes.<\/p><p>\u201cSer periodista es una convicci\u00f3n que se trae en el alma\u201d, declar\u00f3 el presidente de la Fundaci\u00f3n para la Comunicaci\u00f3n y el Periodismo A.C., Alejandro G\u00e1lvez, quien calific\u00f3 al periodismo como una gran responsabilidad social que conlleva la difusi\u00f3n de la verdad, a pesar de los entornos de violencia que persisten a nivel nacional.<\/p><p>A\u00f1adi\u00f3 que en el estado de Hidalgo existe una Ley de Protecci\u00f3n a Periodistas, que, al d\u00eda de hoy, no cuenta con un reglamento que d\u00e9 certeza a los derechos del gremio, por lo que aprovech\u00f3 la oportunidad para hacer un llamado al Poder Legislativo para avanzar en los trabajos correspondientes y de esta manera dicha iniciativa tome en cuenta todas las voces y elimine los tintes pol\u00edticos que no ha permitido dar continuidad a este proyecto.<\/p><p>Aida Su\u00e1rez Ch\u00e1vez, destacada periodista, destac\u00f3 que la sexta edici\u00f3n de la Semana Periodismo M\u00e9xico 2023 tiene como objetivo ser el punto de encuentro entre las y los periodistas de todo el pa\u00eds: \u201cDesde su inicio, la Semana del Periodismo se ha convertido en un punto de intercambio de experiencias y saberes en apego a la \u00e9tica period\u00edstica y la libertad de expresi\u00f3n\u201d.<\/p><p>Al finalizar, el gobernador invit\u00f3 a las y los asistentes a seguir participando en este tipo de actividades que abonan al debate p\u00fablico y a la construcci\u00f3n de una sociedad m\u00e1s justa e igualitaria, en donde el respeto a los derechos humanos sea una constante.<\/p>\t\t\t\t\t\t<\/div>\n\t\t\t\t<\/div>\n\t\t\t\t\t<\/div>\n\t\t<\/div>\n\t\t\t\t\t\t\t<\/div>\n\t\t<\/section>\n\t\t\t\t\t\t\t<\/div>\n\t\t","protected":false},"excerpt":{"rendered":"<p>https:\/\/www.youtube.com\/embed\/UpQwKY7hsFw -El titular del Ejecutivo estatal reconoci\u00f3 la labor de quienes arriesgan su integridad por mantener informada a la poblaci\u00f3n Pachuca, Hgo., 20 de febrero de 2023.- \u201cLos medios de comunicaci\u00f3n son un elemento fundamental para fortalecer a la democracia de nuestro pa\u00eds\u201d, asever\u00f3 el gobernador de Hidalgo, Julio Menchaca Salazar, durante la inauguraci\u00f3n de [&hellip;]<\/p>\n","protected":false},"author":1,"featured_media":2254,"comment_status":"closed","ping_status":"closed","sticky":false,"template":"","format":"standard","meta":[],"categories":[7],"tags":[],"_links":{"self":[{"href":"https:\/\/www.diarionoti7.com.mx\/index.php?rest_route=\/wp\/v2\/posts\/2252"}],"collection":[{"href":"https:\/\/www.diarionoti7.com.mx\/index.php?rest_route=\/wp\/v2\/posts"}],"about":[{"href":"https:\/\/www.diarionoti7.com.mx\/index.php?rest_route=\/wp\/v2\/types\/post"}],"author":[{"embeddable":true,"href":"https:\/\/www.diarionoti7.com.mx\/index.php?rest_route=\/wp\/v2\/users\/1"}],"replies":[{"embeddable":true,"href":"https:\/\/www.diarionoti7.com.mx\/index.php?rest_route=%2Fwp%2Fv2%2Fcomments&post=2252"}],"version-history":[{"count":4,"href":"https:\/\/www.diarionoti7.com.mx\/index.php?rest_route=\/wp\/v2\/posts\/2252\/revisions"}],"predecessor-version":[{"id":2257,"href":"https:\/\/www.diarionoti7.com.mx\/index.php?rest_route=\/wp\/v2\/posts\/2252\/revisions\/2257"}],"wp:featuredmedia":[{"embeddable":true,"href":"https:\/\/www.diarionoti7.com.mx\/index.php?rest_route=\/wp\/v2\/media\/2254"}],"wp:attachment":[{"href":"https:\/\/www.diarionoti7.com.mx\/index.php?rest_route=%2Fwp%2Fv2%2Fmedia&parent=2252"}],"wp:term":[{"taxonomy":"category","embeddable":true,"href":"https:\/\/www.diarionoti7.com.mx\/index.php?rest_route=%2Fwp%2Fv2%2Fcategories&post=2252"},{"taxonomy":"post_tag","embeddable":true,"href":"https:\/\/www.diarionoti7.com.mx\/index.php?rest_route=%2Fwp%2Fv2%2Ftags&post=2252"}],"curies":[{"name":"wp","href":"https:\/\/api.w.org\/{rel}","templated":true}]}}