{"id":2228,"date":"2023-02-21T17:19:45","date_gmt":"2023-02-21T17:19:45","guid":{"rendered":"https:\/\/www.diarionoti7.com.mx\/?p=2228"},"modified":"2023-02-21T17:21:23","modified_gmt":"2023-02-21T17:21:23","slug":"semarnath-imparte-taller-sobre-depredadores-silvestres-en-tecozautla","status":"publish","type":"post","link":"https:\/\/www.diarionoti7.com.mx\/?p=2228","title":{"rendered":"Semarnath Imparte Taller Sobre Depredadores Silvestres en Tecozautla"},"content":{"rendered":"\t\t<div data-elementor-type=\"wp-post\" data-elementor-id=\"2228\" class=\"elementor elementor-2228\">\n\t\t\t\t\t\t\t\t\t<section class=\"elementor-section elementor-top-section elementor-element elementor-element-51c23a4c elementor-section-boxed elementor-section-height-default elementor-section-height-default\" data-id=\"51c23a4c\" data-element_type=\"section\">\n\t\t\t\t\t\t<div class=\"elementor-container elementor-column-gap-default\">\n\t\t\t\t\t<div class=\"elementor-column elementor-col-100 elementor-top-column elementor-element elementor-element-7d2e0b6e\" data-id=\"7d2e0b6e\" data-element_type=\"column\">\n\t\t\t<div class=\"elementor-widget-wrap elementor-element-populated\">\n\t\t\t\t\t\t\t\t<div class=\"elementor-element elementor-element-2f2290cd elementor-widget elementor-widget-text-editor\" data-id=\"2f2290cd\" data-element_type=\"widget\" data-widget_type=\"text-editor.default\">\n\t\t\t\t<div class=\"elementor-widget-container\">\n\t\t\t<style>\/*! elementor - v3.10.2 - 29-01-2023 *\/\n.elementor-widget-text-editor.elementor-drop-cap-view-stacked .elementor-drop-cap{background-color:#818a91;color:#fff}.elementor-widget-text-editor.elementor-drop-cap-view-framed .elementor-drop-cap{color:#818a91;border:3px solid;background-color:transparent}.elementor-widget-text-editor:not(.elementor-drop-cap-view-default) .elementor-drop-cap{margin-top:8px}.elementor-widget-text-editor:not(.elementor-drop-cap-view-default) .elementor-drop-cap-letter{width:1em;height:1em}.elementor-widget-text-editor .elementor-drop-cap{float:left;text-align:center;line-height:1;font-size:50px}.elementor-widget-text-editor .elementor-drop-cap-letter{display:inline-block}<\/style>\t\t\t\t<p><strong>Pachuca, Hgo. 20 de febrero de 2023.-<\/strong>Esta capacitaci\u00f3n tuvo la finalidad de concientizar a ejidatarios y estudiantes sobre la convivencia de la ganader\u00eda con felinos mayores y las principales acciones para prevenir incidentes con animales dom\u00e9sticos<\/p><p>La Secretar\u00eda de Medio Ambiente y Recursos Naturales de Hidalgo (Semarnath), a trav\u00e9s de su direcci\u00f3n general de recursos naturales imparti\u00f3 el taller &#8220;Convivencia de la ganader\u00eda con los depredadores silvestres&#8221; a ejidatarios y estudiantes de bachillerato de la comunidad Aljibes, en Tecozautla.<\/p><p>Durante dicha capacitaci\u00f3n, el personal de la Semarnath imparti\u00f3 a los participantes las principales caracter\u00edsticas de los felinos que pudiesen habitar en esa zona, as\u00ed como las acciones a realizar para prevenir que el ganado pueda ser vulnerable o v\u00edctima de alg\u00fan ataque; por ejemplo, la construcci\u00f3n de espantap\u00e1jaros gigantes para intimidar a los felinos y evitar la cacer\u00eda o captura de animales silvestres que forman parte de la cadena alimentaria.<\/p><p>Adem\u00e1s, compartieron algunas recomendaciones sobre c\u00f3mo reconocer rastros y huellas de estas especies, y los patrones de ataque y consumo que utilizan los felinos mayores como el jaguar y el puma sobre sus presas.<\/p><p>De igual forma, debido a la posible presencia de felinos mayores como el puma en dicha regi\u00f3n, personal de la Semarnath instal\u00f3 una c\u00e1mara trampa dentro de los l\u00edmites de la comunidad Aljibres, la cual permitir\u00e1 hacer un monitoreo de la fauna del lugar y con ello hacer el respectivo registro de estas.<\/p><p>En tanto, la Semarnath contin\u00faa con el monitoreo de fauna silvestre en diversas regiones del estado con la finalidad de mantener un registro adecuado de la biodiversidad existente en el estado y desarrollar pol\u00edticas p\u00fablicas que impulsen el cuidado y conservaci\u00f3n de los recursos naturales en Hidalgo.<\/p>\t\t\t\t\t\t<\/div>\n\t\t\t\t<\/div>\n\t\t\t\t\t<\/div>\n\t\t<\/div>\n\t\t\t\t\t\t\t<\/div>\n\t\t<\/section>\n\t\t\t\t\t\t\t<\/div>\n\t\t","protected":false},"excerpt":{"rendered":"<p>Pachuca, Hgo. 20 de febrero de 2023.-Esta capacitaci\u00f3n tuvo la finalidad de concientizar a ejidatarios y estudiantes sobre la convivencia de la ganader\u00eda con felinos mayores y las principales acciones para prevenir incidentes con animales dom\u00e9sticos La Secretar\u00eda de Medio Ambiente y Recursos Naturales de Hidalgo (Semarnath), a trav\u00e9s de su direcci\u00f3n general de recursos [&hellip;]<\/p>\n","protected":false},"author":1,"featured_media":2230,"comment_status":"closed","ping_status":"closed","sticky":false,"template":"","format":"standard","meta":[],"categories":[7],"tags":[],"_links":{"self":[{"href":"https:\/\/www.diarionoti7.com.mx\/index.php?rest_route=\/wp\/v2\/posts\/2228"}],"collection":[{"href":"https:\/\/www.diarionoti7.com.mx\/index.php?rest_route=\/wp\/v2\/posts"}],"about":[{"href":"https:\/\/www.diarionoti7.com.mx\/index.php?rest_route=\/wp\/v2\/types\/post"}],"author":[{"embeddable":true,"href":"https:\/\/www.diarionoti7.com.mx\/index.php?rest_route=\/wp\/v2\/users\/1"}],"replies":[{"embeddable":true,"href":"https:\/\/www.diarionoti7.com.mx\/index.php?rest_route=%2Fwp%2Fv2%2Fcomments&post=2228"}],"version-history":[{"count":4,"href":"https:\/\/www.diarionoti7.com.mx\/index.php?rest_route=\/wp\/v2\/posts\/2228\/revisions"}],"predecessor-version":[{"id":2233,"href":"https:\/\/www.diarionoti7.com.mx\/index.php?rest_route=\/wp\/v2\/posts\/2228\/revisions\/2233"}],"wp:featuredmedia":[{"embeddable":true,"href":"https:\/\/www.diarionoti7.com.mx\/index.php?rest_route=\/wp\/v2\/media\/2230"}],"wp:attachment":[{"href":"https:\/\/www.diarionoti7.com.mx\/index.php?rest_route=%2Fwp%2Fv2%2Fmedia&parent=2228"}],"wp:term":[{"taxonomy":"category","embeddable":true,"href":"https:\/\/www.diarionoti7.com.mx\/index.php?rest_route=%2Fwp%2Fv2%2Fcategories&post=2228"},{"taxonomy":"post_tag","embeddable":true,"href":"https:\/\/www.diarionoti7.com.mx\/index.php?rest_route=%2Fwp%2Fv2%2Ftags&post=2228"}],"curies":[{"name":"wp","href":"https:\/\/api.w.org\/{rel}","templated":true}]}}