{"id":2222,"date":"2023-02-21T17:15:46","date_gmt":"2023-02-21T17:15:46","guid":{"rendered":"https:\/\/www.diarionoti7.com.mx\/?p=2222"},"modified":"2023-02-21T17:17:35","modified_gmt":"2023-02-21T17:17:35","slug":"congreso-de-hidalgo-realiza-foro-sobre-bienestar-con-la-participacion-de-embajadora-de-finlandia","status":"publish","type":"post","link":"https:\/\/www.diarionoti7.com.mx\/?p=2222","title":{"rendered":"Congreso de Hidalgo Realiza Foro Sobre Bienestar Con La Participaci\u00f3n de Embajadora de Finlandia"},"content":{"rendered":"\t\t<div data-elementor-type=\"wp-post\" data-elementor-id=\"2222\" class=\"elementor elementor-2222\">\n\t\t\t\t\t\t\t\t\t<section class=\"elementor-section elementor-top-section elementor-element elementor-element-51c23a4c elementor-section-boxed elementor-section-height-default elementor-section-height-default\" data-id=\"51c23a4c\" data-element_type=\"section\">\n\t\t\t\t\t\t<div class=\"elementor-container elementor-column-gap-default\">\n\t\t\t\t\t<div class=\"elementor-column elementor-col-100 elementor-top-column elementor-element elementor-element-7d2e0b6e\" data-id=\"7d2e0b6e\" data-element_type=\"column\">\n\t\t\t<div class=\"elementor-widget-wrap elementor-element-populated\">\n\t\t\t\t\t\t\t\t<div class=\"elementor-element elementor-element-2f2290cd elementor-widget elementor-widget-text-editor\" data-id=\"2f2290cd\" data-element_type=\"widget\" data-widget_type=\"text-editor.default\">\n\t\t\t\t<div class=\"elementor-widget-container\">\n\t\t\t<style>\/*! elementor - v3.10.2 - 29-01-2023 *\/\n.elementor-widget-text-editor.elementor-drop-cap-view-stacked .elementor-drop-cap{background-color:#818a91;color:#fff}.elementor-widget-text-editor.elementor-drop-cap-view-framed .elementor-drop-cap{color:#818a91;border:3px solid;background-color:transparent}.elementor-widget-text-editor:not(.elementor-drop-cap-view-default) .elementor-drop-cap{margin-top:8px}.elementor-widget-text-editor:not(.elementor-drop-cap-view-default) .elementor-drop-cap-letter{width:1em;height:1em}.elementor-widget-text-editor .elementor-drop-cap{float:left;text-align:center;line-height:1;font-size:50px}.elementor-widget-text-editor .elementor-drop-cap-letter{display:inline-block}<\/style>\t\t\t\t<p><strong>*Como invitado de honor asisti\u00f3 el gobernador, Julio Menchaca Salazar, quien reconoci\u00f3 el trabajo de la LXV Legislatura para construir una mejor sociedad.<\/strong><\/p><p><strong>Pachuca de Soto, Hidalgo; a 20 de febrero de 2023.-<\/strong>Con el objetivo de conocer experiencias de \u00e9xito en temas de desarrollo social, humano y educativo, el Congreso de Hidalgo realiz\u00f3 el foro denominado: Los Retos del Desarrollo Social para el Bienestar de Hidalgo, con la participaci\u00f3n de la embajadora de Finlandia en M\u00e9xico, P\u00e4ivi Marianne Pohjanheimo y la presencia del gobernador, Julio Menchaca Salazar.<\/p><p>El evento realizado en la explanada del Poder Legislativo fue organizado por la Primera Comisi\u00f3n de Desarrollo Social y Humano, presidida por el diputado, Antonio Hern\u00e1ndez Vera, quien se\u00f1al\u00f3 que este conservatorio tiene por objetivo abrir los espacios de di\u00e1logo y discusi\u00f3n sobre un tema de gran relevancia: el desarrollo social y humano de Hidalgo.<\/p><p>Para ello, buscaron acercarse a aquellas experiencias que sirvan como un marco de referencia de \u00e9xito como es el caso de Finlandia.<\/p><p>Durante la inauguraci\u00f3n de dicho foro, el legislador emanado del partido Movimiento de Regeneraci\u00f3n Nacional afirm\u00f3 que acabar con a\u00f1os de rezago educativo y social no es tarea f\u00e1cil; para revertir la situaci\u00f3n debe existir trabajo coordinado entre los distintos \u00f3rdenes de gobierno y poderes.<\/p><p>\u201cTodos queremos que la desigualdad, injusticia social y la pobreza sean problemas del pasado. Por lo que el Congreso ser\u00e1 un aliado del proyecto para que Hidalgo sea una potencia\u201d, sentenci\u00f3.<\/p><p>Al respecto, el presidente de la Junta de Gobierno del Congreso, Julio Valera Piedras, reconoci\u00f3 la presencia del gobernador del estado, Julio Menchaca Salazar, y resalt\u00f3 el compromiso para trabajar en conjunto en el mismo sentido, aunque con diferentes ideolog\u00edas, pero siempre con la idea de que a Hidalgo le vaya bien.<\/p><p>Tambi\u00e9n destac\u00f3 la presencia de alcaldes de diferentes municipios de la entidad, a quienes afirm\u00f3 que el Congreso tiene como meta generar una agenda municipalista que fortalezca las capacidades locales pues son los primeros respondientes ante las necesidades de la ciudadan\u00eda.<\/p><p>En su participaci\u00f3n, el gobernador de Hidalgo, Julio Menchaca Salazar, afirm\u00f3 que este ejercicio organizado por el Congreso local permite construir la sociedad anhelada y aprender de las mejores pr\u00e1cticas.<\/p><p>El mandatario estatal reconoci\u00f3 que, pese a las diferencias pol\u00edticas, existe altura de miras, eso anima a superar el rezago acumulado, pero ser\u00e1 un proceso largo, por lo tanto, se necesita la colaboraci\u00f3n de todos los sectores de la poblaci\u00f3n hidalguense.<\/p><p>A trav\u00e9s de la ponencia En defensa del bienestar con valores y resiliencia, la embajadora de Finlandia en M\u00e9xico, P\u00e4ivi Pohjanheimo, resalt\u00f3 que su pa\u00eds ha enfrentado diferentes retos apoy\u00e1ndose en la plataforma de la sociedad de bienestar inclusiva creadas d\u00e9cadas atr\u00e1s y reformada seg\u00fan las exigencias de tiempos modernos.<\/p><p>Actualmente Finlandia es uno de los pa\u00edses con mejor calidad de vida en el mundo, sin embargo, no siempre fue as\u00ed pues anteriormente hubo pobreza.<\/p><p>La embajadora dio a conocer que despu\u00e9s de la Segunda Guerra Mundial, en la d\u00e9cada de 1950, los cambios fueron r\u00e1pidos con la idea del estado de bienestar finlandes es que la poblaci\u00f3n en edad laboral financie con los impuestos la vida y servicios p\u00fablicos de los ni\u00f1os, estudiantes, jubilados y enfermos.<\/p><p>El desarrollo de la sociedad nunca hubiera sido posible, sin un fuerte compromiso con la igualdad, la transparencia, libertad y confianza, adem\u00e1s de un sistema educativo p\u00fablico que desempe\u00f1\u00f3 un papel clave, indic\u00f3.<\/p><p>En el foro tambi\u00e9n participaron los titulares de las secretar\u00edas de Educaci\u00f3n P\u00fablica y Desarrollo Social, Natividad Castrej\u00f3n Valdez y Simey Olvera Bautista, respectivamente.<\/p>\t\t\t\t\t\t<\/div>\n\t\t\t\t<\/div>\n\t\t\t\t\t<\/div>\n\t\t<\/div>\n\t\t\t\t\t\t\t<\/div>\n\t\t<\/section>\n\t\t\t\t\t\t\t<\/div>\n\t\t","protected":false},"excerpt":{"rendered":"<p>*Como invitado de honor asisti\u00f3 el gobernador, Julio Menchaca Salazar, quien reconoci\u00f3 el trabajo de la LXV Legislatura para construir una mejor sociedad. Pachuca de Soto, Hidalgo; a 20 de febrero de 2023.-Con el objetivo de conocer experiencias de \u00e9xito en temas de desarrollo social, humano y educativo, el Congreso de Hidalgo realiz\u00f3 el foro [&hellip;]<\/p>\n","protected":false},"author":1,"featured_media":2224,"comment_status":"closed","ping_status":"closed","sticky":false,"template":"","format":"standard","meta":[],"categories":[7],"tags":[],"_links":{"self":[{"href":"https:\/\/www.diarionoti7.com.mx\/index.php?rest_route=\/wp\/v2\/posts\/2222"}],"collection":[{"href":"https:\/\/www.diarionoti7.com.mx\/index.php?rest_route=\/wp\/v2\/posts"}],"about":[{"href":"https:\/\/www.diarionoti7.com.mx\/index.php?rest_route=\/wp\/v2\/types\/post"}],"author":[{"embeddable":true,"href":"https:\/\/www.diarionoti7.com.mx\/index.php?rest_route=\/wp\/v2\/users\/1"}],"replies":[{"embeddable":true,"href":"https:\/\/www.diarionoti7.com.mx\/index.php?rest_route=%2Fwp%2Fv2%2Fcomments&post=2222"}],"version-history":[{"count":4,"href":"https:\/\/www.diarionoti7.com.mx\/index.php?rest_route=\/wp\/v2\/posts\/2222\/revisions"}],"predecessor-version":[{"id":2227,"href":"https:\/\/www.diarionoti7.com.mx\/index.php?rest_route=\/wp\/v2\/posts\/2222\/revisions\/2227"}],"wp:featuredmedia":[{"embeddable":true,"href":"https:\/\/www.diarionoti7.com.mx\/index.php?rest_route=\/wp\/v2\/media\/2224"}],"wp:attachment":[{"href":"https:\/\/www.diarionoti7.com.mx\/index.php?rest_route=%2Fwp%2Fv2%2Fmedia&parent=2222"}],"wp:term":[{"taxonomy":"category","embeddable":true,"href":"https:\/\/www.diarionoti7.com.mx\/index.php?rest_route=%2Fwp%2Fv2%2Fcategories&post=2222"},{"taxonomy":"post_tag","embeddable":true,"href":"https:\/\/www.diarionoti7.com.mx\/index.php?rest_route=%2Fwp%2Fv2%2Ftags&post=2222"}],"curies":[{"name":"wp","href":"https:\/\/api.w.org\/{rel}","templated":true}]}}