{"id":2216,"date":"2023-02-21T17:13:28","date_gmt":"2023-02-21T17:13:28","guid":{"rendered":"https:\/\/www.diarionoti7.com.mx\/?p=2216"},"modified":"2023-02-21T17:15:25","modified_gmt":"2023-02-21T17:15:25","slug":"fortalece-gobierno-de-mexico-a-traves-de-la-sict-conectividad-terrestre-al-aifa","status":"publish","type":"post","link":"https:\/\/www.diarionoti7.com.mx\/?p=2216","title":{"rendered":"Fortalece Gobierno de M\u00e9xico a Trav\u00e9s de La SICT Conectividad Terrestre al AIFA"},"content":{"rendered":"\t\t<div data-elementor-type=\"wp-post\" data-elementor-id=\"2216\" class=\"elementor elementor-2216\">\n\t\t\t\t\t\t\t\t\t<section class=\"elementor-section elementor-top-section elementor-element elementor-element-51c23a4c elementor-section-boxed elementor-section-height-default elementor-section-height-default\" data-id=\"51c23a4c\" data-element_type=\"section\">\n\t\t\t\t\t\t<div class=\"elementor-container elementor-column-gap-default\">\n\t\t\t\t\t<div class=\"elementor-column elementor-col-100 elementor-top-column elementor-element elementor-element-7d2e0b6e\" data-id=\"7d2e0b6e\" data-element_type=\"column\">\n\t\t\t<div class=\"elementor-widget-wrap elementor-element-populated\">\n\t\t\t\t\t\t\t\t<div class=\"elementor-element elementor-element-2f2290cd elementor-widget elementor-widget-text-editor\" data-id=\"2f2290cd\" data-element_type=\"widget\" data-widget_type=\"text-editor.default\">\n\t\t\t\t<div class=\"elementor-widget-container\">\n\t\t\t<style>\/*! elementor - v3.10.2 - 29-01-2023 *\/\n.elementor-widget-text-editor.elementor-drop-cap-view-stacked .elementor-drop-cap{background-color:#818a91;color:#fff}.elementor-widget-text-editor.elementor-drop-cap-view-framed .elementor-drop-cap{color:#818a91;border:3px solid;background-color:transparent}.elementor-widget-text-editor:not(.elementor-drop-cap-view-default) .elementor-drop-cap{margin-top:8px}.elementor-widget-text-editor:not(.elementor-drop-cap-view-default) .elementor-drop-cap-letter{width:1em;height:1em}.elementor-widget-text-editor .elementor-drop-cap{float:left;text-align:center;line-height:1;font-size:50px}.elementor-widget-text-editor .elementor-drop-cap-letter{display:inline-block}<\/style>\t\t\t\t<p><strong>*<\/strong> <strong>Modernizaci\u00f3n de la autopista M\u00e9xico-Pachuca<\/strong><\/p><p><strong>*Nueve modernos y amplios accesos viales reducen los tiempos de traslado y costos log\u00edsticos, en beneficio de los usuarios<\/strong><\/p><p><strong>*Titular de la Secretar\u00eda, Jorge Nu\u00f1o Lara, afirm\u00f3 que en ese objetivo se ha trabajado en coordinaci\u00f3n con el Gobierno Federal y estatal<\/strong><\/p><p><strong>*Se ampl\u00eda el Tren Suburbano para hacer el recorrido de la estaci\u00f3n Buenavista al AIFA en s\u00f3lo 39 minutos<\/strong><\/p><p><strong>Ciudad de M\u00e9xico, 20 de febrero 2023.- <\/strong>El Aeropuerto Internacional Felipe \u00c1ngeles (AIFA) cuenta con nueve modernos accesos viales que reducen tiempos de traslado y costos log\u00edsticos, en beneficio de los usuarios, afirm\u00f3 el secretario de Infraestructura, Comunicaciones y Transportes (SICT), Jorge Nu\u00f1o Lara.<\/p><p>En conferencia de prensa en Palacio Nacional que encabez\u00f3 el presidente Andr\u00e9s Manuel L\u00f3pez Obrador, Nu\u00f1o Lara se\u00f1al\u00f3 que el Gobierno de M\u00e9xico, a trav\u00e9s de la SICT, en coordinaci\u00f3n con diversas instancias del Gobierno Federal y estatal fortalecieron la conectividad terrestre hacia el AIFA.<\/p><p>Puntualiz\u00f3 sobre los nueve accesos viales que hacen m\u00e1s \u00e1gil la llegada a la terminal a\u00e9rea:<\/p><p>Distribuidor Acceso Principal AIFA<\/p><p>Autopista Urbana Siervo de la Naci\u00f3n<\/p><p>Ampliaci\u00f3n Mexib\u00fas 1 (Ojo de Agua-AIFA)<\/p><p>Autopista Toluca-Naucalpan<\/p><p>Acceso Principal AIFA<\/p><p>Acceso San Jer\u00f3nimo<\/p><p>Modernizaci\u00f3n de la autopista M\u00e9xico-Pachuca<\/p><p>V\u00eda Principal al AIFA (Camino a Tonanitla).<\/p><p>Ampliaci\u00f3n Tren Suburbano Buenavista-AIFA<\/p><p>El titular de la SICT tambi\u00e9n coment\u00f3 que se trabaja en la ampliaci\u00f3n del Tren Suburbano para hacer el recorrido de la estaci\u00f3n Buenavista al AIFA en s\u00f3lo 39 minutos. Detall\u00f3 que este tren permitir\u00e1 movilizar a 85 mil pasajeros, adicionales a los 110 mil que ya transporta diariamente este sistema.<\/p><p>Destac\u00f3 que para recibir los trenes que dar\u00e1n servicio al ramal de Lecher\u00eda-AIFA, se habilitar\u00e1 un nuevo and\u00e9n con dos v\u00edas en la terminal de Buenavista. El Tren Suburbano que conectar\u00e1 con el aeropuerto contar\u00e1 con seis estaciones y llevar\u00e1 a los pasajeros al interior de la terminal a\u00e9rea.<\/p><p>Sobre la reci\u00e9n inaugurada V\u00eda Principal al AIFA (Camino a Tonanitla), cuenta con una longitud de 14.1 kil\u00f3metros, que permite un flujo vehicular en un tiempo de recorrido de 9 minutos, desde el Puente de Fierro -en Ecatepec- hasta el acceso principal de la glorieta del AIFA.<\/p><p>Para facilidad de los usuarios, cuenta con 2 incorporaciones intermedias, ubicadas en los entronques Jaltenco-H\u00e9roes de Tec\u00e1mac en el km 5, y en el entronque Tonanitla-Ojo de Agua en el km 9.6, refiri\u00f3.<\/p>\t\t\t\t\t\t<\/div>\n\t\t\t\t<\/div>\n\t\t\t\t\t<\/div>\n\t\t<\/div>\n\t\t\t\t\t\t\t<\/div>\n\t\t<\/section>\n\t\t\t\t\t\t\t<\/div>\n\t\t","protected":false},"excerpt":{"rendered":"<p>* Modernizaci\u00f3n de la autopista M\u00e9xico-Pachuca *Nueve modernos y amplios accesos viales reducen los tiempos de traslado y costos log\u00edsticos, en beneficio de los usuarios *Titular de la Secretar\u00eda, Jorge Nu\u00f1o Lara, afirm\u00f3 que en ese objetivo se ha trabajado en coordinaci\u00f3n con el Gobierno Federal y estatal *Se ampl\u00eda el Tren Suburbano para hacer [&hellip;]<\/p>\n","protected":false},"author":1,"featured_media":2218,"comment_status":"closed","ping_status":"closed","sticky":false,"template":"","format":"standard","meta":[],"categories":[7],"tags":[],"_links":{"self":[{"href":"https:\/\/www.diarionoti7.com.mx\/index.php?rest_route=\/wp\/v2\/posts\/2216"}],"collection":[{"href":"https:\/\/www.diarionoti7.com.mx\/index.php?rest_route=\/wp\/v2\/posts"}],"about":[{"href":"https:\/\/www.diarionoti7.com.mx\/index.php?rest_route=\/wp\/v2\/types\/post"}],"author":[{"embeddable":true,"href":"https:\/\/www.diarionoti7.com.mx\/index.php?rest_route=\/wp\/v2\/users\/1"}],"replies":[{"embeddable":true,"href":"https:\/\/www.diarionoti7.com.mx\/index.php?rest_route=%2Fwp%2Fv2%2Fcomments&post=2216"}],"version-history":[{"count":4,"href":"https:\/\/www.diarionoti7.com.mx\/index.php?rest_route=\/wp\/v2\/posts\/2216\/revisions"}],"predecessor-version":[{"id":2221,"href":"https:\/\/www.diarionoti7.com.mx\/index.php?rest_route=\/wp\/v2\/posts\/2216\/revisions\/2221"}],"wp:featuredmedia":[{"embeddable":true,"href":"https:\/\/www.diarionoti7.com.mx\/index.php?rest_route=\/wp\/v2\/media\/2218"}],"wp:attachment":[{"href":"https:\/\/www.diarionoti7.com.mx\/index.php?rest_route=%2Fwp%2Fv2%2Fmedia&parent=2216"}],"wp:term":[{"taxonomy":"category","embeddable":true,"href":"https:\/\/www.diarionoti7.com.mx\/index.php?rest_route=%2Fwp%2Fv2%2Fcategories&post=2216"},{"taxonomy":"post_tag","embeddable":true,"href":"https:\/\/www.diarionoti7.com.mx\/index.php?rest_route=%2Fwp%2Fv2%2Ftags&post=2216"}],"curies":[{"name":"wp","href":"https:\/\/api.w.org\/{rel}","templated":true}]}}