{"id":2148,"date":"2023-02-20T15:10:19","date_gmt":"2023-02-20T15:10:19","guid":{"rendered":"https:\/\/www.diarionoti7.com.mx\/?p=2148"},"modified":"2023-02-20T15:11:24","modified_gmt":"2023-02-20T15:11:24","slug":"politicos-locales-apoyo-a-sheinbaum-para-la-candidatura-presidencial-de-morena","status":"publish","type":"post","link":"https:\/\/www.diarionoti7.com.mx\/?p=2148","title":{"rendered":"Pol\u00edticos Locales Apoyo a Sheinbaum Para la Candidatura Presidencial de Morena"},"content":{"rendered":"\t\t<div data-elementor-type=\"wp-post\" data-elementor-id=\"2148\" class=\"elementor elementor-2148\">\n\t\t\t\t\t\t\t\t\t<section class=\"elementor-section elementor-top-section elementor-element elementor-element-51c23a4c elementor-section-boxed elementor-section-height-default elementor-section-height-default\" data-id=\"51c23a4c\" data-element_type=\"section\">\n\t\t\t\t\t\t<div class=\"elementor-container elementor-column-gap-default\">\n\t\t\t\t\t<div class=\"elementor-column elementor-col-100 elementor-top-column elementor-element elementor-element-7d2e0b6e\" data-id=\"7d2e0b6e\" data-element_type=\"column\">\n\t\t\t<div class=\"elementor-widget-wrap elementor-element-populated\">\n\t\t\t\t\t\t\t\t<div class=\"elementor-element elementor-element-2f2290cd elementor-widget elementor-widget-text-editor\" data-id=\"2f2290cd\" data-element_type=\"widget\" data-widget_type=\"text-editor.default\">\n\t\t\t\t<div class=\"elementor-widget-container\">\n\t\t\t<style>\/*! elementor - v3.10.2 - 29-01-2023 *\/\n.elementor-widget-text-editor.elementor-drop-cap-view-stacked .elementor-drop-cap{background-color:#818a91;color:#fff}.elementor-widget-text-editor.elementor-drop-cap-view-framed .elementor-drop-cap{color:#818a91;border:3px solid;background-color:transparent}.elementor-widget-text-editor:not(.elementor-drop-cap-view-default) .elementor-drop-cap{margin-top:8px}.elementor-widget-text-editor:not(.elementor-drop-cap-view-default) .elementor-drop-cap-letter{width:1em;height:1em}.elementor-widget-text-editor .elementor-drop-cap{float:left;text-align:center;line-height:1;font-size:50px}.elementor-widget-text-editor .elementor-drop-cap-letter{display:inline-block}<\/style>\t\t\t\t<p><strong>Pachuca, Hgo 19 de febrero 2023.- <\/strong>En el auditorio Gota de Plata se realiz\u00f3 la \u00abAsamblea Ciudadana en apoyo a Claudia Sheinbaum\u00bb que cont\u00f3 con la participaci\u00f3n de Navor Rojas, senador; Otoniel Garc\u00eda y Yolis Jim\u00e9nez, diputados federales; y Susana \u00c1ngeles y Armando Azpeitia, presidentes municipales de Tizayuca y San Salvador, respectivamente.<\/p><p>A trav\u00e9s de videos y la participaci\u00f3n de diputados federales, locales y senadores, se habl\u00f3 de Claudia Sheinbaum, quien es la actual Jefa de Gobierno de la Ciudad de M\u00e9xico y una de las \u00abcorcholatas\u00bb que ha levantado la mano para ocupar la Presidencia de la Rep\u00fablica para el 2024.<\/p><p>Navor Rojas Mancera, precis\u00f3 que conoci\u00f3 a Sheinbaum en la Universidad Nacional Aut\u00f3noma de M\u00e9xico (UNAM), d\u00f3nde ambos fueron consejeros estudiantiles: \u00abYo estoy apoyando a la Doctora porque es la mejor opci\u00f3n\u00bb.<\/p><p>A\u00f1adi\u00f3: \u201clos cuatro que est\u00e1n como precandidatos son excelentes funcionarios p\u00fablicos, puede ser cualquiera de ellos un buen presidente o presidenta de M\u00e9xico\u00bb, haciendo menci\u00f3n de Ad\u00e1n Augusto, Marcelo Ebrard y Ricardo Monreal y recalcando que la \u00abUnidad va a ser importante para ganar\u201d.<\/p><p>Azpeitia D\u00edaz, presidente municipal de San Salvador expres\u00f3 que Claudia Shainbaum representa al sector educativo mientras que \u00c1ngeles mencion\u00f3 que es uno de los mayores referentes pol\u00edticos del pa\u00eds: \u00bb nos ense\u00f1a que el liderazgo pol\u00edtico de las mujeres puede ser sin\u00f3nimo de sensibilidad y educaci\u00f3n\u00bb.<\/p><p>Yolis Jim\u00e9nez Ram\u00edrez, diputada federal, habl\u00f3 sobre el tema de movilidad en el pa\u00eds y coment\u00f3 que en el estado se ha invertido en las v\u00edas carreteras y que se necesita un transporte digno en la naci\u00f3n, mientras que Otoniel Garc\u00eda mencion\u00f3 los logros que ha tenido Sheinbaum en cuanto al internet: \u00abestar conectados es un derecho no un privilegio\u00bb.<\/p><p>A trav\u00e9s de un v\u00eddeo donde sale Andr\u00e9s Manuel L\u00f3pez Obrador, presidente de la Rep\u00fablica, se hizo menci\u00f3n de Sheinbaum como \u201cuna mujer con ideales y principios\u201d.<\/p><p>De igual forma durante el evento, Rojas aprovech\u00f3 para hacer menci\u00f3n del \u201d B\u201d que busca reformar algunos aspectos del Instituto Nacional Electoral (INE): \u00abbusca hacer un Instituto m\u00e1s eficiente y austero, no se vale que los magistrados y consejeros ganen m\u00e1s que el presidente de la Rep\u00fablica\u00bb.<\/p>\t\t\t\t\t\t<\/div>\n\t\t\t\t<\/div>\n\t\t\t\t\t<\/div>\n\t\t<\/div>\n\t\t\t\t\t\t\t<\/div>\n\t\t<\/section>\n\t\t\t\t\t\t\t<\/div>\n\t\t","protected":false},"excerpt":{"rendered":"<p>Pachuca, Hgo 19 de febrero 2023.- En el auditorio Gota de Plata se realiz\u00f3 la \u00abAsamblea Ciudadana en apoyo a Claudia Sheinbaum\u00bb que cont\u00f3 con la participaci\u00f3n de Navor Rojas, senador; Otoniel Garc\u00eda y Yolis Jim\u00e9nez, diputados federales; y Susana \u00c1ngeles y Armando Azpeitia, presidentes municipales de Tizayuca y San Salvador, respectivamente. A trav\u00e9s de [&hellip;]<\/p>\n","protected":false},"author":1,"featured_media":2150,"comment_status":"closed","ping_status":"closed","sticky":false,"template":"","format":"standard","meta":[],"categories":[3],"tags":[],"_links":{"self":[{"href":"https:\/\/www.diarionoti7.com.mx\/index.php?rest_route=\/wp\/v2\/posts\/2148"}],"collection":[{"href":"https:\/\/www.diarionoti7.com.mx\/index.php?rest_route=\/wp\/v2\/posts"}],"about":[{"href":"https:\/\/www.diarionoti7.com.mx\/index.php?rest_route=\/wp\/v2\/types\/post"}],"author":[{"embeddable":true,"href":"https:\/\/www.diarionoti7.com.mx\/index.php?rest_route=\/wp\/v2\/users\/1"}],"replies":[{"embeddable":true,"href":"https:\/\/www.diarionoti7.com.mx\/index.php?rest_route=%2Fwp%2Fv2%2Fcomments&post=2148"}],"version-history":[{"count":4,"href":"https:\/\/www.diarionoti7.com.mx\/index.php?rest_route=\/wp\/v2\/posts\/2148\/revisions"}],"predecessor-version":[{"id":2153,"href":"https:\/\/www.diarionoti7.com.mx\/index.php?rest_route=\/wp\/v2\/posts\/2148\/revisions\/2153"}],"wp:featuredmedia":[{"embeddable":true,"href":"https:\/\/www.diarionoti7.com.mx\/index.php?rest_route=\/wp\/v2\/media\/2150"}],"wp:attachment":[{"href":"https:\/\/www.diarionoti7.com.mx\/index.php?rest_route=%2Fwp%2Fv2%2Fmedia&parent=2148"}],"wp:term":[{"taxonomy":"category","embeddable":true,"href":"https:\/\/www.diarionoti7.com.mx\/index.php?rest_route=%2Fwp%2Fv2%2Fcategories&post=2148"},{"taxonomy":"post_tag","embeddable":true,"href":"https:\/\/www.diarionoti7.com.mx\/index.php?rest_route=%2Fwp%2Fv2%2Ftags&post=2148"}],"curies":[{"name":"wp","href":"https:\/\/api.w.org\/{rel}","templated":true}]}}