{"id":2126,"date":"2023-02-20T14:57:59","date_gmt":"2023-02-20T14:57:59","guid":{"rendered":"https:\/\/www.diarionoti7.com.mx\/?p=2126"},"modified":"2023-02-20T15:00:05","modified_gmt":"2023-02-20T15:00:05","slug":"garantizar-el-acceso-y-permanencia-en-la-escuela-de-las-y-los-estudiantes-con-discapacidad-tarea-permanente-de-la-seph","status":"publish","type":"post","link":"https:\/\/www.diarionoti7.com.mx\/?p=2126","title":{"rendered":"Garantizar el Acceso y Permanencia en la Escuela de las y los Estudiantes Con Discapacidad Tarea Permanente de la SEPH"},"content":{"rendered":"\t\t<div data-elementor-type=\"wp-post\" data-elementor-id=\"2126\" class=\"elementor elementor-2126\">\n\t\t\t\t\t\t\t\t\t<section class=\"elementor-section elementor-top-section elementor-element elementor-element-51c23a4c elementor-section-boxed elementor-section-height-default elementor-section-height-default\" data-id=\"51c23a4c\" data-element_type=\"section\">\n\t\t\t\t\t\t<div class=\"elementor-container elementor-column-gap-default\">\n\t\t\t\t\t<div class=\"elementor-column elementor-col-100 elementor-top-column elementor-element elementor-element-7d2e0b6e\" data-id=\"7d2e0b6e\" data-element_type=\"column\">\n\t\t\t<div class=\"elementor-widget-wrap elementor-element-populated\">\n\t\t\t\t\t\t\t\t<div class=\"elementor-element elementor-element-2f2290cd elementor-widget elementor-widget-text-editor\" data-id=\"2f2290cd\" data-element_type=\"widget\" data-widget_type=\"text-editor.default\">\n\t\t\t\t<div class=\"elementor-widget-container\">\n\t\t\t<style>\/*! elementor - v3.10.2 - 29-01-2023 *\/\n.elementor-widget-text-editor.elementor-drop-cap-view-stacked .elementor-drop-cap{background-color:#818a91;color:#fff}.elementor-widget-text-editor.elementor-drop-cap-view-framed .elementor-drop-cap{color:#818a91;border:3px solid;background-color:transparent}.elementor-widget-text-editor:not(.elementor-drop-cap-view-default) .elementor-drop-cap{margin-top:8px}.elementor-widget-text-editor:not(.elementor-drop-cap-view-default) .elementor-drop-cap-letter{width:1em;height:1em}.elementor-widget-text-editor .elementor-drop-cap{float:left;text-align:center;line-height:1;font-size:50px}.elementor-widget-text-editor .elementor-drop-cap-letter{display:inline-block}<\/style>\t\t\t\t<p><strong>*El titular de la SEPH recorri\u00f3 el aula multisensorial del CAM No.3<\/strong><\/p><p><strong>PACHUCA, Hgo., 18 Febrero de 2023.-<\/strong> El secretario de Educaci\u00f3n P\u00fablica de Hidalgo, Natividad Castrej\u00f3n Valdez, acompa\u00f1ado de la subsecretaria de Educaci\u00f3n B\u00e1sica Myrl\u00e9n Salas Dorantes, de la directora General de Educaci\u00f3n B\u00e1sica, Nancy Adriana Le\u00f3n Vite y el director de Educaci\u00f3n Especial, Quirino Chavarr\u00eda Hern\u00e1ndez, visit\u00f3 el aula denominada Centro de Estimulaci\u00f3n Multisensorial del Centro de Atenci\u00f3n M\u00faltiple (CAM) No. 3, ubicado en Pachuca.<\/p><p>El titular de la Secretar\u00eda de Educaci\u00f3n P\u00fablica de Hidalgo (SEPH) destac\u00f3 que esta administraci\u00f3n que encabeza el gobernador Julio Menchaca Salazar, ha instruido garantizar el acceso y permanencia en la escuela de las y los estudiantes con discapacidad, aptitudes sobresalientes y otras condiciones, para lograr la igualdad de oportunidades, el respeto a la diversidad y la mejora de la calidad de vida, por tal motivo esta dependencia lleva a cabo un trabajo diario para tal fin.<\/p><p>La docente del CAM 3 Martha Yolanda Espinoza Hern\u00e1ndez explic\u00f3 que el aula multisensorial o Cuarto de Estimulaci\u00f3n Multisensorial es una habitaci\u00f3n en la cual se conjuntan todos los tipos de est\u00edmulos para los sentidos: visuales, auditivos, t\u00e1ctiles y olfato. Adicionalmente favorecen la socializaci\u00f3n, cambios en su comportamiento, mejoran la adquisici\u00f3n de habilidades, incrementan los periodos de atenci\u00f3n y la capacidad de concentraci\u00f3n.<\/p><p>Esta aula cuenta con tres componentes: en el primero se realizan acciones de fortalecimiento acad\u00e9mico dirigidas a la concientizaci\u00f3n, formaci\u00f3n y actualizaci\u00f3n de agentes educativos que participan en la atenci\u00f3n de los educandos con discapacidad y\/o con aptitudes sobresalientes.<\/p><p>El segundo, dotar de equipamiento espec\u00edfico para mejorar sus condiciones y favorecer el trayecto educativo de los educandos con discapacidad y\/o con aptitudes sobresalientes y el tercero establecer v\u00ednculos interinstitucionales para la intervenci\u00f3n directa y la atenci\u00f3n complementaria de educandos.<\/p><p>De los 29 CAM existentes en Hidalgo, a 15 se les ha dotado de un aula multisensorial, y en el 2022 fueron beneficiados el CAM 3 Pachuca y el 12 Progreso de Obreg\u00f3n.<\/p><p>Cabe destacar que cada aula contiene: tubo de burbujas, cortina \/ cascada de fibra \u00f3ptica, tiras de luz led, control escalones de colores, panel multinfinito, cubo m\u00e1gico, controlador universal, set fluorescente, set de aromaterapia, cojines graduados musicales, hamaca \/ columpio, proyector de estrella, espejo de burbujas, panel de tacto, piso de foamy, botonera, set de espejos de acr\u00edlico y alberca de pelotas tomatron.<\/p>\t\t\t\t\t\t<\/div>\n\t\t\t\t<\/div>\n\t\t\t\t\t<\/div>\n\t\t<\/div>\n\t\t\t\t\t\t\t<\/div>\n\t\t<\/section>\n\t\t\t\t\t\t\t<\/div>\n\t\t","protected":false},"excerpt":{"rendered":"<p>*El titular de la SEPH recorri\u00f3 el aula multisensorial del CAM No.3 PACHUCA, Hgo., 18 Febrero de 2023.- El secretario de Educaci\u00f3n P\u00fablica de Hidalgo, Natividad Castrej\u00f3n Valdez, acompa\u00f1ado de la subsecretaria de Educaci\u00f3n B\u00e1sica Myrl\u00e9n Salas Dorantes, de la directora General de Educaci\u00f3n B\u00e1sica, Nancy Adriana Le\u00f3n Vite y el director de Educaci\u00f3n Especial, [&hellip;]<\/p>\n","protected":false},"author":1,"featured_media":2132,"comment_status":"closed","ping_status":"closed","sticky":false,"template":"","format":"standard","meta":[],"categories":[4],"tags":[],"_links":{"self":[{"href":"https:\/\/www.diarionoti7.com.mx\/index.php?rest_route=\/wp\/v2\/posts\/2126"}],"collection":[{"href":"https:\/\/www.diarionoti7.com.mx\/index.php?rest_route=\/wp\/v2\/posts"}],"about":[{"href":"https:\/\/www.diarionoti7.com.mx\/index.php?rest_route=\/wp\/v2\/types\/post"}],"author":[{"embeddable":true,"href":"https:\/\/www.diarionoti7.com.mx\/index.php?rest_route=\/wp\/v2\/users\/1"}],"replies":[{"embeddable":true,"href":"https:\/\/www.diarionoti7.com.mx\/index.php?rest_route=%2Fwp%2Fv2%2Fcomments&post=2126"}],"version-history":[{"count":4,"href":"https:\/\/www.diarionoti7.com.mx\/index.php?rest_route=\/wp\/v2\/posts\/2126\/revisions"}],"predecessor-version":[{"id":2135,"href":"https:\/\/www.diarionoti7.com.mx\/index.php?rest_route=\/wp\/v2\/posts\/2126\/revisions\/2135"}],"wp:featuredmedia":[{"embeddable":true,"href":"https:\/\/www.diarionoti7.com.mx\/index.php?rest_route=\/wp\/v2\/media\/2132"}],"wp:attachment":[{"href":"https:\/\/www.diarionoti7.com.mx\/index.php?rest_route=%2Fwp%2Fv2%2Fmedia&parent=2126"}],"wp:term":[{"taxonomy":"category","embeddable":true,"href":"https:\/\/www.diarionoti7.com.mx\/index.php?rest_route=%2Fwp%2Fv2%2Fcategories&post=2126"},{"taxonomy":"post_tag","embeddable":true,"href":"https:\/\/www.diarionoti7.com.mx\/index.php?rest_route=%2Fwp%2Fv2%2Ftags&post=2126"}],"curies":[{"name":"wp","href":"https:\/\/api.w.org\/{rel}","templated":true}]}}