{"id":2074,"date":"2023-02-19T22:24:42","date_gmt":"2023-02-19T22:24:42","guid":{"rendered":"https:\/\/www.diarionoti7.com.mx\/?p=2074"},"modified":"2023-02-19T22:26:05","modified_gmt":"2023-02-19T22:26:05","slug":"presidente-lopez-obrador-decreta-nacionalizacion-del-litio","status":"publish","type":"post","link":"https:\/\/www.diarionoti7.com.mx\/?p=2074","title":{"rendered":"Presidente L\u00f3pez Obrador Decreta Nacionalizaci\u00f3n del Litio"},"content":{"rendered":"\t\t<div data-elementor-type=\"wp-post\" data-elementor-id=\"2074\" class=\"elementor elementor-2074\">\n\t\t\t\t\t\t\t\t\t<section class=\"elementor-section elementor-top-section elementor-element elementor-element-51c23a4c elementor-section-boxed elementor-section-height-default elementor-section-height-default\" data-id=\"51c23a4c\" data-element_type=\"section\">\n\t\t\t\t\t\t<div class=\"elementor-container elementor-column-gap-default\">\n\t\t\t\t\t<div class=\"elementor-column elementor-col-100 elementor-top-column elementor-element elementor-element-7d2e0b6e\" data-id=\"7d2e0b6e\" data-element_type=\"column\">\n\t\t\t<div class=\"elementor-widget-wrap elementor-element-populated\">\n\t\t\t\t\t\t\t\t<div class=\"elementor-element elementor-element-2f2290cd elementor-widget elementor-widget-text-editor\" data-id=\"2f2290cd\" data-element_type=\"widget\" data-widget_type=\"text-editor.default\">\n\t\t\t\t<div class=\"elementor-widget-container\">\n\t\t\t<style>\/*! elementor - v3.10.2 - 29-01-2023 *\/\n.elementor-widget-text-editor.elementor-drop-cap-view-stacked .elementor-drop-cap{background-color:#818a91;color:#fff}.elementor-widget-text-editor.elementor-drop-cap-view-framed .elementor-drop-cap{color:#818a91;border:3px solid;background-color:transparent}.elementor-widget-text-editor:not(.elementor-drop-cap-view-default) .elementor-drop-cap{margin-top:8px}.elementor-widget-text-editor:not(.elementor-drop-cap-view-default) .elementor-drop-cap-letter{width:1em;height:1em}.elementor-widget-text-editor .elementor-drop-cap{float:left;text-align:center;line-height:1;font-size:50px}.elementor-widget-text-editor .elementor-drop-cap-letter{display:inline-block}<\/style>\t\t\t\t<p><strong>Agua Prieta-Bavispe, Sonora, 18 de febrero 2023.-<\/strong> presidente Andr\u00e9s Manuel L\u00f3pez Obrador firm\u00f3 en Sonora el decreto para nacionalizar el litio, lo que consolida al mineral como propiedad de la naci\u00f3n para su exploraci\u00f3n y explotaci\u00f3n responsable.<\/p><p>\u201cLo que estamos haciendo ahora, guardadas las proporciones y en otro tiempo, es nacionalizar el litio para que no lo puedan explotar extranjeros ni de Rusia, de China ni de Estados Unidos. El petr\u00f3leo y el litio son de la naci\u00f3n, del pueblo de M\u00e9xico\u201d, remarc\u00f3.<\/p><p>El jefe del Ejecutivo dijo que a partir de esta disposici\u00f3n ser\u00e1 posible realizar estudios enfocados a la extracci\u00f3n del litio en el subsuelo mexicano. Debido a que se encuentra bajo arcilla, el proceso es distinto al que se ejecuta en pa\u00edses como Bolivia, Chile y Argentina.<\/p><p>\u201cInicia un proceso de exploraci\u00f3n, de desarrollo tecnol\u00f3gico para tener la materia prima, tambi\u00e9n con el prop\u00f3sito de que se instalen plantas para la elaboraci\u00f3n de bater\u00edas\u201d, subray\u00f3.<\/p><p>Este mineral se utiliza en la producci\u00f3n de bater\u00edas de autom\u00f3viles el\u00e9ctricos; cubrir\u00e1 la demanda de Estados Unidos y Canad\u00e1 pa\u00edses comprometidos a transitar a la fabricaci\u00f3n de ese tipo de veh\u00edculos ben\u00e9ficos para el ambiente.<\/p><p>El mandatario resalt\u00f3 que ayer en Puerto Pe\u00f1asco se inaugur\u00f3 la primera etapa de la Central Fotovoltaica que abastecer\u00e1 a 64 mil hogares a partir de paneles solares. Estar\u00e1 terminada el a\u00f1o pr\u00f3ximo y suministrar\u00e1 energ\u00eda a 300 mil hogares.<\/p><p>Agreg\u00f3 que en su visita a Sonora se reuni\u00f3 con la gobernadora de Arizona, Katie Hobbs, para dialogar sobre la instalaci\u00f3n en ese estado de plantas de fabricaci\u00f3n de chips necesarios en la producci\u00f3n de electrodom\u00e9sticos y otros insumos.<\/p><p>Estas acciones fortalecen el plan de desarrollo industrial en Sonora, asever\u00f3.<\/p><p>Durante el evento en el municipio de Bacad\u00e9huachi, el presidente Andr\u00e9s Manuel L\u00f3pez Obrador anunci\u00f3 que el programa Fertilizantes para el Bienestar llegar\u00e1 a Sonora, como ya ocurre en Guerrero, Sinaloa y el Estado de M\u00e9xico con el objetivo de impulsar la actividad agr\u00edcola.<\/p><p>Por \u00faltimo, inform\u00f3 que la entrega de los Programas para el Bienestar benefician a 11 millones de estudiantes con becas, a 25 millones de familias y a m\u00e1s de 11 millones adultos mayores.<\/p><p>Acompa\u00f1aron al presidente, el gobernador de Sonora, Alfonso Durazo Monta\u00f1o; la secretaria de Econom\u00eda, Raquel Buenrostro S\u00e1nchez; los secretarios de la Defensa Nacional, Luis Cresencio Sandoval Gonz\u00e1lez; de Hacienda y Cr\u00e9dito P\u00fablico, Rogelio Ram\u00edrez de la O; de Infraestructura Comunicaciones y Transportes, Jorge Nu\u00f1o Lara; el director general de Litio para M\u00e9xico, Daniel Taddei Arriola; el subsecretario de Egresos de la SHCP, Juan Pablo de Botton Falc\u00f3n; el coordinador general de Comunicaci\u00f3n Social y Vocero del Gobierno de la Rep\u00fablica, Jes\u00fas Ram\u00edrez Cuevas y el presidente municipal de Bacad\u00e9huachi, Luis Alfonso Sierra Villaescusa.<\/p>\t\t\t\t\t\t<\/div>\n\t\t\t\t<\/div>\n\t\t\t\t\t<\/div>\n\t\t<\/div>\n\t\t\t\t\t\t\t<\/div>\n\t\t<\/section>\n\t\t\t\t\t\t\t<\/div>\n\t\t","protected":false},"excerpt":{"rendered":"<p>Agua Prieta-Bavispe, Sonora, 18 de febrero 2023.- presidente Andr\u00e9s Manuel L\u00f3pez Obrador firm\u00f3 en Sonora el decreto para nacionalizar el litio, lo que consolida al mineral como propiedad de la naci\u00f3n para su exploraci\u00f3n y explotaci\u00f3n responsable. \u201cLo que estamos haciendo ahora, guardadas las proporciones y en otro tiempo, es nacionalizar el litio para que [&hellip;]<\/p>\n","protected":false},"author":1,"featured_media":2077,"comment_status":"closed","ping_status":"closed","sticky":false,"template":"","format":"standard","meta":[],"categories":[7],"tags":[],"_links":{"self":[{"href":"https:\/\/www.diarionoti7.com.mx\/index.php?rest_route=\/wp\/v2\/posts\/2074"}],"collection":[{"href":"https:\/\/www.diarionoti7.com.mx\/index.php?rest_route=\/wp\/v2\/posts"}],"about":[{"href":"https:\/\/www.diarionoti7.com.mx\/index.php?rest_route=\/wp\/v2\/types\/post"}],"author":[{"embeddable":true,"href":"https:\/\/www.diarionoti7.com.mx\/index.php?rest_route=\/wp\/v2\/users\/1"}],"replies":[{"embeddable":true,"href":"https:\/\/www.diarionoti7.com.mx\/index.php?rest_route=%2Fwp%2Fv2%2Fcomments&post=2074"}],"version-history":[{"count":4,"href":"https:\/\/www.diarionoti7.com.mx\/index.php?rest_route=\/wp\/v2\/posts\/2074\/revisions"}],"predecessor-version":[{"id":2080,"href":"https:\/\/www.diarionoti7.com.mx\/index.php?rest_route=\/wp\/v2\/posts\/2074\/revisions\/2080"}],"wp:featuredmedia":[{"embeddable":true,"href":"https:\/\/www.diarionoti7.com.mx\/index.php?rest_route=\/wp\/v2\/media\/2077"}],"wp:attachment":[{"href":"https:\/\/www.diarionoti7.com.mx\/index.php?rest_route=%2Fwp%2Fv2%2Fmedia&parent=2074"}],"wp:term":[{"taxonomy":"category","embeddable":true,"href":"https:\/\/www.diarionoti7.com.mx\/index.php?rest_route=%2Fwp%2Fv2%2Fcategories&post=2074"},{"taxonomy":"post_tag","embeddable":true,"href":"https:\/\/www.diarionoti7.com.mx\/index.php?rest_route=%2Fwp%2Fv2%2Ftags&post=2074"}],"curies":[{"name":"wp","href":"https:\/\/api.w.org\/{rel}","templated":true}]}}