{"id":2067,"date":"2023-02-19T22:22:37","date_gmt":"2023-02-19T22:22:37","guid":{"rendered":"https:\/\/www.diarionoti7.com.mx\/?p=2067"},"modified":"2023-02-19T22:24:30","modified_gmt":"2023-02-19T22:24:30","slug":"senadora-martha-lucia-micher-organiza-comites-de-promocion-de-la-imagen-de-marcelo-ebrard-casaubon","status":"publish","type":"post","link":"https:\/\/www.diarionoti7.com.mx\/?p=2067","title":{"rendered":"Senadora Martha Luc\u00eda Micher Organiza Comit\u00e9s de Promoci\u00f3n de la Imagen de Marcelo Ebrard Casaub\u00f3n"},"content":{"rendered":"\t\t<div data-elementor-type=\"wp-post\" data-elementor-id=\"2067\" class=\"elementor elementor-2067\">\n\t\t\t\t\t\t\t\t\t<section class=\"elementor-section elementor-top-section elementor-element elementor-element-51c23a4c elementor-section-boxed elementor-section-height-default elementor-section-height-default\" data-id=\"51c23a4c\" data-element_type=\"section\">\n\t\t\t\t\t\t<div class=\"elementor-container elementor-column-gap-default\">\n\t\t\t\t\t<div class=\"elementor-column elementor-col-100 elementor-top-column elementor-element elementor-element-7d2e0b6e\" data-id=\"7d2e0b6e\" data-element_type=\"column\">\n\t\t\t<div class=\"elementor-widget-wrap elementor-element-populated\">\n\t\t\t\t\t\t\t\t<div class=\"elementor-element elementor-element-2f2290cd elementor-widget elementor-widget-text-editor\" data-id=\"2f2290cd\" data-element_type=\"widget\" data-widget_type=\"text-editor.default\">\n\t\t\t\t<div class=\"elementor-widget-container\">\n\t\t\t<style>\/*! elementor - v3.10.2 - 29-01-2023 *\/\n.elementor-widget-text-editor.elementor-drop-cap-view-stacked .elementor-drop-cap{background-color:#818a91;color:#fff}.elementor-widget-text-editor.elementor-drop-cap-view-framed .elementor-drop-cap{color:#818a91;border:3px solid;background-color:transparent}.elementor-widget-text-editor:not(.elementor-drop-cap-view-default) .elementor-drop-cap{margin-top:8px}.elementor-widget-text-editor:not(.elementor-drop-cap-view-default) .elementor-drop-cap-letter{width:1em;height:1em}.elementor-widget-text-editor .elementor-drop-cap{float:left;text-align:center;line-height:1;font-size:50px}.elementor-widget-text-editor .elementor-drop-cap-letter{display:inline-block}<\/style>\t\t\t\t<p><strong>PACHUCA, Hgo., 17 de Febrero de 2023.-<\/strong> El objetivo de movimiento nacional que apoya a Marcelo Ebrard Casaub\u00f3n, es promover su imagen en todo el pa\u00eds para que pueda ganar la encuesta que, eso s\u00ed, s\u00f3lo deber\u00e1 coordinar el Movimiento Nacional de Regeneraci\u00f3n Nacional (MORENA), mediante empresas externas para evitar que haya \u201cdados cargados\u201d y lograr que el canciller de M\u00e9xico sea el dirigente de los Comit\u00e9s de Defensa de la Cuarta Transformaci\u00f3n en toda la rep\u00fablica, lo que lo pondr\u00eda en la antesala de ser el candidato morenista a la presidencia de la rep\u00fablica.<\/p><p>Este viernes la comunidad de Santiago Tlapacoya, del municipio de Pachuca, que tuvo como recinto el sal\u00f3n ejidal de esa localidad, recibi\u00f3 la visita de la senadora Martha Luc\u00eda Micher Camarena, coordinadora nacional del equipo que impulsa la promoci\u00f3n de la imagen del ex jefe de gobierno del Distrito Federal, a trav\u00e9s del eslogan \u201cCon Marcelo S\u00ed\u201d.<\/p><p>Oriunda del estado de Guanajuato, defensora de los derechos humanos desde hace m\u00e1s de 40 a\u00f1os, de las mujeres y de las ni\u00f1as, y ser militante de la izquierda feminista, describi\u00f3 ante sus oyentes todas las virtudes que Marcelo Ebrard, que reafirman el por qu\u00e9 M\u00e9xico lo necesita \u201cy es el ideal para dar continuidad a la Cuarta Transformaci\u00f3n (4-T), con cambio\u201d.<\/p><p>Micher Camarena record\u00f3 que el canciller ha caminado desde hace m\u00e1s de 25 a\u00f1os con el presidente Andr\u00e9s Manuel L\u00f3pez Obrador, al que conoci\u00f3 desde las movilizaciones sociales que \u00e9ste \u00faltimo realiz\u00f3 en el Z\u00f3calo de la Ciudad de M\u00e9xico para demandar y lograr pagos a los trabajadores de la paraestatal Pemex<\/p><p>Cuando L\u00f3pez Obrador busc\u00f3 la jefatura de la capital del pa\u00eds Marcelo Ebrard se sum\u00f3 a trav\u00e9s del instituto pol\u00edtico que fund\u00f3, el Partido del Centro Democr\u00e1tico (PCD), eso le vali\u00f3 para que ganara y as\u00ed participar como Secretario de Seguridad P\u00fablica, d\u00e1ndole un cambio en el combate a la delincuencia a la Ciudad de M\u00e9xico.<\/p><p>Despu\u00e9s del fraude en la elecci\u00f3n federal de 2006, Ebrard Casaub\u00f3n logr\u00f3 la jefatura de gobierno del entonces Distrito Federal y fue el que se sostuvo en apoyo al plant\u00f3n que realiz\u00f3 AMLO en Paseo de la Reforma, para protestar por el citado fraude electoral que orquest\u00f3 y concret\u00f3 Felipe Calder\u00f3n Hinojosa.<\/p><p>La presidenta de la Comisi\u00f3n para la Igualdad en el Senado de la Rep\u00fablica dio a conocer que en ese entonces el canciller apoy\u00f3 econ\u00f3micamente a los empresarios para aminorar sus p\u00e9rdidas provocadas por el plant\u00f3, \u201cno los dej\u00f3 solos\u201d y el movimiento concluy\u00f3 cuando la Sala Superior del Tribunal Electoral del Poder Judicial de la Federaci\u00f3n (TEPJF) declar\u00f3 la validez de los comicios federales.<\/p><p>Ensalz\u00f3 c\u00f3mo en su momento construy\u00f3 una ciudad de libertades, de derechos, segura para las mujeres, transporte seguro para ellas, \u201cfue el primer estado en todo el pa\u00eds que tipific\u00f3 el femenicidio, lo hizo un delito grave, logr\u00f3 un presupuesto para las mujeres como nunca, \u201cMarcelo siempre ha sido un hombre preocupado por la desigualdad, abri\u00f3 playas, impuls\u00f3 las eco bicis; fue nombrado el mejor alcalde del mundo y evit\u00f3 que muchas mujeres muri\u00e9ramos al establecer la interrupci\u00f3n del embarazo para quien as\u00ed lo deseara y con ello se acabaron los abortos clandestinos; tambi\u00e9n dio los mismos derechos a las mujeres y hombres homosexuales\u201d.<\/p><p>Micher Camarena dijo que por todas esas virtudes es que Marcelo Ebrard merece ser el coordinaci\u00f3n nacional de los Comit\u00e9s de Defensa de la Cuarta Transformaci\u00f3n, por lo que pidi\u00f3 a todos los simpatizantes a convertirse en promotores, de casa por casa y hasta en las esquinas de las calles para promover la imagen de \u201cCon Marcelo S\u00ed\u201d y que pueda ganar la encuesta que se realizar\u00e1 en el mes de julio del presente a\u00f1o, \u201cporque es el hombre que necesita M\u00e9xico\u201d, declar\u00f3 la senadora.<\/p><p>En la reuni\u00f3n que se realiz\u00f3 en el Sal\u00f3n Ejidal de Santiago Tlapacoya tambi\u00e9n estuvieron presentes Tom\u00e1s P\u00e9rez Mej\u00eda y \u00c1ngel Sosa Beyza, coordinadores estatales de la UTC; Enrique Rocha Blanco, dirigente nacional de la UTC; Juan Carlos Salgado Hern\u00e1ndez, presidente estatal de la organizaci\u00f3n Benito Ju\u00e1rez Siglo XXI; Margarita Rold\u00e1n, de la Asociaci\u00f3n Civil, Apoyando al Mundo y el Movimiento Social de las Marcelinas; Mariana Conganilla, coordinadora estatal de Avanzada Nacional; Horacio Zavaleta Malacara, presidente estatal de UGOCEM L\u00e1zaro C\u00e1rdenas; Mart\u00edn Barreto Aguilar, dirigente nacional de UGOCEM L\u00e1zaro C\u00e1rdenas; Elizabeth Dom\u00ednguez, secretaria general de UTC Hidalgo; Sara\u00ed Castillo, de Asuntos Jur\u00eddicos de UTC Hidalgo, y Diana Guti\u00e9rrez Morales, secretaria general de Siglo XXI.<\/p>\t\t\t\t\t\t<\/div>\n\t\t\t\t<\/div>\n\t\t\t\t\t<\/div>\n\t\t<\/div>\n\t\t\t\t\t\t\t<\/div>\n\t\t<\/section>\n\t\t\t\t\t\t\t<\/div>\n\t\t","protected":false},"excerpt":{"rendered":"<p>PACHUCA, Hgo., 17 de Febrero de 2023.- El objetivo de movimiento nacional que apoya a Marcelo Ebrard Casaub\u00f3n, es promover su imagen en todo el pa\u00eds para que pueda ganar la encuesta que, eso s\u00ed, s\u00f3lo deber\u00e1 coordinar el Movimiento Nacional de Regeneraci\u00f3n Nacional (MORENA), mediante empresas externas para evitar que haya \u201cdados cargados\u201d y [&hellip;]<\/p>\n","protected":false},"author":1,"featured_media":2069,"comment_status":"closed","ping_status":"closed","sticky":false,"template":"","format":"standard","meta":[],"categories":[3],"tags":[],"_links":{"self":[{"href":"https:\/\/www.diarionoti7.com.mx\/index.php?rest_route=\/wp\/v2\/posts\/2067"}],"collection":[{"href":"https:\/\/www.diarionoti7.com.mx\/index.php?rest_route=\/wp\/v2\/posts"}],"about":[{"href":"https:\/\/www.diarionoti7.com.mx\/index.php?rest_route=\/wp\/v2\/types\/post"}],"author":[{"embeddable":true,"href":"https:\/\/www.diarionoti7.com.mx\/index.php?rest_route=\/wp\/v2\/users\/1"}],"replies":[{"embeddable":true,"href":"https:\/\/www.diarionoti7.com.mx\/index.php?rest_route=%2Fwp%2Fv2%2Fcomments&post=2067"}],"version-history":[{"count":4,"href":"https:\/\/www.diarionoti7.com.mx\/index.php?rest_route=\/wp\/v2\/posts\/2067\/revisions"}],"predecessor-version":[{"id":2072,"href":"https:\/\/www.diarionoti7.com.mx\/index.php?rest_route=\/wp\/v2\/posts\/2067\/revisions\/2072"}],"wp:featuredmedia":[{"embeddable":true,"href":"https:\/\/www.diarionoti7.com.mx\/index.php?rest_route=\/wp\/v2\/media\/2069"}],"wp:attachment":[{"href":"https:\/\/www.diarionoti7.com.mx\/index.php?rest_route=%2Fwp%2Fv2%2Fmedia&parent=2067"}],"wp:term":[{"taxonomy":"category","embeddable":true,"href":"https:\/\/www.diarionoti7.com.mx\/index.php?rest_route=%2Fwp%2Fv2%2Fcategories&post=2067"},{"taxonomy":"post_tag","embeddable":true,"href":"https:\/\/www.diarionoti7.com.mx\/index.php?rest_route=%2Fwp%2Fv2%2Ftags&post=2067"}],"curies":[{"name":"wp","href":"https:\/\/api.w.org\/{rel}","templated":true}]}}