{"id":1702,"date":"2023-02-15T16:50:01","date_gmt":"2023-02-15T16:50:01","guid":{"rendered":"https:\/\/www.diarionoti7.com.mx\/?p=1702"},"modified":"2023-02-15T16:50:51","modified_gmt":"2023-02-15T16:50:51","slug":"magisterio-y-el-gobierno-hacemos-un-equipo-de-alumnos-y-profesores-para-una-educacion-de-calidad-said-vargas","status":"publish","type":"post","link":"https:\/\/www.diarionoti7.com.mx\/?p=1702","title":{"rendered":"Magisterio y  el Gobierno Hacemos un Equipo de Alumnos y Profesores  Para una Educacion de Calidad: Said Vargas"},"content":{"rendered":"\t\t<div data-elementor-type=\"wp-post\" data-elementor-id=\"1702\" class=\"elementor elementor-1702\">\n\t\t\t\t\t\t\t\t\t<section class=\"elementor-section elementor-top-section elementor-element elementor-element-51c23a4c elementor-section-boxed elementor-section-height-default elementor-section-height-default\" data-id=\"51c23a4c\" data-element_type=\"section\">\n\t\t\t\t\t\t<div class=\"elementor-container elementor-column-gap-default\">\n\t\t\t\t\t<div class=\"elementor-column elementor-col-100 elementor-top-column elementor-element elementor-element-7d2e0b6e\" data-id=\"7d2e0b6e\" data-element_type=\"column\">\n\t\t\t<div class=\"elementor-widget-wrap elementor-element-populated\">\n\t\t\t\t\t\t\t\t<div class=\"elementor-element elementor-element-2f2290cd elementor-widget elementor-widget-text-editor\" data-id=\"2f2290cd\" data-element_type=\"widget\" data-widget_type=\"text-editor.default\">\n\t\t\t\t<div class=\"elementor-widget-container\">\n\t\t\t<style>\/*! elementor - v3.10.2 - 29-01-2023 *\/\n.elementor-widget-text-editor.elementor-drop-cap-view-stacked .elementor-drop-cap{background-color:#818a91;color:#fff}.elementor-widget-text-editor.elementor-drop-cap-view-framed .elementor-drop-cap{color:#818a91;border:3px solid;background-color:transparent}.elementor-widget-text-editor:not(.elementor-drop-cap-view-default) .elementor-drop-cap{margin-top:8px}.elementor-widget-text-editor:not(.elementor-drop-cap-view-default) .elementor-drop-cap-letter{width:1em;height:1em}.elementor-widget-text-editor .elementor-drop-cap{float:left;text-align:center;line-height:1;font-size:50px}.elementor-widget-text-editor .elementor-drop-cap-letter{display:inline-block}<\/style>\t\t\t\t<p><strong>Pachuca, Hgo, 14 de febrero 2023.- <\/strong>Hidalgo merece educaci\u00f3n de calidad, sostuvo Said Vargas S\u00e1enz secretario general de la Secci\u00f3n 15 del Sindicato Nacional de Trabajadores de la Educaci\u00f3n (SNTE), tras asegurar que para lograr este objetivo es necesario que el magisterio coadyuve con el gobierno estatal para hacer equipo a favor de alumnos y profesores.<\/p><p>Solo as\u00ed, se pueden formar hombres y mujeres de bien, con valores que generen personas de bien y que en un futuro todos los ni\u00f1os puedan contar con una profesi\u00f3n, para consolidar el desarrollo de la entidad al ser factor de crecimiento en sus comunidades.<\/p><p>Vargas S\u00e1enz, que logr\u00f3 que se le pagara el aguinaldo a 2mil 662 homologados mediante el dialogo con el gobierno estatal reiter\u00f3 su compromiso y apoyo al gobernador, Julio Menchaca Salazar \u00abaliado y amigo del magisterio\u00bb, qu\u00e9 respalda a los trabajadores de la educaci\u00f3n.<\/p><p>Lo anterior lo dijo al acudir al\u00a052 Aniversario de la fundaci\u00f3n de la Primaria Vicente Guerrero y 192 Aniversario luctuoso del Caudillo, en el que Menchaca Salazar, asegur\u00f3 que mejorar la calidad educativa es una de las principales prioridades de su administraci\u00f3n.<\/p><p>Destac\u00f3 que\u00a0mantendr\u00e1 colaboraci\u00f3n y trabajo conjunto con todo el personal docente de la entidad para brindar a todo el alumnado las condiciones, herramientas y elementos necesarios que les permitan su desarrollo personal y profesional.<\/p><p>Consider\u00f3 que para \u00e9l uno de los elementos esenciales para el desarrollo de las nuevas generaciones en la entidad son los docentes, ya que dedican su tiempo y esfuerzo a su labor para formar mejores m\u00e9dicos, abogados, deportistas, obreros, entre otras profesiones.<\/p>\t\t\t\t\t\t<\/div>\n\t\t\t\t<\/div>\n\t\t\t\t\t<\/div>\n\t\t<\/div>\n\t\t\t\t\t\t\t<\/div>\n\t\t<\/section>\n\t\t\t\t\t\t\t<\/div>\n\t\t","protected":false},"excerpt":{"rendered":"<p>Pachuca, Hgo, 14 de febrero 2023.- Hidalgo merece educaci\u00f3n de calidad, sostuvo Said Vargas S\u00e1enz secretario general de la Secci\u00f3n 15 del Sindicato Nacional de Trabajadores de la Educaci\u00f3n (SNTE), tras asegurar que para lograr este objetivo es necesario que el magisterio coadyuve con el gobierno estatal para hacer equipo a favor de alumnos y [&hellip;]<\/p>\n","protected":false},"author":1,"featured_media":1704,"comment_status":"closed","ping_status":"closed","sticky":false,"template":"","format":"standard","meta":[],"categories":[4,9],"tags":[],"_links":{"self":[{"href":"https:\/\/www.diarionoti7.com.mx\/index.php?rest_route=\/wp\/v2\/posts\/1702"}],"collection":[{"href":"https:\/\/www.diarionoti7.com.mx\/index.php?rest_route=\/wp\/v2\/posts"}],"about":[{"href":"https:\/\/www.diarionoti7.com.mx\/index.php?rest_route=\/wp\/v2\/types\/post"}],"author":[{"embeddable":true,"href":"https:\/\/www.diarionoti7.com.mx\/index.php?rest_route=\/wp\/v2\/users\/1"}],"replies":[{"embeddable":true,"href":"https:\/\/www.diarionoti7.com.mx\/index.php?rest_route=%2Fwp%2Fv2%2Fcomments&post=1702"}],"version-history":[{"count":4,"href":"https:\/\/www.diarionoti7.com.mx\/index.php?rest_route=\/wp\/v2\/posts\/1702\/revisions"}],"predecessor-version":[{"id":1707,"href":"https:\/\/www.diarionoti7.com.mx\/index.php?rest_route=\/wp\/v2\/posts\/1702\/revisions\/1707"}],"wp:featuredmedia":[{"embeddable":true,"href":"https:\/\/www.diarionoti7.com.mx\/index.php?rest_route=\/wp\/v2\/media\/1704"}],"wp:attachment":[{"href":"https:\/\/www.diarionoti7.com.mx\/index.php?rest_route=%2Fwp%2Fv2%2Fmedia&parent=1702"}],"wp:term":[{"taxonomy":"category","embeddable":true,"href":"https:\/\/www.diarionoti7.com.mx\/index.php?rest_route=%2Fwp%2Fv2%2Fcategories&post=1702"},{"taxonomy":"post_tag","embeddable":true,"href":"https:\/\/www.diarionoti7.com.mx\/index.php?rest_route=%2Fwp%2Fv2%2Ftags&post=1702"}],"curies":[{"name":"wp","href":"https:\/\/api.w.org\/{rel}","templated":true}]}}