{"id":1609,"date":"2023-02-14T14:27:12","date_gmt":"2023-02-14T14:27:12","guid":{"rendered":"https:\/\/www.diarionoti7.com.mx\/?p=1609"},"modified":"2023-02-14T14:29:18","modified_gmt":"2023-02-14T14:29:18","slug":"estudiante-garza-investiga-la-violencia-simbolica-en-las-relaciones-de-pareja","status":"publish","type":"post","link":"https:\/\/www.diarionoti7.com.mx\/?p=1609","title":{"rendered":"Estudiante Garza Investiga la Violencia Simb\u00f3lica en las Relaciones de Pareja"},"content":{"rendered":"\t\t<div data-elementor-type=\"wp-post\" data-elementor-id=\"1609\" class=\"elementor elementor-1609\">\n\t\t\t\t\t\t\t\t\t<section class=\"elementor-section elementor-top-section elementor-element elementor-element-51c23a4c elementor-section-boxed elementor-section-height-default elementor-section-height-default\" data-id=\"51c23a4c\" data-element_type=\"section\">\n\t\t\t\t\t\t<div class=\"elementor-container elementor-column-gap-default\">\n\t\t\t\t\t<div class=\"elementor-column elementor-col-100 elementor-top-column elementor-element elementor-element-7d2e0b6e\" data-id=\"7d2e0b6e\" data-element_type=\"column\">\n\t\t\t<div class=\"elementor-widget-wrap elementor-element-populated\">\n\t\t\t\t\t\t\t\t<div class=\"elementor-element elementor-element-2f2290cd elementor-widget elementor-widget-text-editor\" data-id=\"2f2290cd\" data-element_type=\"widget\" data-widget_type=\"text-editor.default\">\n\t\t\t\t<div class=\"elementor-widget-container\">\n\t\t\t<style>\/*! elementor - v3.10.2 - 29-01-2023 *\/\n.elementor-widget-text-editor.elementor-drop-cap-view-stacked .elementor-drop-cap{background-color:#818a91;color:#fff}.elementor-widget-text-editor.elementor-drop-cap-view-framed .elementor-drop-cap{color:#818a91;border:3px solid;background-color:transparent}.elementor-widget-text-editor:not(.elementor-drop-cap-view-default) .elementor-drop-cap{margin-top:8px}.elementor-widget-text-editor:not(.elementor-drop-cap-view-default) .elementor-drop-cap-letter{width:1em;height:1em}.elementor-widget-text-editor .elementor-drop-cap{float:left;text-align:center;line-height:1;font-size:50px}.elementor-widget-text-editor .elementor-drop-cap-letter{display:inline-block}<\/style>\t\t\t\t<p><strong>*La alumna del Doctorado en Ciencias Sociales llam\u00f3 a construir relaciones afectivas saludables<\/strong><\/p><p><strong>*Se\u00f1al\u00f3 que la mayor\u00eda de estudiantes utiliza el t\u00e9rmino \u201ccasi algo\u201d, \u201cmi peor es nada\u201d, \u201cme lo estoy dando\u201d y \u201cmi quedante\u201d en sus relaciones, porque consideran que eso los lleva a un menor compromiso, sin embargo, en ello se encuentra una cantidad de diferentes tipos de violencias relacionadas a la violencia simb\u00f3lica<\/strong><\/p><p><strong>Pachuca, Hgo. 12 de febrero 2023.-<\/strong> \u201cLa mayor\u00eda de nosotros nacemos incompletos, no hay una media naranja para nosotros, somos seres \u2018deseantes\u2019 que siempre vamos a estar incompletos, nunca vamos a encontrar a una persona ideal. No existe\u201d, declar\u00f3 Jairem Ibarra Reyna, estudiante del programa en Ciencias Sociales de la Universidad Aut\u00f3noma del Estado de Hidalgo (UAEH), sobre su estudio que aborda la problem\u00e1tica de la violencia simb\u00f3lica que sufren las parejas de estudiantes de nivel superior en la entidad y el llamado a implementar acciones que permitan la construcci\u00f3n de relaciones afectivas saludables.<\/p><p>El termino violencia simb\u00f3lica se estableci\u00f3 en la d\u00e9cada de los setenta con el soci\u00f3logo franc\u00e9s Pierre Bourdieu y la define como aquella relaci\u00f3n en donde el \u201cdominador\u201d ejerce un tipo de violencia indirecta contra los \u201cdominados\u201d, la cual pasa desapercibida, debido a la creencia de que estas relaciones de poder son naturales, leg\u00edtimas, incuestionables y, por lo tanto, no pueden ser modificadas.<\/p><p>\u201cCreemos que nos deber\u00eda de gustar que nos celen porque la persona est\u00e1 atenta en m\u00ed, tambi\u00e9n que me pidan revisar mi tel\u00e9fono, que no me deje vestir de cierta manera o que no me deje tener ciertos amigos; sin embargo, no es as\u00ed, de hecho, la violencia simb\u00f3lica es la base de todos los tipos de violencia\u201d, sentenci\u00f3.<\/p><p>Ibarra Reyna puntualiz\u00f3 que este tipo de violencia se perpet\u00faa por dos factores fundamentales: el primero es el gozo inconsciente de lo que entienden los estudiantes como amor rom\u00e1ntico, el cual se introyecta a trav\u00e9s de la educaci\u00f3n difusa; y en segundo lugar est\u00e1 el desconocimiento de la responsabilidad subjetiva de ambas partes.<\/p><p>\u201c\u00bfEs necesario que nos puedan educar acerca de c\u00f3mo podemos escoger a nuestras parejas?, \u00bfcu\u00e1les son aquellas banderas rojas?, \u00bfc\u00f3mo puedo identificarlas en una relaci\u00f3n? y \u00bfcu\u00e1les son los l\u00edmites que debo de poner?\u201d, enfatiz\u00f3 la tambi\u00e9n psic\u00f3loga.<\/p><p>Por ello, ha planteado una propuesta de trabajo terap\u00e9utico educativo que permita romper los v\u00ednculos con estas estructuras, a partir de la responsabilidad afectiva. Jairem Ibarra Reyna puntualiz\u00f3 que es necesario dejar de caer en la cultura del victimismo cuando se termina una relaci\u00f3n afectiva y, con ayuda de un psicoterapeuta capacitado, responsabilizarnos de nuestros sentimientos, actos y pensamientos para romper con estos ciclos.<\/p><p>En su trabajo de investigaci\u00f3n \u201cLa violencia simb\u00f3lica en estudiantes universitarios del estado de Hidalgo\u201d, se\u00f1ala que este tipo de violencias se presentan en todos los niveles socioecon\u00f3micos y educativos, tanto en hombres como en mujeres, sin importar el tipo de orientaci\u00f3n sexual.<\/p><p>Sin embargo, rescat\u00f3 que la mayor\u00eda de las y los estudiantes que participaron en el estudio a trav\u00e9s de sus relatos, lograron realizar una catarsis sobre sus relaciones afectivas, descubrieron el tipo de violencias que sufrieron o ejercieron en alg\u00fan momento y modificaron su comportamiento, as\u00ed como el manejo de emociones.<\/p><p>\u201cSolo hacen falta espacios en donde se puedan promover de manera colectiva estos talleres, conferencias de educaci\u00f3n emocional, el cuidado de la salud mental y que se les encamine a responsabilizarse de sus actos, de sus emociones y no dejarlo solo para el otro\u201d, recalc\u00f3 al finalizar.<\/p>\t\t\t\t\t\t<\/div>\n\t\t\t\t<\/div>\n\t\t\t\t\t<\/div>\n\t\t<\/div>\n\t\t\t\t\t\t\t<\/div>\n\t\t<\/section>\n\t\t\t\t\t\t\t<\/div>\n\t\t","protected":false},"excerpt":{"rendered":"<p>*La alumna del Doctorado en Ciencias Sociales llam\u00f3 a construir relaciones afectivas saludables *Se\u00f1al\u00f3 que la mayor\u00eda de estudiantes utiliza el t\u00e9rmino \u201ccasi algo\u201d, \u201cmi peor es nada\u201d, \u201cme lo estoy dando\u201d y \u201cmi quedante\u201d en sus relaciones, porque consideran que eso los lleva a un menor compromiso, sin embargo, en ello se encuentra una [&hellip;]<\/p>\n","protected":false},"author":1,"featured_media":1611,"comment_status":"closed","ping_status":"closed","sticky":false,"template":"","format":"standard","meta":[],"categories":[4],"tags":[],"_links":{"self":[{"href":"https:\/\/www.diarionoti7.com.mx\/index.php?rest_route=\/wp\/v2\/posts\/1609"}],"collection":[{"href":"https:\/\/www.diarionoti7.com.mx\/index.php?rest_route=\/wp\/v2\/posts"}],"about":[{"href":"https:\/\/www.diarionoti7.com.mx\/index.php?rest_route=\/wp\/v2\/types\/post"}],"author":[{"embeddable":true,"href":"https:\/\/www.diarionoti7.com.mx\/index.php?rest_route=\/wp\/v2\/users\/1"}],"replies":[{"embeddable":true,"href":"https:\/\/www.diarionoti7.com.mx\/index.php?rest_route=%2Fwp%2Fv2%2Fcomments&post=1609"}],"version-history":[{"count":4,"href":"https:\/\/www.diarionoti7.com.mx\/index.php?rest_route=\/wp\/v2\/posts\/1609\/revisions"}],"predecessor-version":[{"id":1614,"href":"https:\/\/www.diarionoti7.com.mx\/index.php?rest_route=\/wp\/v2\/posts\/1609\/revisions\/1614"}],"wp:featuredmedia":[{"embeddable":true,"href":"https:\/\/www.diarionoti7.com.mx\/index.php?rest_route=\/wp\/v2\/media\/1611"}],"wp:attachment":[{"href":"https:\/\/www.diarionoti7.com.mx\/index.php?rest_route=%2Fwp%2Fv2%2Fmedia&parent=1609"}],"wp:term":[{"taxonomy":"category","embeddable":true,"href":"https:\/\/www.diarionoti7.com.mx\/index.php?rest_route=%2Fwp%2Fv2%2Fcategories&post=1609"},{"taxonomy":"post_tag","embeddable":true,"href":"https:\/\/www.diarionoti7.com.mx\/index.php?rest_route=%2Fwp%2Fv2%2Ftags&post=1609"}],"curies":[{"name":"wp","href":"https:\/\/api.w.org\/{rel}","templated":true}]}}