{"id":14570,"date":"2023-07-19T17:17:29","date_gmt":"2023-07-19T17:17:29","guid":{"rendered":"https:\/\/www.diarionoti7.com.mx\/?p=14570"},"modified":"2023-07-19T17:18:49","modified_gmt":"2023-07-19T17:18:49","slug":"centros-de-desarrollo-comunitario-de-tulancingo-comenzaran-curso-poliverano","status":"publish","type":"post","link":"https:\/\/www.diarionoti7.com.mx\/?p=14570","title":{"rendered":"Centros de Desarrollo Comunitario de Tulancingo Comenzar\u00e1n Curso Poliverano"},"content":{"rendered":"\t\t<div data-elementor-type=\"wp-post\" data-elementor-id=\"14570\" class=\"elementor elementor-14570\">\n\t\t\t\t\t\t\t\t\t<section class=\"elementor-section elementor-top-section elementor-element elementor-element-1da7a1e elementor-section-boxed elementor-section-height-default elementor-section-height-default\" data-id=\"1da7a1e\" data-element_type=\"section\">\n\t\t\t\t\t\t<div class=\"elementor-container elementor-column-gap-default\">\n\t\t\t\t\t<div class=\"elementor-column elementor-col-100 elementor-top-column elementor-element elementor-element-8451efe\" data-id=\"8451efe\" data-element_type=\"column\">\n\t\t\t<div class=\"elementor-widget-wrap elementor-element-populated\">\n\t\t\t\t\t\t\t\t<div class=\"elementor-element elementor-element-19003b8 elementor-widget elementor-widget-text-editor\" data-id=\"19003b8\" data-element_type=\"widget\" data-widget_type=\"text-editor.default\">\n\t\t\t\t<div class=\"elementor-widget-container\">\n\t\t\t<style>\/*! elementor - v3.10.2 - 29-01-2023 *\/\n.elementor-widget-text-editor.elementor-drop-cap-view-stacked .elementor-drop-cap{background-color:#818a91;color:#fff}.elementor-widget-text-editor.elementor-drop-cap-view-framed .elementor-drop-cap{color:#818a91;border:3px solid;background-color:transparent}.elementor-widget-text-editor:not(.elementor-drop-cap-view-default) .elementor-drop-cap{margin-top:8px}.elementor-widget-text-editor:not(.elementor-drop-cap-view-default) .elementor-drop-cap-letter{width:1em;height:1em}.elementor-widget-text-editor .elementor-drop-cap{float:left;text-align:center;line-height:1;font-size:50px}.elementor-widget-text-editor .elementor-drop-cap-letter{display:inline-block}<\/style>\t\t\t\t<p><strong>Tulancingo, Hgo., 18 de julio de 2023.-<\/strong>La directora de Centros de Desarrollo Comunitario, Gabina L\u00f3pez Mart\u00ednez, inform\u00f3 que con el apoyo del presidente Jorge M\u00e1rquez Alvarado, llevar\u00e1n a cabo el tradicional curso Poli Verano en su edici\u00f3n 2023.<\/p><p>\u00a0Este martes comenzar\u00e1n inscripciones para ni\u00f1os y adolescentes desde 5 y hasta 15 a\u00f1os.<\/p><p>El costo del curso es de 400 pesos y los interesados pueden reservar su lugar en el espacio m\u00e1s cercano a sus domicilios, recordando que el municipio cuenta con cuatro pol\u00edgonos y tres parques recreativos.<\/p><p>Pol\u00edgonos: La Ca\u00f1ada, Metilatla, Guadalupe y Jaltepec; y Parques Recreativos: Para\u00edso, Napateco y Avioneta.<\/p><p>En todos esos espacios, se realizar\u00e1 el poliverano con duraci\u00f3n de dos semanas, Desde el 24 de julio y hasta el 4 de agosto.<\/p><p>En el marco de este curso veraniego se impartir\u00e1 teatro, danza, artes pl\u00e1sticas, baile kids, juegos l\u00fadicos, artes marciales, entre muchas m\u00e1s sorpresas.<\/p><p>Cabe mencionar que el poliverano ha beneficiado a m\u00e1s de 200 ni\u00f1as y ni\u00f1os, en cada edici\u00f3n ya que, en cada pol\u00edgono y parque recreativo, hay un cupo de 30 menores.<\/p><p>Los requisitos para inscribir a un menor en el curso de verano son: CURP y una foto infantil, as\u00ed como cubrir el importe \u00fanico de 400 pesos.<\/p><p>El curso se ofrece de lunes a viernes con un horario de 9:00 a 13:00 horas y al finalizar habr\u00e1 un evento de clausura, con la entrega de reconocimientos.<\/p><p>Con estas actividades, la administraci\u00f3n municipal y la direcci\u00f3n de Centros de Desarrollo Comunitario ampl\u00edan las alternativas donde los ni\u00f1os y adolescentes puedan convivir con otros ni\u00f1os de su edad, e igualmente aprender de arte, deporte, as\u00ed como de diversos oficios.<\/p><p>Para m\u00e1s informaci\u00f3n sobre este curso de poli verano, el tel\u00e9fono de atenci\u00f3n es 7757558450 extensi\u00f3n 1135 o de manera presencial acudiendo a oficinas.<\/p>\t\t\t\t\t\t<\/div>\n\t\t\t\t<\/div>\n\t\t\t\t\t<\/div>\n\t\t<\/div>\n\t\t\t\t\t\t\t<\/div>\n\t\t<\/section>\n\t\t\t\t\t\t\t<\/div>\n\t\t","protected":false},"excerpt":{"rendered":"<p>Tulancingo, Hgo., 18 de julio de 2023.-La directora de Centros de Desarrollo Comunitario, Gabina L\u00f3pez Mart\u00ednez, inform\u00f3 que con el apoyo del presidente Jorge M\u00e1rquez Alvarado, llevar\u00e1n a cabo el tradicional curso Poli Verano en su edici\u00f3n 2023. \u00a0Este martes comenzar\u00e1n inscripciones para ni\u00f1os y adolescentes desde 5 y hasta 15 a\u00f1os. El costo del [&hellip;]<\/p>\n","protected":false},"author":1,"featured_media":14572,"comment_status":"closed","ping_status":"closed","sticky":false,"template":"","format":"standard","meta":[],"categories":[9],"tags":[],"_links":{"self":[{"href":"https:\/\/www.diarionoti7.com.mx\/index.php?rest_route=\/wp\/v2\/posts\/14570"}],"collection":[{"href":"https:\/\/www.diarionoti7.com.mx\/index.php?rest_route=\/wp\/v2\/posts"}],"about":[{"href":"https:\/\/www.diarionoti7.com.mx\/index.php?rest_route=\/wp\/v2\/types\/post"}],"author":[{"embeddable":true,"href":"https:\/\/www.diarionoti7.com.mx\/index.php?rest_route=\/wp\/v2\/users\/1"}],"replies":[{"embeddable":true,"href":"https:\/\/www.diarionoti7.com.mx\/index.php?rest_route=%2Fwp%2Fv2%2Fcomments&post=14570"}],"version-history":[{"count":4,"href":"https:\/\/www.diarionoti7.com.mx\/index.php?rest_route=\/wp\/v2\/posts\/14570\/revisions"}],"predecessor-version":[{"id":14575,"href":"https:\/\/www.diarionoti7.com.mx\/index.php?rest_route=\/wp\/v2\/posts\/14570\/revisions\/14575"}],"wp:featuredmedia":[{"embeddable":true,"href":"https:\/\/www.diarionoti7.com.mx\/index.php?rest_route=\/wp\/v2\/media\/14572"}],"wp:attachment":[{"href":"https:\/\/www.diarionoti7.com.mx\/index.php?rest_route=%2Fwp%2Fv2%2Fmedia&parent=14570"}],"wp:term":[{"taxonomy":"category","embeddable":true,"href":"https:\/\/www.diarionoti7.com.mx\/index.php?rest_route=%2Fwp%2Fv2%2Fcategories&post=14570"},{"taxonomy":"post_tag","embeddable":true,"href":"https:\/\/www.diarionoti7.com.mx\/index.php?rest_route=%2Fwp%2Fv2%2Ftags&post=14570"}],"curies":[{"name":"wp","href":"https:\/\/api.w.org\/{rel}","templated":true}]}}