{"id":14552,"date":"2023-07-19T17:11:59","date_gmt":"2023-07-19T17:11:59","guid":{"rendered":"https:\/\/www.diarionoti7.com.mx\/?p=14552"},"modified":"2023-07-19T17:12:59","modified_gmt":"2023-07-19T17:12:59","slug":"27-anos-de-prision-para-responsable-de-homicidio-doloso-calificado-y-lesiones-dolosas-calificadas","status":"publish","type":"post","link":"https:\/\/www.diarionoti7.com.mx\/?p=14552","title":{"rendered":"27 A\u00f1os de Prisi\u00f3n Para Responsable de Homicidio Doloso Calificado y Lesiones Dolosas Calificadas"},"content":{"rendered":"\t\t<div data-elementor-type=\"wp-post\" data-elementor-id=\"14552\" class=\"elementor elementor-14552\">\n\t\t\t\t\t\t\t\t\t<section class=\"elementor-section elementor-top-section elementor-element elementor-element-1da7a1e elementor-section-boxed elementor-section-height-default elementor-section-height-default\" data-id=\"1da7a1e\" data-element_type=\"section\">\n\t\t\t\t\t\t<div class=\"elementor-container elementor-column-gap-default\">\n\t\t\t\t\t<div class=\"elementor-column elementor-col-100 elementor-top-column elementor-element elementor-element-8451efe\" data-id=\"8451efe\" data-element_type=\"column\">\n\t\t\t<div class=\"elementor-widget-wrap elementor-element-populated\">\n\t\t\t\t\t\t\t\t<div class=\"elementor-element elementor-element-19003b8 elementor-widget elementor-widget-text-editor\" data-id=\"19003b8\" data-element_type=\"widget\" data-widget_type=\"text-editor.default\">\n\t\t\t\t<div class=\"elementor-widget-container\">\n\t\t\t<style>\/*! elementor - v3.10.2 - 29-01-2023 *\/\n.elementor-widget-text-editor.elementor-drop-cap-view-stacked .elementor-drop-cap{background-color:#818a91;color:#fff}.elementor-widget-text-editor.elementor-drop-cap-view-framed .elementor-drop-cap{color:#818a91;border:3px solid;background-color:transparent}.elementor-widget-text-editor:not(.elementor-drop-cap-view-default) .elementor-drop-cap{margin-top:8px}.elementor-widget-text-editor:not(.elementor-drop-cap-view-default) .elementor-drop-cap-letter{width:1em;height:1em}.elementor-widget-text-editor .elementor-drop-cap{float:left;text-align:center;line-height:1;font-size:50px}.elementor-widget-text-editor .elementor-drop-cap-letter{display:inline-block}<\/style>\t\t\t\t<p><strong>Pachuca, Hgo., 18 de julio de 2023.-<\/strong>Personal ministerial de la Subprocuradur\u00eda oriente, prob\u00f3 plenamente la responsabilidad de una persona identificada como M. de J. J. M., en hechos que la ley sanciona como homicidio doloso calificado y lesiones dolosas calificadas, raz\u00f3n por la que la autoridad judicial le dict\u00f3 sentencia de 27 a\u00f1os y seis meses de prisi\u00f3n.<\/p><p>Los sucesos que derivaron en una investigaci\u00f3n por parte de esta representaci\u00f3n social, ocurrieron el 21 de diciembre de 2021, al exterior del bar \u201cJalisco No Te Rajes\u201d, ubicado en el fraccionamiento Zona Plateada de Pachuca de Soto, cuando M. de J. J. M., agredi\u00f3 f\u00edsicamente a dos personas, privando de la vida a una de ellas, con el uso de un arma blanca, misma con la que agredi\u00f3 a dos personas m\u00e1s, quienes resultaron lesionadas.<\/p><p>Al tener conocimiento de lo ocurrido, esta representaci\u00f3n social inici\u00f3 la carpeta de investigaci\u00f3n correspondiente y agentes del Ministerio P\u00fablico reunieron los datos de prueba contra M. de J. J. M. y los presentaron ante la autoridad judicial, en audiencia inicial donde se formul\u00f3 imputaci\u00f3n.<\/p><p>Una vez que el imputado qued\u00f3 vinculado a proceso por los hechos antes mencionados y una vez agotadas las etapas del proceso penal, el Ministerio P\u00fablico obtuvo del tribunal de enjuiciamiento, fallo condenatorio contra M. de J. J. M.<\/p><p>En la audiencia de individualizaci\u00f3n de sanciones, se impuso una sentencia de 25 a\u00f1os de prisi\u00f3n por homicidio doloso calificado, as\u00ed como una pena de dos a\u00f1os y seis meses de prisi\u00f3n por las lesiones dolosas calificadas, causadas a las dos personas, sumando una sentencia de 27 a\u00f1os y seis meses de prisi\u00f3n.<\/p><p>El ahora sentenciado deber\u00e1 pagar las multas impuestas por cada uno de los delitos cometidos, as\u00ed como los pagos por concepto de las reparaciones de los da\u00f1os.\u00a0<\/p><p>\u00a0<\/p><p>.<\/p>\t\t\t\t\t\t<\/div>\n\t\t\t\t<\/div>\n\t\t\t\t\t<\/div>\n\t\t<\/div>\n\t\t\t\t\t\t\t<\/div>\n\t\t<\/section>\n\t\t\t\t\t\t\t<\/div>\n\t\t","protected":false},"excerpt":{"rendered":"<p>Pachuca, Hgo., 18 de julio de 2023.-Personal ministerial de la Subprocuradur\u00eda oriente, prob\u00f3 plenamente la responsabilidad de una persona identificada como M. de J. J. M., en hechos que la ley sanciona como homicidio doloso calificado y lesiones dolosas calificadas, raz\u00f3n por la que la autoridad judicial le dict\u00f3 sentencia de 27 a\u00f1os y seis [&hellip;]<\/p>\n","protected":false},"author":1,"featured_media":14554,"comment_status":"closed","ping_status":"closed","sticky":false,"template":"","format":"standard","meta":[],"categories":[22],"tags":[],"_links":{"self":[{"href":"https:\/\/www.diarionoti7.com.mx\/index.php?rest_route=\/wp\/v2\/posts\/14552"}],"collection":[{"href":"https:\/\/www.diarionoti7.com.mx\/index.php?rest_route=\/wp\/v2\/posts"}],"about":[{"href":"https:\/\/www.diarionoti7.com.mx\/index.php?rest_route=\/wp\/v2\/types\/post"}],"author":[{"embeddable":true,"href":"https:\/\/www.diarionoti7.com.mx\/index.php?rest_route=\/wp\/v2\/users\/1"}],"replies":[{"embeddable":true,"href":"https:\/\/www.diarionoti7.com.mx\/index.php?rest_route=%2Fwp%2Fv2%2Fcomments&post=14552"}],"version-history":[{"count":4,"href":"https:\/\/www.diarionoti7.com.mx\/index.php?rest_route=\/wp\/v2\/posts\/14552\/revisions"}],"predecessor-version":[{"id":14557,"href":"https:\/\/www.diarionoti7.com.mx\/index.php?rest_route=\/wp\/v2\/posts\/14552\/revisions\/14557"}],"wp:featuredmedia":[{"embeddable":true,"href":"https:\/\/www.diarionoti7.com.mx\/index.php?rest_route=\/wp\/v2\/media\/14554"}],"wp:attachment":[{"href":"https:\/\/www.diarionoti7.com.mx\/index.php?rest_route=%2Fwp%2Fv2%2Fmedia&parent=14552"}],"wp:term":[{"taxonomy":"category","embeddable":true,"href":"https:\/\/www.diarionoti7.com.mx\/index.php?rest_route=%2Fwp%2Fv2%2Fcategories&post=14552"},{"taxonomy":"post_tag","embeddable":true,"href":"https:\/\/www.diarionoti7.com.mx\/index.php?rest_route=%2Fwp%2Fv2%2Ftags&post=14552"}],"curies":[{"name":"wp","href":"https:\/\/api.w.org\/{rel}","templated":true}]}}