{"id":14520,"date":"2023-07-18T18:14:48","date_gmt":"2023-07-18T18:14:48","guid":{"rendered":"https:\/\/www.diarionoti7.com.mx\/?p=14520"},"modified":"2023-07-18T18:16:14","modified_gmt":"2023-07-18T18:16:14","slug":"denuncian-a-xochitl-galvez-por-presunto-enriquecimiento-ilicito","status":"publish","type":"post","link":"https:\/\/www.diarionoti7.com.mx\/?p=14520","title":{"rendered":"Denuncian a X\u00f3chitl G\u00e1lvez Por Presunto Enriquecimiento Il\u00edcito"},"content":{"rendered":"\t\t<div data-elementor-type=\"wp-post\" data-elementor-id=\"14520\" class=\"elementor elementor-14520\">\n\t\t\t\t\t\t\t\t\t<section class=\"elementor-section elementor-top-section elementor-element elementor-element-1da7a1e elementor-section-boxed elementor-section-height-default elementor-section-height-default\" data-id=\"1da7a1e\" data-element_type=\"section\">\n\t\t\t\t\t\t<div class=\"elementor-container elementor-column-gap-default\">\n\t\t\t\t\t<div class=\"elementor-column elementor-col-100 elementor-top-column elementor-element elementor-element-8451efe\" data-id=\"8451efe\" data-element_type=\"column\">\n\t\t\t<div class=\"elementor-widget-wrap elementor-element-populated\">\n\t\t\t\t\t\t\t\t<div class=\"elementor-element elementor-element-19003b8 elementor-widget elementor-widget-text-editor\" data-id=\"19003b8\" data-element_type=\"widget\" data-widget_type=\"text-editor.default\">\n\t\t\t\t<div class=\"elementor-widget-container\">\n\t\t\t<style>\/*! elementor - v3.10.2 - 29-01-2023 *\/\n.elementor-widget-text-editor.elementor-drop-cap-view-stacked .elementor-drop-cap{background-color:#818a91;color:#fff}.elementor-widget-text-editor.elementor-drop-cap-view-framed .elementor-drop-cap{color:#818a91;border:3px solid;background-color:transparent}.elementor-widget-text-editor:not(.elementor-drop-cap-view-default) .elementor-drop-cap{margin-top:8px}.elementor-widget-text-editor:not(.elementor-drop-cap-view-default) .elementor-drop-cap-letter{width:1em;height:1em}.elementor-widget-text-editor .elementor-drop-cap{float:left;text-align:center;line-height:1;font-size:50px}.elementor-widget-text-editor .elementor-drop-cap-letter{display:inline-block}<\/style>\t\t\t\t<p><strong>Ciudad de M\u00e9xico, 17 de julio 2023.- <\/strong>El diputado Manuel Alejandro Robles de Morena indic\u00f3 que &#8220;se desprende la posibilidad de que G\u00e1lvez Ru\u00edz pudiera ser parte de la llamada mafia inmobiliaria&#8221;<\/p><p>La denuncia contra X\u00f3chitl G\u00e1lvez ante la FGR fue interpuesta por un diputado de Morena. | Foto: Cuartoscuro<\/p><p>El diputado de Morena\u00a0Manuel Alejandro Robles, present\u00f3 una denuncia ante la\u00a0Fiscal\u00eda General de la Rep\u00fablica (FGR), en contra de la senadora X\u00f3chitl G\u00e1lvez, por supuesto\u00a0enriquecimiento il\u00edcito, al amparo del servicio p\u00fablico.<\/p><p>\u201cNo se enriqueci\u00f3 as\u00ed por obra y gracia del esp\u00edritu santo, sino que ech\u00f3 mano precisamente pues de toda una ingenier\u00eda financiera que le ha permitido amasar esa fortuna, evadir impuestos y lavar dinero. Esos son los\u00a0comportamientos delictivos\u00a0que apreciamos de toda esta red de empresas y de contratos p\u00fablicos que nos parece fundamental que sea investigado\u201d.<\/p><p>En conferencia de prensa, el legislador de Morena manifest\u00f3 que de la\u00a0denuncia p\u00fablica\u00a0que hizo el Ejecutivo Federal, se desprende la posibilidad de que G\u00e1lvez Ru\u00edz pudiera ser parte tambi\u00e9n de la llamada\u00a0mafia inmobiliaria.<\/p><p>Sin dar mayores detalles sobre las pruebas en contra de la legisladora panista, el diputado\u00a0Alejandro Robles\u00a0indic\u00f3 que es ante la Fiscal\u00eda donde se han se presentado los elementos de prueba.<\/p><p>Asegur\u00f3 que ha amasado su fortuna en el servicio p\u00fablico y que adem\u00e1s ha sido omisa en las\u00a0declaraciones de sus empresas,\u00a0seg\u00fan el legislador morenista.<\/p><p>Robles afirm\u00f3 que X\u00f3chitl es parte de la\u00a0mafia inmobiliaria, y que habr\u00e1 que aclarar si es una exitosa empresaria o es una pol\u00edtica corrupta.<\/p><p>\u00a0<\/p>\t\t\t\t\t\t<\/div>\n\t\t\t\t<\/div>\n\t\t\t\t\t<\/div>\n\t\t<\/div>\n\t\t\t\t\t\t\t<\/div>\n\t\t<\/section>\n\t\t\t\t\t\t\t<\/div>\n\t\t","protected":false},"excerpt":{"rendered":"<p>Ciudad de M\u00e9xico, 17 de julio 2023.- El diputado Manuel Alejandro Robles de Morena indic\u00f3 que &#8220;se desprende la posibilidad de que G\u00e1lvez Ru\u00edz pudiera ser parte de la llamada mafia inmobiliaria&#8221; La denuncia contra X\u00f3chitl G\u00e1lvez ante la FGR fue interpuesta por un diputado de Morena. | Foto: Cuartoscuro El diputado de Morena\u00a0Manuel Alejandro [&hellip;]<\/p>\n","protected":false},"author":1,"featured_media":14522,"comment_status":"closed","ping_status":"closed","sticky":false,"template":"","format":"standard","meta":[],"categories":[7],"tags":[],"_links":{"self":[{"href":"https:\/\/www.diarionoti7.com.mx\/index.php?rest_route=\/wp\/v2\/posts\/14520"}],"collection":[{"href":"https:\/\/www.diarionoti7.com.mx\/index.php?rest_route=\/wp\/v2\/posts"}],"about":[{"href":"https:\/\/www.diarionoti7.com.mx\/index.php?rest_route=\/wp\/v2\/types\/post"}],"author":[{"embeddable":true,"href":"https:\/\/www.diarionoti7.com.mx\/index.php?rest_route=\/wp\/v2\/users\/1"}],"replies":[{"embeddable":true,"href":"https:\/\/www.diarionoti7.com.mx\/index.php?rest_route=%2Fwp%2Fv2%2Fcomments&post=14520"}],"version-history":[{"count":4,"href":"https:\/\/www.diarionoti7.com.mx\/index.php?rest_route=\/wp\/v2\/posts\/14520\/revisions"}],"predecessor-version":[{"id":14525,"href":"https:\/\/www.diarionoti7.com.mx\/index.php?rest_route=\/wp\/v2\/posts\/14520\/revisions\/14525"}],"wp:featuredmedia":[{"embeddable":true,"href":"https:\/\/www.diarionoti7.com.mx\/index.php?rest_route=\/wp\/v2\/media\/14522"}],"wp:attachment":[{"href":"https:\/\/www.diarionoti7.com.mx\/index.php?rest_route=%2Fwp%2Fv2%2Fmedia&parent=14520"}],"wp:term":[{"taxonomy":"category","embeddable":true,"href":"https:\/\/www.diarionoti7.com.mx\/index.php?rest_route=%2Fwp%2Fv2%2Fcategories&post=14520"},{"taxonomy":"post_tag","embeddable":true,"href":"https:\/\/www.diarionoti7.com.mx\/index.php?rest_route=%2Fwp%2Fv2%2Ftags&post=14520"}],"curies":[{"name":"wp","href":"https:\/\/api.w.org\/{rel}","templated":true}]}}