{"id":14519,"date":"2023-07-18T18:14:32","date_gmt":"2023-07-18T18:14:32","guid":{"rendered":"https:\/\/www.diarionoti7.com.mx\/?p=14519"},"modified":"2023-07-18T18:18:07","modified_gmt":"2023-07-18T18:18:07","slug":"presenta-menchaca-salazar-la-academia-de-la-transformacion","status":"publish","type":"post","link":"https:\/\/www.diarionoti7.com.mx\/?p=14519","title":{"rendered":"Presenta Menchaca Salazar la Academia de la Transformaci\u00f3n"},"content":{"rendered":"\t\t<div data-elementor-type=\"wp-post\" data-elementor-id=\"14519\" class=\"elementor elementor-14519\">\n\t\t\t\t\t\t\t\t\t<section class=\"elementor-section elementor-top-section elementor-element elementor-element-1da7a1e elementor-section-boxed elementor-section-height-default elementor-section-height-default\" data-id=\"1da7a1e\" data-element_type=\"section\">\n\t\t\t\t\t\t<div class=\"elementor-container elementor-column-gap-default\">\n\t\t\t\t\t<div class=\"elementor-column elementor-col-100 elementor-top-column elementor-element elementor-element-8451efe\" data-id=\"8451efe\" data-element_type=\"column\">\n\t\t\t<div class=\"elementor-widget-wrap elementor-element-populated\">\n\t\t\t\t\t\t\t\t<div class=\"elementor-element elementor-element-19003b8 elementor-widget elementor-widget-text-editor\" data-id=\"19003b8\" data-element_type=\"widget\" data-widget_type=\"text-editor.default\">\n\t\t\t\t<div class=\"elementor-widget-container\">\n\t\t\t<style>\/*! elementor - v3.10.2 - 29-01-2023 *\/\n.elementor-widget-text-editor.elementor-drop-cap-view-stacked .elementor-drop-cap{background-color:#818a91;color:#fff}.elementor-widget-text-editor.elementor-drop-cap-view-framed .elementor-drop-cap{color:#818a91;border:3px solid;background-color:transparent}.elementor-widget-text-editor:not(.elementor-drop-cap-view-default) .elementor-drop-cap{margin-top:8px}.elementor-widget-text-editor:not(.elementor-drop-cap-view-default) .elementor-drop-cap-letter{width:1em;height:1em}.elementor-widget-text-editor .elementor-drop-cap{float:left;text-align:center;line-height:1;font-size:50px}.elementor-widget-text-editor .elementor-drop-cap-letter{display:inline-block}<\/style>\t\t\t\t<p><strong>-Servidores p\u00fablicos contar\u00e1n con nuevas herramientas que contribuyan a su profesionalizaci\u00f3n<\/strong><\/p><p><strong>Pachuca, Hgo., 17 de julio de 2023.-<\/strong>Con el compromiso de consolidar un servicio profesional de carrera que est\u00e9 a la altura de las exigencias del pueblo, el gobernador de Hidalgo, Julio Menchaca Salazar, realiz\u00f3 la presentaci\u00f3n de la Academia de la Transformaci\u00f3n, la cual garantizar\u00e1 la profesionalizaci\u00f3n quienes desempe\u00f1en un cargo p\u00fablico en el Ejecutivo estatal.<\/p><p>\u201cCon este esfuerzo damos respuesta a la expectativa que tiene la gente en esta administraci\u00f3n, pues hay un gran equipo con convicci\u00f3n de servicio\u201d, puntualiz\u00f3 Menchaca Salazar al exhortar a las y los servidores p\u00fablicos a hacer uso de estos mecanismos que les permitir\u00e1n contar con herramientas de actualizaci\u00f3n y capacitaci\u00f3n profesional.<\/p><p>\u201cYo s\u00e9 que el trabajo es muy intenso, pero siempre habr\u00e1 la oportunidad para poder acceder a este instrumento, para abonar a la satisfacci\u00f3n personal, adem\u00e1s de que les ayudar\u00e1 a enfrentar los nuevos retos. Yo les invito a aprovechar y disfrutar esta posibilidad\u201d, enfatiz\u00f3.<\/p><p>Durante su intervenci\u00f3n, el secretario del Despacho del Gobernador, Alejandro Vel\u00e1zquez Mendoza, recalc\u00f3 que la Academia de la Transformaci\u00f3n representa un antes y un despu\u00e9s en la administraci\u00f3n p\u00fablica de Hidalgo, pues se terminar\u00e1 con la improvisaci\u00f3n y con el bot\u00edn pol\u00edtico que represent\u00f3 el servicio p\u00fablico en la entidad.<\/p><p>\u201cLa Academia de la Transformaci\u00f3n representa la oportunidad de dise\u00f1ar y evaluar programas de actualizaci\u00f3n para que las y los funcionarios cuenten con mejores herramientas, y as\u00ed garantizar el derecho de la ciudadan\u00eda a una buena administraci\u00f3n p\u00fablica, en donde se establezcan y eval\u00faen las acciones gubernamentales con estricto apego a los preceptos de transparencia\u201d, asever\u00f3.<\/p><p>Por su parte, el titular de la Secretar\u00eda de Educaci\u00f3n P\u00fablica, Natividad Castrej\u00f3n Valdez, declar\u00f3 que la Academia de la Transformaci\u00f3n representa un proyecto educativo enfocado en las y los funcionarios p\u00fablicos, por lo que contar\u00e1 con dos diplomados, dos maestr\u00edas y una licenciatura: \u201cEste proyecto responde a la vocaci\u00f3n de que s\u00f3lo a trav\u00e9s de la educaci\u00f3n lograremos la transformaci\u00f3n del estado\u201d.<\/p><p>El titular de la Secretar\u00eda de Educaci\u00f3n Publica en Hidalgo (SEPH), Natividad Castrej\u00f3n Valdez, explic\u00f3 \u00a0que esta academia se gener\u00f3 para atender las necesidades de profesionalizaci\u00f3n. La oferta educativa de inicio contiene el Diplomado Academia de la Transformaci\u00f3n, que consta de 8 m\u00f3dulos, que se ha desarrollado desde la Contralor\u00eda, el Despacho del Gobernador y la SEPH, con duraci\u00f3n de 24 semanas, cubriendo un total de 180 horas de actividades.<\/p><p>El titular de la Oficial\u00eda Mayor, Orlando \u00c1ngeles P\u00e9rez, resalt\u00f3 que el gobierno de la transformaci\u00f3n implementa estrategias destinadas a cambiar el sistema burocr\u00e1tico: \u201cEl pueblo de Hidalgo exige que las y los funcionarios p\u00fablicos cuenten con las herramientas necesarias para dar cumplimiento a sus demandas. Estas acciones nos permitir\u00e1n recuperar la confianza de la ciudadan\u00eda\u201d, destac\u00f3.<\/p><p>\u201cEn octubre del a\u00f1o pasado, el gobernador me comparti\u00f3 su inquietud de generar un espacio de profesionalizaci\u00f3n del servicio p\u00fablico\u201d, explic\u00f3 el secretario de Contralor\u00eda, \u00c1lvaro Bardales Ram\u00edrez. A\u00f1adi\u00f3 que los cursos que se impartir\u00e1n en un primer momento se encuentran enfocados en el reforzamiento de mecanismos de transparencia y combate a la corrupci\u00f3n: \u201cEl objetivo es la transformaci\u00f3n del servicio p\u00fablico con un sentido de responsabilidad y pertenencia\u201d.<\/p><p>Tambi\u00e9n se impartir\u00e1 bases te\u00f3ricas de la Perspectiva de G\u00e9nero, acotando que 600 personas de Secretar\u00eda de Educaci\u00f3n P\u00fablica ya lo terminaron y se encuentran en proceso 550 m\u00e1s. Esto para contribuir a la erradicaci\u00f3n de todas las formas de violencia que todav\u00eda se presenta en el servicio p\u00fablico y transgreden los derechos humanos de las y los colaboradores.<\/p><p>Asimismo, ofrecer\u00e1n la maestr\u00eda en Transformaci\u00f3n e Innovaci\u00f3n gubernamental, formando personal especializado para integrarse en los diferentes \u00e1mbitos de la administraci\u00f3n gubernamental. Esto ser\u00e1 en colaboraci\u00f3n con el Colegio del Estado de Hidalgo.<\/p><p>Por otra parte, se ofertar\u00e1 la maestr\u00eda en Derechos Humanos, en colaboraci\u00f3n con la Comisi\u00f3n Estatal de Derechos Humanos (CDHEH), a trav\u00e9s de integrar la visi\u00f3n de este rubro en las instituciones gubernamentales.<\/p><p>Ana Elisa L\u00f3pez Santill\u00e1n, rectora de la Universidad Digital del Estado de Hidalgo, asegur\u00f3 que esta instituci\u00f3n oferta un amplio cat\u00e1logo de programas de educaci\u00f3n superior: \u201cHemos tenido registro de estudiantes provenientes de 83 de los 84 municipios hidalguenses, otorgando 114 t\u00edtulos digitales y tenemos estudiantes desde los 18 hasta los 65 a\u00f1os, para garantizar el acceso a la educaci\u00f3n de todos los sectores, y esta instituci\u00f3n est\u00e1 lista para coadyuvar a que Hidalgo sea una potencia\u201d.<\/p><p>Al concluir la presentaci\u00f3n, el mandatario estatal record\u00f3 que la transformaci\u00f3n requiere de mayores esfuerzos, a fin de mejorar la administraci\u00f3n p\u00fablica en beneficio de las y los hidalguenses.<\/p>\t\t\t\t\t\t<\/div>\n\t\t\t\t<\/div>\n\t\t\t\t\t<\/div>\n\t\t<\/div>\n\t\t\t\t\t\t\t<\/div>\n\t\t<\/section>\n\t\t\t\t\t\t\t<\/div>\n\t\t","protected":false},"excerpt":{"rendered":"<p>-Servidores p\u00fablicos contar\u00e1n con nuevas herramientas que contribuyan a su profesionalizaci\u00f3n Pachuca, Hgo., 17 de julio de 2023.-Con el compromiso de consolidar un servicio profesional de carrera que est\u00e9 a la altura de las exigencias del pueblo, el gobernador de Hidalgo, Julio Menchaca Salazar, realiz\u00f3 la presentaci\u00f3n de la Academia de la Transformaci\u00f3n, la cual [&hellip;]<\/p>\n","protected":false},"author":1,"featured_media":14527,"comment_status":"closed","ping_status":"closed","sticky":false,"template":"","format":"standard","meta":[],"categories":[7],"tags":[],"_links":{"self":[{"href":"https:\/\/www.diarionoti7.com.mx\/index.php?rest_route=\/wp\/v2\/posts\/14519"}],"collection":[{"href":"https:\/\/www.diarionoti7.com.mx\/index.php?rest_route=\/wp\/v2\/posts"}],"about":[{"href":"https:\/\/www.diarionoti7.com.mx\/index.php?rest_route=\/wp\/v2\/types\/post"}],"author":[{"embeddable":true,"href":"https:\/\/www.diarionoti7.com.mx\/index.php?rest_route=\/wp\/v2\/users\/1"}],"replies":[{"embeddable":true,"href":"https:\/\/www.diarionoti7.com.mx\/index.php?rest_route=%2Fwp%2Fv2%2Fcomments&post=14519"}],"version-history":[{"count":4,"href":"https:\/\/www.diarionoti7.com.mx\/index.php?rest_route=\/wp\/v2\/posts\/14519\/revisions"}],"predecessor-version":[{"id":14530,"href":"https:\/\/www.diarionoti7.com.mx\/index.php?rest_route=\/wp\/v2\/posts\/14519\/revisions\/14530"}],"wp:featuredmedia":[{"embeddable":true,"href":"https:\/\/www.diarionoti7.com.mx\/index.php?rest_route=\/wp\/v2\/media\/14527"}],"wp:attachment":[{"href":"https:\/\/www.diarionoti7.com.mx\/index.php?rest_route=%2Fwp%2Fv2%2Fmedia&parent=14519"}],"wp:term":[{"taxonomy":"category","embeddable":true,"href":"https:\/\/www.diarionoti7.com.mx\/index.php?rest_route=%2Fwp%2Fv2%2Fcategories&post=14519"},{"taxonomy":"post_tag","embeddable":true,"href":"https:\/\/www.diarionoti7.com.mx\/index.php?rest_route=%2Fwp%2Fv2%2Ftags&post=14519"}],"curies":[{"name":"wp","href":"https:\/\/api.w.org\/{rel}","templated":true}]}}