{"id":14470,"date":"2023-07-18T17:59:59","date_gmt":"2023-07-18T17:59:59","guid":{"rendered":"https:\/\/www.diarionoti7.com.mx\/?p=14470"},"modified":"2023-07-18T18:01:21","modified_gmt":"2023-07-18T18:01:21","slug":"no-existe-una-lista-confirmada-ni-mucho-menos-contratada-para-palenque-de-la-feria-de-san-francisco-elizabeth-quintanar","status":"publish","type":"post","link":"https:\/\/www.diarionoti7.com.mx\/?p=14470","title":{"rendered":"\u201cNo existe una lista confirmada ni mucho menos contratada\u201d para Palenque de la Feria de San Francisco: Elizabeth Quintanar"},"content":{"rendered":"\t\t<div data-elementor-type=\"wp-post\" data-elementor-id=\"14470\" class=\"elementor elementor-14470\">\n\t\t\t\t\t\t\t\t\t<section class=\"elementor-section elementor-top-section elementor-element elementor-element-1da7a1e elementor-section-boxed elementor-section-height-default elementor-section-height-default\" data-id=\"1da7a1e\" data-element_type=\"section\">\n\t\t\t\t\t\t<div class=\"elementor-container elementor-column-gap-default\">\n\t\t\t\t\t<div class=\"elementor-column elementor-col-100 elementor-top-column elementor-element elementor-element-8451efe\" data-id=\"8451efe\" data-element_type=\"column\">\n\t\t\t<div class=\"elementor-widget-wrap elementor-element-populated\">\n\t\t\t\t\t\t\t\t<div class=\"elementor-element elementor-element-19003b8 elementor-widget elementor-widget-text-editor\" data-id=\"19003b8\" data-element_type=\"widget\" data-widget_type=\"text-editor.default\">\n\t\t\t\t<div class=\"elementor-widget-container\">\n\t\t\t<style>\/*! elementor - v3.10.2 - 29-01-2023 *\/\n.elementor-widget-text-editor.elementor-drop-cap-view-stacked .elementor-drop-cap{background-color:#818a91;color:#fff}.elementor-widget-text-editor.elementor-drop-cap-view-framed .elementor-drop-cap{color:#818a91;border:3px solid;background-color:transparent}.elementor-widget-text-editor:not(.elementor-drop-cap-view-default) .elementor-drop-cap{margin-top:8px}.elementor-widget-text-editor:not(.elementor-drop-cap-view-default) .elementor-drop-cap-letter{width:1em;height:1em}.elementor-widget-text-editor .elementor-drop-cap{float:left;text-align:center;line-height:1;font-size:50px}.elementor-widget-text-editor .elementor-drop-cap-letter{display:inline-block}<\/style>\t\t\t\t<p>Luego del rumor \u00a0que se gener\u00f3 en redes sociales sobre artistas confirmados para el Palenque de la Feria de San Francisco, Elizabeth Quintanar, titular de Turismo, precis\u00f3 que hasta el momento\u00a0\u201cno existe una lista confirmada ni mucho menos contratada\u201d.<\/p><p>Aclar\u00f3 \u00a0que fue plan de mercadotecnia de la\u00a0Operadora de Eventos del Estado de Hidalgo\u00a0(OEEH) el colocar una publicaci\u00f3n diciendo que \u201cLa espera est\u00e1 a punto de terminar\u201d para saber quienes ser\u00e1n los artistas nacionales e internacionales que vendr\u00e1n a la feria, pero hasta el momento no hay alguno confirmado.<\/p><p>Luego adelant\u00f3 que ser\u00e1 en el mes de septiembre que se presente de forma oficial esta feria a los medios y al p\u00fablico en general. Adem\u00e1s destac\u00f3\u00a0 que el recinto ferial recibi\u00f3 algunas mejoras en el tema del techo, del piso y las goteras y hasta el momento no se tiene pensado cambiar la sede, afirm\u00f3 Quintanar.<\/p><p>Junior H, Fuerza Regida, Clar\u00edn Le\u00f3n y Carlos Rivera fueron los nombres de los artistas que se empezaron a difundir a trav\u00e9s de redes sociales, incluso la OEEH comparti\u00f3 que a trav\u00e9s de sus redes sociales oficiales es donde se estar\u00e1 revelando este tipo de datos, pero la titular de Turismo dejo\u00a0 claro que fue una falsa interpretaci\u00f3n de los publicado por la OEEH, solo fue un plan de mercadotecnia.<\/p><p>\u00a0<\/p>\t\t\t\t\t\t<\/div>\n\t\t\t\t<\/div>\n\t\t\t\t\t<\/div>\n\t\t<\/div>\n\t\t\t\t\t\t\t<\/div>\n\t\t<\/section>\n\t\t\t\t\t\t\t<\/div>\n\t\t","protected":false},"excerpt":{"rendered":"<p>Luego del rumor \u00a0que se gener\u00f3 en redes sociales sobre artistas confirmados para el Palenque de la Feria de San Francisco, Elizabeth Quintanar, titular de Turismo, precis\u00f3 que hasta el momento\u00a0\u201cno existe una lista confirmada ni mucho menos contratada\u201d. Aclar\u00f3 \u00a0que fue plan de mercadotecnia de la\u00a0Operadora de Eventos del Estado de Hidalgo\u00a0(OEEH) el colocar [&hellip;]<\/p>\n","protected":false},"author":1,"featured_media":14472,"comment_status":"closed","ping_status":"closed","sticky":false,"template":"","format":"standard","meta":[],"categories":[7],"tags":[],"_links":{"self":[{"href":"https:\/\/www.diarionoti7.com.mx\/index.php?rest_route=\/wp\/v2\/posts\/14470"}],"collection":[{"href":"https:\/\/www.diarionoti7.com.mx\/index.php?rest_route=\/wp\/v2\/posts"}],"about":[{"href":"https:\/\/www.diarionoti7.com.mx\/index.php?rest_route=\/wp\/v2\/types\/post"}],"author":[{"embeddable":true,"href":"https:\/\/www.diarionoti7.com.mx\/index.php?rest_route=\/wp\/v2\/users\/1"}],"replies":[{"embeddable":true,"href":"https:\/\/www.diarionoti7.com.mx\/index.php?rest_route=%2Fwp%2Fv2%2Fcomments&post=14470"}],"version-history":[{"count":4,"href":"https:\/\/www.diarionoti7.com.mx\/index.php?rest_route=\/wp\/v2\/posts\/14470\/revisions"}],"predecessor-version":[{"id":14475,"href":"https:\/\/www.diarionoti7.com.mx\/index.php?rest_route=\/wp\/v2\/posts\/14470\/revisions\/14475"}],"wp:featuredmedia":[{"embeddable":true,"href":"https:\/\/www.diarionoti7.com.mx\/index.php?rest_route=\/wp\/v2\/media\/14472"}],"wp:attachment":[{"href":"https:\/\/www.diarionoti7.com.mx\/index.php?rest_route=%2Fwp%2Fv2%2Fmedia&parent=14470"}],"wp:term":[{"taxonomy":"category","embeddable":true,"href":"https:\/\/www.diarionoti7.com.mx\/index.php?rest_route=%2Fwp%2Fv2%2Fcategories&post=14470"},{"taxonomy":"post_tag","embeddable":true,"href":"https:\/\/www.diarionoti7.com.mx\/index.php?rest_route=%2Fwp%2Fv2%2Ftags&post=14470"}],"curies":[{"name":"wp","href":"https:\/\/api.w.org\/{rel}","templated":true}]}}