{"id":14464,"date":"2023-07-18T17:57:21","date_gmt":"2023-07-18T17:57:21","guid":{"rendered":"https:\/\/www.diarionoti7.com.mx\/?p=14464"},"modified":"2023-07-18T17:58:58","modified_gmt":"2023-07-18T17:58:58","slug":"analisis-de-nuevo-hospital-general-estara-en-este-mes-menchaca","status":"publish","type":"post","link":"https:\/\/www.diarionoti7.com.mx\/?p=14464","title":{"rendered":"An\u00e1lisis de Nuevo Hospital General estar\u00e1 en este mes: Menchaca"},"content":{"rendered":"\t\t<div data-elementor-type=\"wp-post\" data-elementor-id=\"14464\" class=\"elementor elementor-14464\">\n\t\t\t\t\t\t\t\t\t<section class=\"elementor-section elementor-top-section elementor-element elementor-element-1da7a1e elementor-section-boxed elementor-section-height-default elementor-section-height-default\" data-id=\"1da7a1e\" data-element_type=\"section\">\n\t\t\t\t\t\t<div class=\"elementor-container elementor-column-gap-default\">\n\t\t\t\t\t<div class=\"elementor-column elementor-col-100 elementor-top-column elementor-element elementor-element-8451efe\" data-id=\"8451efe\" data-element_type=\"column\">\n\t\t\t<div class=\"elementor-widget-wrap elementor-element-populated\">\n\t\t\t\t\t\t\t\t<div class=\"elementor-element elementor-element-19003b8 elementor-widget elementor-widget-text-editor\" data-id=\"19003b8\" data-element_type=\"widget\" data-widget_type=\"text-editor.default\">\n\t\t\t\t<div class=\"elementor-widget-container\">\n\t\t\t<style>\/*! elementor - v3.10.2 - 29-01-2023 *\/\n.elementor-widget-text-editor.elementor-drop-cap-view-stacked .elementor-drop-cap{background-color:#818a91;color:#fff}.elementor-widget-text-editor.elementor-drop-cap-view-framed .elementor-drop-cap{color:#818a91;border:3px solid;background-color:transparent}.elementor-widget-text-editor:not(.elementor-drop-cap-view-default) .elementor-drop-cap{margin-top:8px}.elementor-widget-text-editor:not(.elementor-drop-cap-view-default) .elementor-drop-cap-letter{width:1em;height:1em}.elementor-widget-text-editor .elementor-drop-cap{float:left;text-align:center;line-height:1;font-size:50px}.elementor-widget-text-editor .elementor-drop-cap-letter{display:inline-block}<\/style>\t\t\t\t<p>, el gobernador Julio Menchaca Salazar indic\u00f3 que ya se<\/p><p>Tuve una reuni\u00f3n con el presidente, Andr\u00e9s Manuel L\u00f3pez Obrador, \u00a0donde abordamos muchos temas y ah\u00ed hablamos del \u00a0Hospital de Actopan y del <a href=\"https:\/\/lajornadahidalgo.com\/\">Nuevo Hospital General de Pachuca<\/a>, sobre la infraestructura que todav\u00eda est\u00e1 inconclusa.<\/p><p>Asi mismo refirio que Hidalgo ya sign\u00f3 convenio con el Instituto Mexicano del Seguro Social (IMSS) Bienestar para que se puedan hacer de recursos econ\u00f3micos federales y as\u00ed llevar a cabo el compromiso del jefe del ejecutivo de M\u00e9xico de tener m\u00e9dicos y medicinas para todos antes de que se termine la administraci\u00f3n.<\/p><p>Destac\u00f3 \u00a0el mandatario que hicieron un c\u00e1lculo de 900 millones que deber\u00e1n aplicarse para este nosocomio general, mismo que fue inaugurado unos d\u00edas antes de que \u00e9l tomara en sus manos las riendas de la administraci\u00f3n, pero \u00abcon muchas deficiencias\u00bb.<\/p><p>Mencion\u00f3 que una parte ya est\u00e1 inaugurada, para los consultorios pero requiere una buena parte de dinero para funcionar totalmente.<\/p><p>Al respecto inform\u00f3 que se mand\u00f3 hacer un estudio por aproximadamente 10 millones de pesos para que fuera una auditor\u00eda, as\u00ed saber con certeza qu\u00e9 es lo que se requiere para \u00abecharlo a andar\u00bb. El resultado de dicho an\u00e1lisis se tendr\u00e1 en este mes y as\u00ed evitar hacer suposiciones de dinero y concretar en una cantidad con la cual se va a concluir.<\/p><p>Asegur\u00f3 que lo importante es que la gente tenga el servicio, sin importar qui\u00e9n administrar\u00e1 este recinto, que pudiera ser un \u00d3rgano P\u00fablico Descentralizado (OPD), pues \u00e9l como gobernador no tiene ninguna intenci\u00f3n de conservar un coto de poder. \u201cLo operar\u00e1 el IMSS Bienestar, y otros hospitales. Combinando la responsabilidad del estado con ese \u00d3rgano P\u00fablico Descentralizado\u201d.<\/p>\t\t\t\t\t\t<\/div>\n\t\t\t\t<\/div>\n\t\t\t\t\t<\/div>\n\t\t<\/div>\n\t\t\t\t\t\t\t<\/div>\n\t\t<\/section>\n\t\t\t\t\t\t\t<\/div>\n\t\t","protected":false},"excerpt":{"rendered":"<p>, el gobernador Julio Menchaca Salazar indic\u00f3 que ya se Tuve una reuni\u00f3n con el presidente, Andr\u00e9s Manuel L\u00f3pez Obrador, \u00a0donde abordamos muchos temas y ah\u00ed hablamos del \u00a0Hospital de Actopan y del Nuevo Hospital General de Pachuca, sobre la infraestructura que todav\u00eda est\u00e1 inconclusa. Asi mismo refirio que Hidalgo ya sign\u00f3 convenio con el [&hellip;]<\/p>\n","protected":false},"author":1,"featured_media":14466,"comment_status":"closed","ping_status":"closed","sticky":false,"template":"","format":"standard","meta":[],"categories":[7],"tags":[],"_links":{"self":[{"href":"https:\/\/www.diarionoti7.com.mx\/index.php?rest_route=\/wp\/v2\/posts\/14464"}],"collection":[{"href":"https:\/\/www.diarionoti7.com.mx\/index.php?rest_route=\/wp\/v2\/posts"}],"about":[{"href":"https:\/\/www.diarionoti7.com.mx\/index.php?rest_route=\/wp\/v2\/types\/post"}],"author":[{"embeddable":true,"href":"https:\/\/www.diarionoti7.com.mx\/index.php?rest_route=\/wp\/v2\/users\/1"}],"replies":[{"embeddable":true,"href":"https:\/\/www.diarionoti7.com.mx\/index.php?rest_route=%2Fwp%2Fv2%2Fcomments&post=14464"}],"version-history":[{"count":4,"href":"https:\/\/www.diarionoti7.com.mx\/index.php?rest_route=\/wp\/v2\/posts\/14464\/revisions"}],"predecessor-version":[{"id":14469,"href":"https:\/\/www.diarionoti7.com.mx\/index.php?rest_route=\/wp\/v2\/posts\/14464\/revisions\/14469"}],"wp:featuredmedia":[{"embeddable":true,"href":"https:\/\/www.diarionoti7.com.mx\/index.php?rest_route=\/wp\/v2\/media\/14466"}],"wp:attachment":[{"href":"https:\/\/www.diarionoti7.com.mx\/index.php?rest_route=%2Fwp%2Fv2%2Fmedia&parent=14464"}],"wp:term":[{"taxonomy":"category","embeddable":true,"href":"https:\/\/www.diarionoti7.com.mx\/index.php?rest_route=%2Fwp%2Fv2%2Fcategories&post=14464"},{"taxonomy":"post_tag","embeddable":true,"href":"https:\/\/www.diarionoti7.com.mx\/index.php?rest_route=%2Fwp%2Fv2%2Ftags&post=14464"}],"curies":[{"name":"wp","href":"https:\/\/api.w.org\/{rel}","templated":true}]}}