{"id":14458,"date":"2023-07-18T17:55:26","date_gmt":"2023-07-18T17:55:26","guid":{"rendered":"https:\/\/www.diarionoti7.com.mx\/?p=14458"},"modified":"2023-07-18T18:04:23","modified_gmt":"2023-07-18T18:04:23","slug":"mantiene-conagua-operativos-para-reforzar-servicios-de-agua-municipales-en-respaldo-de-la-poblacion","status":"publish","type":"post","link":"https:\/\/www.diarionoti7.com.mx\/?p=14458","title":{"rendered":"Mantiene Conagua Operativos Para Reforzar Servicios de Agua Municipales, en Respaldo de la Poblaci\u00f3n"},"content":{"rendered":"\t\t<div data-elementor-type=\"wp-post\" data-elementor-id=\"14458\" class=\"elementor elementor-14458\">\n\t\t\t\t\t\t\t\t\t<section class=\"elementor-section elementor-top-section elementor-element elementor-element-1da7a1e elementor-section-boxed elementor-section-height-default elementor-section-height-default\" data-id=\"1da7a1e\" data-element_type=\"section\">\n\t\t\t\t\t\t<div class=\"elementor-container elementor-column-gap-default\">\n\t\t\t\t\t<div class=\"elementor-column elementor-col-100 elementor-top-column elementor-element elementor-element-8451efe\" data-id=\"8451efe\" data-element_type=\"column\">\n\t\t\t<div class=\"elementor-widget-wrap elementor-element-populated\">\n\t\t\t\t\t\t\t\t<div class=\"elementor-element elementor-element-19003b8 elementor-widget elementor-widget-text-editor\" data-id=\"19003b8\" data-element_type=\"widget\" data-widget_type=\"text-editor.default\">\n\t\t\t\t<div class=\"elementor-widget-container\">\n\t\t\t<style>\/*! elementor - v3.10.2 - 29-01-2023 *\/\n.elementor-widget-text-editor.elementor-drop-cap-view-stacked .elementor-drop-cap{background-color:#818a91;color:#fff}.elementor-widget-text-editor.elementor-drop-cap-view-framed .elementor-drop-cap{color:#818a91;border:3px solid;background-color:transparent}.elementor-widget-text-editor:not(.elementor-drop-cap-view-default) .elementor-drop-cap{margin-top:8px}.elementor-widget-text-editor:not(.elementor-drop-cap-view-default) .elementor-drop-cap-letter{width:1em;height:1em}.elementor-widget-text-editor .elementor-drop-cap{float:left;text-align:center;line-height:1;font-size:50px}.elementor-widget-text-editor .elementor-drop-cap-letter{display:inline-block}<\/style>\t\t\t\t<p><strong>Pachuca, Hgo. 17 de julio 2023.- <\/strong>Napole\u00f3n Gonz\u00e1lez, titular de la Secretar\u00eda de Agricultura y Desarrollo Rural, afirm\u00f3 que se debe recuperar el Consejo del Caf\u00e9 fue creado en 1994 con el prop\u00f3sito de fomentar la producci\u00f3n del caf\u00e9, apoyar a los productores y promover su consumo a nivel local, nacional e internacional, pero \u00a0fue desaparecido mediante un decreto en el a\u00f1o 2021.<\/p><p>Adelanto el titular de SADER <strong><em>\u201c<\/em><\/strong>Voy a hablar con el \u00e1rea jur\u00eddica de la Secretar\u00eda y con el gobernador para ver si se puede rescatar esa figura o crear otra; el caf\u00e9 necesita mucho apoyo, necesita tener sus propios recursos para poder darle el lugar que le corresponde. La producci\u00f3n de caf\u00e9 en Hidalgo fue importante hace 30 a\u00f1os, luego baj\u00f3 hasta que la desaparecieron<strong><em>\u201d<\/em><\/strong>.<\/p><p>Luego dio a conocer \u00a0que en algunas cafeter\u00edas de la entidad se vende caf\u00e9 hidalguense y tambi\u00e9n se tiene una campa\u00f1a de \u201cConsume local\u201d para incentivar la producci\u00f3n de la entidad y aunque algunos de los productos no han llegado a grandes cadenas, ya se han mantenido pl\u00e1ticas con Oxxo y con Nestl\u00e9 respecto al tema.<\/p><p>Uno de los problemas que frena\u00a0 a los productores hidalguenses es\u00a0 que\u00a0 \u201cSi algo le afecta al productor es la falta de comercializaci\u00f3n, la falta de espacios y donde vender directamente, por eso estamos tocando puertas\u201d.<\/p>\t\t\t\t\t\t<\/div>\n\t\t\t\t<\/div>\n\t\t\t\t\t<\/div>\n\t\t<\/div>\n\t\t\t\t\t\t\t<\/div>\n\t\t<\/section>\n\t\t\t\t\t\t\t<\/div>\n\t\t","protected":false},"excerpt":{"rendered":"<p>Pachuca, Hgo. 17 de julio 2023.- Napole\u00f3n Gonz\u00e1lez, titular de la Secretar\u00eda de Agricultura y Desarrollo Rural, afirm\u00f3 que se debe recuperar el Consejo del Caf\u00e9 fue creado en 1994 con el prop\u00f3sito de fomentar la producci\u00f3n del caf\u00e9, apoyar a los productores y promover su consumo a nivel local, nacional e internacional, pero \u00a0fue [&hellip;]<\/p>\n","protected":false},"author":1,"featured_media":14485,"comment_status":"closed","ping_status":"closed","sticky":false,"template":"","format":"standard","meta":[],"categories":[7],"tags":[],"_links":{"self":[{"href":"https:\/\/www.diarionoti7.com.mx\/index.php?rest_route=\/wp\/v2\/posts\/14458"}],"collection":[{"href":"https:\/\/www.diarionoti7.com.mx\/index.php?rest_route=\/wp\/v2\/posts"}],"about":[{"href":"https:\/\/www.diarionoti7.com.mx\/index.php?rest_route=\/wp\/v2\/types\/post"}],"author":[{"embeddable":true,"href":"https:\/\/www.diarionoti7.com.mx\/index.php?rest_route=\/wp\/v2\/users\/1"}],"replies":[{"embeddable":true,"href":"https:\/\/www.diarionoti7.com.mx\/index.php?rest_route=%2Fwp%2Fv2%2Fcomments&post=14458"}],"version-history":[{"count":7,"href":"https:\/\/www.diarionoti7.com.mx\/index.php?rest_route=\/wp\/v2\/posts\/14458\/revisions"}],"predecessor-version":[{"id":14488,"href":"https:\/\/www.diarionoti7.com.mx\/index.php?rest_route=\/wp\/v2\/posts\/14458\/revisions\/14488"}],"wp:featuredmedia":[{"embeddable":true,"href":"https:\/\/www.diarionoti7.com.mx\/index.php?rest_route=\/wp\/v2\/media\/14485"}],"wp:attachment":[{"href":"https:\/\/www.diarionoti7.com.mx\/index.php?rest_route=%2Fwp%2Fv2%2Fmedia&parent=14458"}],"wp:term":[{"taxonomy":"category","embeddable":true,"href":"https:\/\/www.diarionoti7.com.mx\/index.php?rest_route=%2Fwp%2Fv2%2Fcategories&post=14458"},{"taxonomy":"post_tag","embeddable":true,"href":"https:\/\/www.diarionoti7.com.mx\/index.php?rest_route=%2Fwp%2Fv2%2Ftags&post=14458"}],"curies":[{"name":"wp","href":"https:\/\/api.w.org\/{rel}","templated":true}]}}