{"id":14435,"date":"2023-07-18T17:44:18","date_gmt":"2023-07-18T17:44:18","guid":{"rendered":"https:\/\/www.diarionoti7.com.mx\/?p=14435"},"modified":"2023-07-18T17:48:31","modified_gmt":"2023-07-18T17:48:31","slug":"concanaco-apoya-el-financiamiento-de-50-planes-municipales-de-desarrollo-urbano","status":"publish","type":"post","link":"https:\/\/www.diarionoti7.com.mx\/?p=14435","title":{"rendered":"CONCANACO Apoya el Financiamiento de 50 Planes Municipales de Desarrollo Urbano"},"content":{"rendered":"\t\t<div data-elementor-type=\"wp-post\" data-elementor-id=\"14435\" class=\"elementor elementor-14435\">\n\t\t\t\t\t\t\t\t\t<section class=\"elementor-section elementor-top-section elementor-element elementor-element-1da7a1e elementor-section-boxed elementor-section-height-default elementor-section-height-default\" data-id=\"1da7a1e\" data-element_type=\"section\">\n\t\t\t\t\t\t<div class=\"elementor-container elementor-column-gap-default\">\n\t\t\t\t\t<div class=\"elementor-column elementor-col-100 elementor-top-column elementor-element elementor-element-8451efe\" data-id=\"8451efe\" data-element_type=\"column\">\n\t\t\t<div class=\"elementor-widget-wrap elementor-element-populated\">\n\t\t\t\t\t\t\t\t<div class=\"elementor-element elementor-element-19003b8 elementor-widget elementor-widget-text-editor\" data-id=\"19003b8\" data-element_type=\"widget\" data-widget_type=\"text-editor.default\">\n\t\t\t\t<div class=\"elementor-widget-container\">\n\t\t\t<style>\/*! elementor - v3.10.2 - 29-01-2023 *\/\n.elementor-widget-text-editor.elementor-drop-cap-view-stacked .elementor-drop-cap{background-color:#818a91;color:#fff}.elementor-widget-text-editor.elementor-drop-cap-view-framed .elementor-drop-cap{color:#818a91;border:3px solid;background-color:transparent}.elementor-widget-text-editor:not(.elementor-drop-cap-view-default) .elementor-drop-cap{margin-top:8px}.elementor-widget-text-editor:not(.elementor-drop-cap-view-default) .elementor-drop-cap-letter{width:1em;height:1em}.elementor-widget-text-editor .elementor-drop-cap{float:left;text-align:center;line-height:1;font-size:50px}.elementor-widget-text-editor .elementor-drop-cap-letter{display:inline-block}<\/style>\t\t\t\t<p><strong>\u00a0\u00a0<\/strong><\/p><p><strong>\u00a0*Respalda el anuncio realizado por el por parte del INFONAVIT <\/strong><\/p><p><strong>Ciudad de M\u00e9xico, 17 de julio 2023.-<\/strong> La Confederaci\u00f3n de C\u00e1maras Nacionales de Comercio, Servicios y Turismo (CONCANACO SERVYTUR M\u00e9xico) respalda el anuncio realizado por el Instituto del Fondo Nacional de la Vivienda para los Trabajadores (Infonavit), en el que se informa que se financiar\u00e1n 50 Planes Municipales de Desarrollo Urbano.<\/p><p>Durante las reuniones del Consejo de Administraci\u00f3n del Infonavit, en cumplimiento de la Ley del Instituto del Fondo Nacional de la Vivienda para los Trabajadores (INFONAVIT), se autoriz\u00f3 la propuesta de la Administraci\u00f3n para destinar hasta 125 millones de pesos a la realizaci\u00f3n de estos planes.<\/p><p>El objetivo es desarrollar proyectos de vivienda y desarrollo urbano a nivel municipal o metropolitano en zonas con alto potencial para la colocaci\u00f3n de cr\u00e9ditos hipotecarios, crecimiento poblacional y atractivo para inversiones.<\/p><p>El tema fue propuesto por el director del Infonavit, Carlos Mart\u00ednez Vel\u00e1zquez, y recibi\u00f3 el respaldo de los consejeros del sector empresarial, entre ellos H\u00e9ctor Tejada, Javier Sol\u00eds, Alfredo Jaime y Octavio de la Torre.<\/p><p>El presidente de la CONCANACO SERVYTUR M\u00e9xico, H\u00e9ctor Tejada Shaar, dijo que la Confederaci\u00f3n reitera su compromiso de respaldar iniciativas que impulsen el desarrollo urbano y la vivienda, generando mejores condiciones para los trabajadores y fortaleciendo la econom\u00eda del pa\u00eds.<\/p><p>\u201cQueremos garantizar que la poblaci\u00f3n y el municipio puedan beneficiarse de este programa aprobado por los sectores productivos de nuestro pa\u00eds\u201d, se\u00f1al\u00f3 el l\u00edder empresarial.<\/p><p>Ante esta situaci\u00f3n y la posibilidad que se dar\u00e1 a nivel nacional, el vicepresidente de Asuntos Fiscales del organismo c\u00fapula y presidente de CANACO SERVYTUR Ensenada, Octavio de la Torre de St\u00e9ffano, anunci\u00f3 que se inici\u00f3 un di\u00e1logo con los delegados consultivos de los municipios del pa\u00eds para acompa\u00f1arlos y cumplir con los requisitos estipulados en el programa.<\/p><p>En este sentido, el delegado consultivo Nico Ayub, representante del sector empresarial, buscar\u00e1 establecer un acercamiento con el equipo del presidente municipal de Ensenada, Armando Ayala, a efecto de que se pueda hacer la vinculaci\u00f3n necesaria para beneficiar a la demarcaci\u00f3n.<\/p><p>\u00a0<\/p>\t\t\t\t\t\t<\/div>\n\t\t\t\t<\/div>\n\t\t\t\t\t<\/div>\n\t\t<\/div>\n\t\t\t\t\t\t\t<\/div>\n\t\t<\/section>\n\t\t\t\t\t\t\t<\/div>\n\t\t","protected":false},"excerpt":{"rendered":"<p>\u00a0\u00a0 \u00a0*Respalda el anuncio realizado por el por parte del INFONAVIT Ciudad de M\u00e9xico, 17 de julio 2023.- La Confederaci\u00f3n de C\u00e1maras Nacionales de Comercio, Servicios y Turismo (CONCANACO SERVYTUR M\u00e9xico) respalda el anuncio realizado por el Instituto del Fondo Nacional de la Vivienda para los Trabajadores (Infonavit), en el que se informa que se [&hellip;]<\/p>\n","protected":false},"author":1,"featured_media":14437,"comment_status":"closed","ping_status":"closed","sticky":false,"template":"","format":"standard","meta":[],"categories":[6],"tags":[],"_links":{"self":[{"href":"https:\/\/www.diarionoti7.com.mx\/index.php?rest_route=\/wp\/v2\/posts\/14435"}],"collection":[{"href":"https:\/\/www.diarionoti7.com.mx\/index.php?rest_route=\/wp\/v2\/posts"}],"about":[{"href":"https:\/\/www.diarionoti7.com.mx\/index.php?rest_route=\/wp\/v2\/types\/post"}],"author":[{"embeddable":true,"href":"https:\/\/www.diarionoti7.com.mx\/index.php?rest_route=\/wp\/v2\/users\/1"}],"replies":[{"embeddable":true,"href":"https:\/\/www.diarionoti7.com.mx\/index.php?rest_route=%2Fwp%2Fv2%2Fcomments&post=14435"}],"version-history":[{"count":4,"href":"https:\/\/www.diarionoti7.com.mx\/index.php?rest_route=\/wp\/v2\/posts\/14435\/revisions"}],"predecessor-version":[{"id":14440,"href":"https:\/\/www.diarionoti7.com.mx\/index.php?rest_route=\/wp\/v2\/posts\/14435\/revisions\/14440"}],"wp:featuredmedia":[{"embeddable":true,"href":"https:\/\/www.diarionoti7.com.mx\/index.php?rest_route=\/wp\/v2\/media\/14437"}],"wp:attachment":[{"href":"https:\/\/www.diarionoti7.com.mx\/index.php?rest_route=%2Fwp%2Fv2%2Fmedia&parent=14435"}],"wp:term":[{"taxonomy":"category","embeddable":true,"href":"https:\/\/www.diarionoti7.com.mx\/index.php?rest_route=%2Fwp%2Fv2%2Fcategories&post=14435"},{"taxonomy":"post_tag","embeddable":true,"href":"https:\/\/www.diarionoti7.com.mx\/index.php?rest_route=%2Fwp%2Fv2%2Ftags&post=14435"}],"curies":[{"name":"wp","href":"https:\/\/api.w.org\/{rel}","templated":true}]}}