{"id":120892,"date":"2026-09-06T08:45:12","date_gmt":"2026-09-06T08:45:12","guid":{"rendered":"https:\/\/www.diarionoti7.com.mx\/?p=120892"},"modified":"2026-09-06T20:46:17","modified_gmt":"2026-09-06T20:46:17","slug":"congreso-de-hidalgo-recibio-el-cuarto-informe-de-gobierno-de-julio-menchaca-salazar","status":"publish","type":"post","link":"https:\/\/www.diarionoti7.com.mx\/?p=120892","title":{"rendered":"Congreso de Hidalgo Recibi\u00f3 el cuarto Informe de Gobierno de Julio Menchaca Salazar"},"content":{"rendered":"\t\t<div data-elementor-type=\"wp-post\" data-elementor-id=\"120892\" class=\"elementor elementor-120892\">\n\t\t\t\t\t\t\t\t\t<section class=\"elementor-section elementor-top-section elementor-element elementor-element-c09b8f0 elementor-section-boxed elementor-section-height-default elementor-section-height-default\" data-id=\"c09b8f0\" data-element_type=\"section\">\n\t\t\t\t\t\t<div class=\"elementor-container elementor-column-gap-default\">\n\t\t\t\t\t<div class=\"elementor-column elementor-col-100 elementor-top-column elementor-element elementor-element-955a561\" data-id=\"955a561\" data-element_type=\"column\">\n\t\t\t<div class=\"elementor-widget-wrap elementor-element-populated\">\n\t\t\t\t\t\t\t\t<div class=\"elementor-element elementor-element-0ce869c elementor-widget elementor-widget-text-editor\" data-id=\"0ce869c\" data-element_type=\"widget\" data-widget_type=\"text-editor.default\">\n\t\t\t\t<div class=\"elementor-widget-container\">\n\t\t\t<style>\/*! elementor - v3.10.2 - 29-01-2023 *\/\n.elementor-widget-text-editor.elementor-drop-cap-view-stacked .elementor-drop-cap{background-color:#818a91;color:#fff}.elementor-widget-text-editor.elementor-drop-cap-view-framed .elementor-drop-cap{color:#818a91;border:3px solid;background-color:transparent}.elementor-widget-text-editor:not(.elementor-drop-cap-view-default) .elementor-drop-cap{margin-top:8px}.elementor-widget-text-editor:not(.elementor-drop-cap-view-default) .elementor-drop-cap-letter{width:1em;height:1em}.elementor-widget-text-editor .elementor-drop-cap{float:left;text-align:center;line-height:1;font-size:50px}.elementor-widget-text-editor .elementor-drop-cap-letter{display:inline-block}<\/style>\t\t\t\t<p><strong>Pachuca, Hgo., 5 de septiembre del 2026.-\u00a0<\/strong>Durante la apertura del primer periodo ordinario de sesiones del tercer a\u00f1o de ejercicio constitucional de la\u00a0LXVI Legislatura, el\u00a0Congreso del Estado de Hidalgo\u00a0recibi\u00f3 el Informe del Estado que Guardan los Diversos Ramos de la Administraci\u00f3n P\u00fablica Estatal, documento que fue entregado ante el Pleno para su conocimiento y an\u00e1lisis, con fundamento en los art\u00edculos 71 de la Constituci\u00f3n Pol\u00edtica del Estado de Hidalgo y 120 de la Ley Org\u00e1nica del Poder Legislativo del Estado Libre y Soberano de Hidalgo.<\/p><p>En la sesi\u00f3n solemne, el secretario de Gobierno de Hidalgo,\u00a0Guillermo Olivares Reyna, en representaci\u00f3n del gobernador\u00a0Julio Menchaca Salazar, realiz\u00f3 la entrega formal del informe y de los anexos que lo acompa\u00f1aron a la diputada\u00a0Yarabi Gonz\u00e1lez Mart\u00ednez, presidenta de la Directiva de septiembre, con lo que dio cumplimiento al ejercicio institucional de rendici\u00f3n de cuentas y transparencia.<\/p><p>El diputado\u00a0Andr\u00e9s Vel\u00e1zquez V\u00e1zquez,\u00a0presidente de la Junta de Gobierno, resalt\u00f3 la responsabilidad del\u00a0Poder Legislativo\u00a0de conocer, revisar y dar seguimiento a la informaci\u00f3n contenida en el informe, como parte de sus atribuciones constitucionales, y reconoci\u00f3 avances de la administraci\u00f3n estatal en materia econ\u00f3mica, social y de infraestructura.<\/p><p>El legislador precis\u00f3 que la entidad se posicion\u00f3 en primer lugar nacional en crecimiento econ\u00f3mico y segundo en crecimiento industrial, adem\u00e1s de registrar la salida de m\u00e1s de 154 mil personas de la pobreza, beneficiar a cerca de 2 millones de hidalguenses mediante programas sociales, incrementar en 96 por ciento los ingresos propios y reducir en 42 por ciento la deuda heredada.<\/p><p>Tambi\u00e9n celebr\u00f3 las inversiones en infraestructura, agua, seguridad, educaci\u00f3n, salud y campo, as\u00ed como la coordinaci\u00f3n entre los tres poderes y los municipios. Asimismo, refrend\u00f3 que el Congreso mantendr\u00e1 una postura anal\u00edtica, cr\u00edtica y responsable durante la glosa, al tiempo que expres\u00f3 su respaldo a la transformaci\u00f3n de Hidalgo y a las acciones encaminadas a mejorar el bienestar de la poblaci\u00f3n.<\/p><p>Guillermo Olivares,\u00a0titular de la Secretar\u00eda de Gobierno, se\u00f1al\u00f3 que Hidalgo atraviesa una etapa de transformaci\u00f3n basada en la austeridad, honestidad, cercan\u00eda con la ciudadan\u00eda y atenci\u00f3n a las necesidades sociales. Entre los principales resultados, destac\u00f3 la inversi\u00f3n privada comprometida por m\u00e1s de 147 mil millones de pesos, que se prev\u00e9 genere aproximadamente 191 mil empleos y fortalezca la econom\u00eda estatal.<\/p><p>Tambi\u00e9n mencion\u00f3 la coordinaci\u00f3n con el Gobierno de M\u00e9xico y el impulso de proyectos estrat\u00e9gicos para Hidalgo, entre ellos el tren AIFA-Pachuca, el tren M\u00e9xico-Quer\u00e9taro, el plan h\u00eddrico, el saneamiento del r\u00edo Tula, la carretera Pachuca-Huejutla-Tamazunchale, el Polo de Desarrollo Econ\u00f3mico para el Bienestar en Zapotl\u00e1n de Ju\u00e1rez y los programas de Vivienda para el Bienestar.<\/p><p>Adem\u00e1s, refrend\u00f3 la disposici\u00f3n del Poder Ejecutivo para participar en la glosa del informe y atender las comparecencias ante el Congreso, bajo una visi\u00f3n de di\u00e1logo y coordinaci\u00f3n entre poderes.<\/p><p>Con la recepci\u00f3n del informe, el\u00a0Poder Legislativo\u00a0dio continuidad a sus funciones de an\u00e1lisis, vigilancia y rendici\u00f3n de cuentas, en el marco del inicio de un nuevo periodo ordinario de trabajos.<\/p><p>En el evento tambi\u00e9n estuvieron presentes, diputadas y diputados integrantes de la\u00a0LXVI Legislatura, secretarias y secretarios de estado; invitados especiales; as\u00ed como personal de la Secretar\u00eda de Gobierno y de la Casa del Pueblo.<\/p>\t\t\t\t\t\t<\/div>\n\t\t\t\t<\/div>\n\t\t\t\t\t<\/div>\n\t\t<\/div>\n\t\t\t\t\t\t\t<\/div>\n\t\t<\/section>\n\t\t\t\t<section class=\"elementor-section elementor-top-section elementor-element elementor-element-451e81a elementor-section-boxed elementor-section-height-default elementor-section-height-default\" data-id=\"451e81a\" data-element_type=\"section\">\n\t\t\t\t\t\t<div class=\"elementor-container elementor-column-gap-default\">\n\t\t\t\t\t<div class=\"elementor-column elementor-col-100 elementor-top-column elementor-element elementor-element-ecadc83\" data-id=\"ecadc83\" data-element_type=\"column\">\n\t\t\t<div class=\"elementor-widget-wrap elementor-element-populated\">\n\t\t\t\t\t\t\t\t<div class=\"elementor-element elementor-element-cf55b8d elementor-aspect-ratio-169 elementor-widget elementor-widget-video\" data-id=\"cf55b8d\" data-element_type=\"widget\" data-settings=\"{&quot;youtube_url&quot;:&quot;https:\\\/\\\/youtu.be\\\/oY-m3Q_xvW0&quot;,&quot;video_type&quot;:&quot;youtube&quot;,&quot;controls&quot;:&quot;yes&quot;,&quot;aspect_ratio&quot;:&quot;169&quot;}\" data-widget_type=\"video.default\">\n\t\t\t\t<div class=\"elementor-widget-container\">\n\t\t\t<style>\/*! elementor - v3.10.2 - 29-01-2023 *\/\n.elementor-widget-video .elementor-widget-container{overflow:hidden;transform:translateZ(0)}.elementor-widget-video .elementor-open-inline .elementor-custom-embed-image-overlay{position:absolute;top:0;left:0;width:100%;height:100%;background-size:cover;background-position:50%}.elementor-widget-video .elementor-custom-embed-image-overlay{cursor:pointer;text-align:center}.elementor-widget-video .elementor-custom-embed-image-overlay:hover .elementor-custom-embed-play i{opacity:1}.elementor-widget-video .elementor-custom-embed-image-overlay img{display:block;width:100%}.elementor-widget-video .e-hosted-video .elementor-video{-o-object-fit:cover;object-fit:cover}.e-con-inner>.elementor-widget-video,.e-con>.elementor-widget-video{width:var(--container-widget-width);--flex-grow:var(--container-widget-flex-grow)}<\/style>\t\t<div class=\"elementor-wrapper elementor-fit-aspect-ratio elementor-open-inline\">\n\t\t\t<div class=\"elementor-video\"><\/div>\t\t<\/div>\n\t\t\t\t<\/div>\n\t\t\t\t<\/div>\n\t\t\t\t\t<\/div>\n\t\t<\/div>\n\t\t\t\t\t\t\t<\/div>\n\t\t<\/section>\n\t\t\t\t\t\t\t<\/div>\n\t\t","protected":false},"excerpt":{"rendered":"<p>Pachuca, Hgo., 5 de septiembre del 2026.-\u00a0Durante la apertura del primer periodo ordinario de sesiones del tercer a\u00f1o de ejercicio constitucional de la\u00a0LXVI Legislatura, el\u00a0Congreso del Estado de Hidalgo\u00a0recibi\u00f3 el Informe del Estado que Guardan los Diversos Ramos de la Administraci\u00f3n P\u00fablica Estatal, documento que fue entregado ante el Pleno para su conocimiento y an\u00e1lisis, [&hellip;]<\/p>\n","protected":false},"author":1,"featured_media":120887,"comment_status":"closed","ping_status":"closed","sticky":false,"template":"","format":"standard","meta":[],"categories":[7],"tags":[],"_links":{"self":[{"href":"https:\/\/www.diarionoti7.com.mx\/index.php?rest_route=\/wp\/v2\/posts\/120892"}],"collection":[{"href":"https:\/\/www.diarionoti7.com.mx\/index.php?rest_route=\/wp\/v2\/posts"}],"about":[{"href":"https:\/\/www.diarionoti7.com.mx\/index.php?rest_route=\/wp\/v2\/types\/post"}],"author":[{"embeddable":true,"href":"https:\/\/www.diarionoti7.com.mx\/index.php?rest_route=\/wp\/v2\/users\/1"}],"replies":[{"embeddable":true,"href":"https:\/\/www.diarionoti7.com.mx\/index.php?rest_route=%2Fwp%2Fv2%2Fcomments&post=120892"}],"version-history":[{"count":4,"href":"https:\/\/www.diarionoti7.com.mx\/index.php?rest_route=\/wp\/v2\/posts\/120892\/revisions"}],"predecessor-version":[{"id":120896,"href":"https:\/\/www.diarionoti7.com.mx\/index.php?rest_route=\/wp\/v2\/posts\/120892\/revisions\/120896"}],"wp:featuredmedia":[{"embeddable":true,"href":"https:\/\/www.diarionoti7.com.mx\/index.php?rest_route=\/wp\/v2\/media\/120887"}],"wp:attachment":[{"href":"https:\/\/www.diarionoti7.com.mx\/index.php?rest_route=%2Fwp%2Fv2%2Fmedia&parent=120892"}],"wp:term":[{"taxonomy":"category","embeddable":true,"href":"https:\/\/www.diarionoti7.com.mx\/index.php?rest_route=%2Fwp%2Fv2%2Fcategories&post=120892"},{"taxonomy":"post_tag","embeddable":true,"href":"https:\/\/www.diarionoti7.com.mx\/index.php?rest_route=%2Fwp%2Fv2%2Ftags&post=120892"}],"curies":[{"name":"wp","href":"https:\/\/api.w.org\/{rel}","templated":true}]}}