{"id":120769,"date":"2026-09-05T08:33:37","date_gmt":"2026-09-05T08:33:37","guid":{"rendered":"https:\/\/www.diarionoti7.com.mx\/?p=120769"},"modified":"2026-09-05T17:37:18","modified_gmt":"2026-09-05T17:37:18","slug":"menchaca-anticipa-mas-inversiones-federales-para-tula-durante-los-ultimos-dos-anos-de-su-gobierno","status":"publish","type":"post","link":"https:\/\/www.diarionoti7.com.mx\/?p=120769","title":{"rendered":"Menchaca anticipa m\u00e1s inversiones federales para Tula durante los \u00faltimos dos a\u00f1os de su gobierno"},"content":{"rendered":"\t\t<div data-elementor-type=\"wp-post\" data-elementor-id=\"120769\" class=\"elementor elementor-120769\">\n\t\t\t\t\t\t\t\t\t<section class=\"elementor-section elementor-top-section elementor-element elementor-element-c09b8f0 elementor-section-boxed elementor-section-height-default elementor-section-height-default\" data-id=\"c09b8f0\" data-element_type=\"section\">\n\t\t\t\t\t\t<div class=\"elementor-container elementor-column-gap-default\">\n\t\t\t\t\t<div class=\"elementor-column elementor-col-100 elementor-top-column elementor-element elementor-element-955a561\" data-id=\"955a561\" data-element_type=\"column\">\n\t\t\t<div class=\"elementor-widget-wrap elementor-element-populated\">\n\t\t\t\t\t\t\t\t<div class=\"elementor-element elementor-element-0ce869c elementor-widget elementor-widget-text-editor\" data-id=\"0ce869c\" data-element_type=\"widget\" data-widget_type=\"text-editor.default\">\n\t\t\t\t<div class=\"elementor-widget-container\">\n\t\t\t<style>\/*! elementor - v3.10.2 - 29-01-2023 *\/\n.elementor-widget-text-editor.elementor-drop-cap-view-stacked .elementor-drop-cap{background-color:#818a91;color:#fff}.elementor-widget-text-editor.elementor-drop-cap-view-framed .elementor-drop-cap{color:#818a91;border:3px solid;background-color:transparent}.elementor-widget-text-editor:not(.elementor-drop-cap-view-default) .elementor-drop-cap{margin-top:8px}.elementor-widget-text-editor:not(.elementor-drop-cap-view-default) .elementor-drop-cap-letter{width:1em;height:1em}.elementor-widget-text-editor .elementor-drop-cap{float:left;text-align:center;line-height:1;font-size:50px}.elementor-widget-text-editor .elementor-drop-cap-letter{display:inline-block}<\/style>\t\t\t\t<p><strong>*Julio Menchaca afirm\u00f3 que continuar\u00e1n las inversiones federales en la zona Tula-Tepeji durante los dos \u00faltimos a\u00f1os de su gobierno, con prioridad en el saneamiento del r\u00edo Tula y obras del Plan H\u00eddrico.<\/strong><\/p><p><strong>Pachuca, Hgo., 4 de Septiembre 2026.-<\/strong>Al rendir su cuarto informe de gobierno<strong>, e<\/strong>l gobernador de Hidalgo,\u00a0<a href=\"https:\/\/x.com\/juliomenchaca_\">Julio Menchaca Salazar<\/a>, destac\u00f3 que en los dos \u00faltimos a\u00f1os de su gobierno seguir\u00e1n las inversiones federales para la zona Tula-Tepeji, sobre todo para concretar el Plan H\u00eddrico que comprende el saneamiento\u00a0 \u00a0del r\u00edo Tula y las obras de infraestructura para proteger a los municipios de la regi\u00f3n.<\/p><p>En \u00a0encuentro con medios de comunicaci\u00f3n, Menchaca Salazar, luego de que finaliz\u00f3 el acto protocolario de su cuarto informe de gobierno destac\u00f3 que la presidenta de M\u00e9xico, Claudia Sheinbaum Pardo hizo el compromiso de sanear Tula y los municipios aleda\u00f1os, por lo que se\u00f1al\u00f3 que ese compromiso se traduce en m\u00e1s recursos federales que se invertir\u00e1n en la zona de tula y tambi\u00e9n destac\u00f3 las inversiones federales que ya se ejecutan en Tula de Allende y en municipios aleda\u00f1os, a bien de atender a\u00f1os de rezago social y contaminaci\u00f3n ambiental.<\/p><p>Antes, se proyect\u00f3 un video, se record\u00f3 que Hidalgo forma parte del Plan H\u00eddrico Nacional que contempla obras de revestimiento de canales principales y secundarios.<\/p><p>Este plan h\u00eddrico tambi\u00e9n contempla acciones concretas para la tecnificaci\u00f3n del campo hidalguense, mediante la nivelaci\u00f3n de dos mil 200 hect\u00e1reas de parcelas y la asistencia t\u00e9cnica especializada a 67 mil personas productoras para regar con menos agua y producir m\u00e1s alimentos.<\/p><p>Tambi\u00e9n se destac\u00f3 el saneamiento del r\u00edo Tula, dentro del cual, recientemente el gobierno federal inform\u00f3 de una inversi\u00f3n conjunta entre gobierno federal y estatal de 900 millones de pesos.<\/p><p>Concretamente, el gobierno de Hidalgo puntualiz\u00f3 que la inversi\u00f3n local corresponde a la construcci\u00f3n de colectores marginales, con una inversi\u00f3n de 308 millones de pesos, aunque no se puntualiza si esta inversi\u00f3n es \u00fanicamente del 2026 o si se suma al monto previamente anunciado.<\/p><p>Otras inversiones federales que se han hecho son los montos destinados para la reconversi\u00f3n de la refiner\u00eda Miguel Hidalgo y la Termoel\u00e9ctrica Francisco P\u00e9rez R\u00edos; adem\u00e1s de la rehabilitaci\u00f3n de la estaci\u00f3n ferroviaria de Tula, la cual ser\u00e1 usada en la ruta del tren M\u00e9xico-Quer\u00e9taro.<\/p><p>\u00a0<\/p>\t\t\t\t\t\t<\/div>\n\t\t\t\t<\/div>\n\t\t\t\t\t<\/div>\n\t\t<\/div>\n\t\t\t\t\t\t\t<\/div>\n\t\t<\/section>\n\t\t\t\t\t\t\t<\/div>\n\t\t","protected":false},"excerpt":{"rendered":"<p>*Julio Menchaca afirm\u00f3 que continuar\u00e1n las inversiones federales en la zona Tula-Tepeji durante los dos \u00faltimos a\u00f1os de su gobierno, con prioridad en el saneamiento del r\u00edo Tula y obras del Plan H\u00eddrico. Pachuca, Hgo., 4 de Septiembre 2026.-Al rendir su cuarto informe de gobierno, el gobernador de Hidalgo,\u00a0Julio Menchaca Salazar, destac\u00f3 que en los [&hellip;]<\/p>\n","protected":false},"author":1,"featured_media":120772,"comment_status":"closed","ping_status":"closed","sticky":false,"template":"","format":"standard","meta":[],"categories":[9],"tags":[],"_links":{"self":[{"href":"https:\/\/www.diarionoti7.com.mx\/index.php?rest_route=\/wp\/v2\/posts\/120769"}],"collection":[{"href":"https:\/\/www.diarionoti7.com.mx\/index.php?rest_route=\/wp\/v2\/posts"}],"about":[{"href":"https:\/\/www.diarionoti7.com.mx\/index.php?rest_route=\/wp\/v2\/types\/post"}],"author":[{"embeddable":true,"href":"https:\/\/www.diarionoti7.com.mx\/index.php?rest_route=\/wp\/v2\/users\/1"}],"replies":[{"embeddable":true,"href":"https:\/\/www.diarionoti7.com.mx\/index.php?rest_route=%2Fwp%2Fv2%2Fcomments&post=120769"}],"version-history":[{"count":4,"href":"https:\/\/www.diarionoti7.com.mx\/index.php?rest_route=\/wp\/v2\/posts\/120769\/revisions"}],"predecessor-version":[{"id":120775,"href":"https:\/\/www.diarionoti7.com.mx\/index.php?rest_route=\/wp\/v2\/posts\/120769\/revisions\/120775"}],"wp:featuredmedia":[{"embeddable":true,"href":"https:\/\/www.diarionoti7.com.mx\/index.php?rest_route=\/wp\/v2\/media\/120772"}],"wp:attachment":[{"href":"https:\/\/www.diarionoti7.com.mx\/index.php?rest_route=%2Fwp%2Fv2%2Fmedia&parent=120769"}],"wp:term":[{"taxonomy":"category","embeddable":true,"href":"https:\/\/www.diarionoti7.com.mx\/index.php?rest_route=%2Fwp%2Fv2%2Fcategories&post=120769"},{"taxonomy":"post_tag","embeddable":true,"href":"https:\/\/www.diarionoti7.com.mx\/index.php?rest_route=%2Fwp%2Fv2%2Ftags&post=120769"}],"curies":[{"name":"wp","href":"https:\/\/api.w.org\/{rel}","templated":true}]}}