{"id":120740,"date":"2026-09-03T08:08:21","date_gmt":"2026-09-03T08:08:21","guid":{"rendered":"https:\/\/www.diarionoti7.com.mx\/?p=120740"},"modified":"2026-09-03T15:09:44","modified_gmt":"2026-09-03T15:09:44","slug":"proxima-semana-iniciativas-de-reforma-en-materia-economica-presidenta-sheinbaum","status":"publish","type":"post","link":"https:\/\/www.diarionoti7.com.mx\/?p=120740","title":{"rendered":"Pr\u00f3xima semana, iniciativas de reforma en materia econ\u00f3mica: presidenta Sheinbaum"},"content":{"rendered":"\t\t<div data-elementor-type=\"wp-post\" data-elementor-id=\"120740\" class=\"elementor elementor-120740\">\n\t\t\t\t\t\t\t\t\t<section class=\"elementor-section elementor-top-section elementor-element elementor-element-c09b8f0 elementor-section-boxed elementor-section-height-default elementor-section-height-default\" data-id=\"c09b8f0\" data-element_type=\"section\">\n\t\t\t\t\t\t<div class=\"elementor-container elementor-column-gap-default\">\n\t\t\t\t\t<div class=\"elementor-column elementor-col-100 elementor-top-column elementor-element elementor-element-955a561\" data-id=\"955a561\" data-element_type=\"column\">\n\t\t\t<div class=\"elementor-widget-wrap elementor-element-populated\">\n\t\t\t\t\t\t\t\t<div class=\"elementor-element elementor-element-0ce869c elementor-widget elementor-widget-text-editor\" data-id=\"0ce869c\" data-element_type=\"widget\" data-widget_type=\"text-editor.default\">\n\t\t\t\t<div class=\"elementor-widget-container\">\n\t\t\t<style>\/*! elementor - v3.10.2 - 29-01-2023 *\/\n.elementor-widget-text-editor.elementor-drop-cap-view-stacked .elementor-drop-cap{background-color:#818a91;color:#fff}.elementor-widget-text-editor.elementor-drop-cap-view-framed .elementor-drop-cap{color:#818a91;border:3px solid;background-color:transparent}.elementor-widget-text-editor:not(.elementor-drop-cap-view-default) .elementor-drop-cap{margin-top:8px}.elementor-widget-text-editor:not(.elementor-drop-cap-view-default) .elementor-drop-cap-letter{width:1em;height:1em}.elementor-widget-text-editor .elementor-drop-cap{float:left;text-align:center;line-height:1;font-size:50px}.elementor-widget-text-editor .elementor-drop-cap-letter{display:inline-block}<\/style>\t\t\t\t<p><strong>Ciudad de M\u00e9xico 2 de septiembre 2026.-<\/strong> La presidenta Claudia Sheinbaum Pardo anunci\u00f3 que la pr\u00f3xima semana presentar\u00e1 al Congreso de la Uni\u00f3n una\u00a0serie de reformas\u00a0en el sector econ\u00f3mico.<\/p><p>Al encabezar el reporte sobre reformas constitucionales en dos a\u00f1os de gobierno, dio a conocer que las pr\u00f3ximas iniciativas de ley buscan apoyar a las\u00a0micro y peque\u00f1as empresas, as\u00ed como fortalecer la econom\u00eda digital.<\/p><p>\u201cHay varias reformas que tienen que ver con el paquete fiscal que se va a entregar, que ayudan al desarrollo de la econom\u00eda. Entonces vienen esas y otras que presentaremos en su momento.\u201d<\/p><p>Luego de indicar que el Ejecutivo federal entregar\u00e1 el paquete econ\u00f3mico el pr\u00f3ximo 8 de septiembre, destac\u00f3 que las\u00a027 reformas constitucionales\u00a0y 76 legales impulsadas por este gobierno recuperan el sentido social de la carta magna.<\/p><p>\u201cLa Cuarta Transformaci\u00f3n tiene hoy una nueva norma constitucional que echa para atr\u00e1s buena parte de las reformas del neoliberalismo y recupera la soberan\u00eda, avanza en democracia, reconocimiento de los pueblos y derechos sociales: vivienda, salud, educaci\u00f3n y Programas para el Bienestar.\u201d<\/p><p>Record\u00f3 que desde la Independencia no se hab\u00edan reconocido los\u00a0derechos de pueblos originarios\u00a0y, en materia democr\u00e1tica, la reforma judicial hoy permite la elecci\u00f3n directa.<\/p><p>Consider\u00f3 que la\u00a0prohibici\u00f3n del ma\u00edz transg\u00e9nico\u00a0es otro de los cambios profundos porque significa la defensa de nuestra biodiversidad, mientras que la modificaci\u00f3n al art\u00edculo 40 constitucional refuerza la soberan\u00eda.<\/p><p>La presidenta tambi\u00e9n se refiri\u00f3 a la votaci\u00f3n un\u00e1nime a favor de la reforma que incluy\u00f3 a las mujeres en la Constituci\u00f3n, y subray\u00f3 que el cambio en la\u00a0Ley de Aguas Nacionales\u00a0implic\u00f3 desprivatizar, eliminar el acaparamiento y regresar este derecho al pueblo.<\/p><p>La consejera jur\u00eddica del Ejecutivo federal, Luisa Mar\u00eda Alcalde Luj\u00e1n, expuso que las reformas se agrupan en temas como soberan\u00eda nacional y recuperaci\u00f3n de la rector\u00eda del Estado; fortalecimiento de la\u00a0democracia\u00a0y austeridad republicana.<\/p><p>Asimismo, abordan seguridad, combate a la impunidad y acceso a la justicia; bienestar y prosperidad compartida; trabajo digno; vivienda; derechos de las infancias, mujeres y pueblos ind\u00edgenas.<\/p><p>En materia de\u00a0soberan\u00eda, el Ejecutivo federal impuls\u00f3 cambios constitucionales para recuperar la rector\u00eda del Estado en sectores estrat\u00e9gicos como Petr\u00f3leos Mexicanos (Pemex) y Comisi\u00f3n Federal de Electricidad (CFE).<\/p><p>Adem\u00e1s, qued\u00f3 establecido que se aplicar\u00e1 nulidad en procesos electorales en caso de comprobarse injerencia extranjera.<\/p><p>En cuanto a democracia y austeridad, qued\u00f3\u00a0prohibido el nepotismo\u00a0y la reelecci\u00f3n; diversos \u00f3rganos aut\u00f3nomos fueron eliminados o sustituidos y qued\u00f3 establecido el derecho de las audiencias de radio y televisi\u00f3n.<\/p><p>Por lo que se refiere a seguridad, las reformas\u00a0fortalecen\u00a0la persecuci\u00f3n de delitos con m\u00e1s impacto como extorsi\u00f3n, tr\u00e1fico de fentanilo y armas, facturas falsas, lavado de dinero y feminicidio.<\/p><p>A ello se suma la consolidaci\u00f3n de la Guardia Nacional, el fortalecimiento de la Unidad de Inteligencia Financiera (UIF), Sistema Nacional de Inteligencia (SNI), y b\u00fasqueda de desaparecidos.<\/p><p>En este apartado destacan la\u00a0reforma judicial, el blindaje de elecciones contra el crimen organizado y la creaci\u00f3n de la Comisi\u00f3n de Integridad de Candidaturas en el Instituto Nacional Electoral (INE).<\/p><p>Respecto a bienestar y prosperidad compartida, la Constituci\u00f3n establece que los\u00a0Programas para el Bienestar\u00a0son derechos de adultos mayores, personas con discapacidad, j\u00f3venes, campesinos, estudiantes y pescadores.<\/p><p>En materia de\u00a0trabajo digno, nuestro pa\u00eds cuenta con legislaci\u00f3n que reduce la jornada laboral a 40 horas, as\u00ed como la brecha salarial entre hombres y mujeres; brinda seguridad social y protecci\u00f3n a trabajadores de plataformas digitales y jornaleros agr\u00edcolas.<\/p><p>Igualmente, los ajustes legales por el derecho a una\u00a0vivienda adecuada\u00a0confieren a Infonavit y Fovissste la capacidad de construcci\u00f3n, mientras que otras reformas impulsan la inversi\u00f3n mixta, la simplificaci\u00f3n administrativa y la digitalizaci\u00f3n de tr\u00e1mites.<\/p><p>Finalmente, nuestra carta magna reconoce la\u00a0igualdad sustantiva\u00a0de las mujeres; fortalece la atenci\u00f3n integral al delito de feminicidio y reconoce a los pueblos ind\u00edgenas y afromexicanos como sujetos de derecho p\u00fablico.<\/p>\t\t\t\t\t\t<\/div>\n\t\t\t\t<\/div>\n\t\t\t\t\t<\/div>\n\t\t<\/div>\n\t\t\t\t\t\t\t<\/div>\n\t\t<\/section>\n\t\t\t\t\t\t\t<\/div>\n\t\t","protected":false},"excerpt":{"rendered":"<p>Ciudad de M\u00e9xico 2 de septiembre 2026.- La presidenta Claudia Sheinbaum Pardo anunci\u00f3 que la pr\u00f3xima semana presentar\u00e1 al Congreso de la Uni\u00f3n una\u00a0serie de reformas\u00a0en el sector econ\u00f3mico. Al encabezar el reporte sobre reformas constitucionales en dos a\u00f1os de gobierno, dio a conocer que las pr\u00f3ximas iniciativas de ley buscan apoyar a las\u00a0micro y [&hellip;]<\/p>\n","protected":false},"author":1,"featured_media":120742,"comment_status":"closed","ping_status":"closed","sticky":false,"template":"","format":"standard","meta":[],"categories":[3],"tags":[],"_links":{"self":[{"href":"https:\/\/www.diarionoti7.com.mx\/index.php?rest_route=\/wp\/v2\/posts\/120740"}],"collection":[{"href":"https:\/\/www.diarionoti7.com.mx\/index.php?rest_route=\/wp\/v2\/posts"}],"about":[{"href":"https:\/\/www.diarionoti7.com.mx\/index.php?rest_route=\/wp\/v2\/types\/post"}],"author":[{"embeddable":true,"href":"https:\/\/www.diarionoti7.com.mx\/index.php?rest_route=\/wp\/v2\/users\/1"}],"replies":[{"embeddable":true,"href":"https:\/\/www.diarionoti7.com.mx\/index.php?rest_route=%2Fwp%2Fv2%2Fcomments&post=120740"}],"version-history":[{"count":4,"href":"https:\/\/www.diarionoti7.com.mx\/index.php?rest_route=\/wp\/v2\/posts\/120740\/revisions"}],"predecessor-version":[{"id":120745,"href":"https:\/\/www.diarionoti7.com.mx\/index.php?rest_route=\/wp\/v2\/posts\/120740\/revisions\/120745"}],"wp:featuredmedia":[{"embeddable":true,"href":"https:\/\/www.diarionoti7.com.mx\/index.php?rest_route=\/wp\/v2\/media\/120742"}],"wp:attachment":[{"href":"https:\/\/www.diarionoti7.com.mx\/index.php?rest_route=%2Fwp%2Fv2%2Fmedia&parent=120740"}],"wp:term":[{"taxonomy":"category","embeddable":true,"href":"https:\/\/www.diarionoti7.com.mx\/index.php?rest_route=%2Fwp%2Fv2%2Fcategories&post=120740"},{"taxonomy":"post_tag","embeddable":true,"href":"https:\/\/www.diarionoti7.com.mx\/index.php?rest_route=%2Fwp%2Fv2%2Ftags&post=120740"}],"curies":[{"name":"wp","href":"https:\/\/api.w.org\/{rel}","templated":true}]}}