{"id":120697,"date":"2026-09-03T08:00:44","date_gmt":"2026-09-03T08:00:44","guid":{"rendered":"https:\/\/www.diarionoti7.com.mx\/?p=120697"},"modified":"2026-09-03T15:01:29","modified_gmt":"2026-09-03T15:01:29","slug":"opera-un-nuevo-tramo-del-bulevar-santa-catarina-una-alternativa-para-incorporarse-al-bulevar-ramon-g-bonfil-desde-el-felipe-angeles","status":"publish","type":"post","link":"https:\/\/www.diarionoti7.com.mx\/?p=120697","title":{"rendered":"Opera Un Nuevo Tramo del Bulevar Santa Catarina, Una Alternativa Para Incorporarse al Bulevar Ram\u00f3n G. Bonfil Desde el Felipe \u00c1ngeles"},"content":{"rendered":"\t\t<div data-elementor-type=\"wp-post\" data-elementor-id=\"120697\" class=\"elementor elementor-120697\">\n\t\t\t\t\t\t\t\t\t<section class=\"elementor-section elementor-top-section elementor-element elementor-element-c09b8f0 elementor-section-boxed elementor-section-height-default elementor-section-height-default\" data-id=\"c09b8f0\" data-element_type=\"section\">\n\t\t\t\t\t\t<div class=\"elementor-container elementor-column-gap-default\">\n\t\t\t\t\t<div class=\"elementor-column elementor-col-100 elementor-top-column elementor-element elementor-element-955a561\" data-id=\"955a561\" data-element_type=\"column\">\n\t\t\t<div class=\"elementor-widget-wrap elementor-element-populated\">\n\t\t\t\t\t\t\t\t<div class=\"elementor-element elementor-element-0ce869c elementor-widget elementor-widget-text-editor\" data-id=\"0ce869c\" data-element_type=\"widget\" data-widget_type=\"text-editor.default\">\n\t\t\t\t<div class=\"elementor-widget-container\">\n\t\t\t<style>\/*! elementor - v3.10.2 - 29-01-2023 *\/\n.elementor-widget-text-editor.elementor-drop-cap-view-stacked .elementor-drop-cap{background-color:#818a91;color:#fff}.elementor-widget-text-editor.elementor-drop-cap-view-framed .elementor-drop-cap{color:#818a91;border:3px solid;background-color:transparent}.elementor-widget-text-editor:not(.elementor-drop-cap-view-default) .elementor-drop-cap{margin-top:8px}.elementor-widget-text-editor:not(.elementor-drop-cap-view-default) .elementor-drop-cap-letter{width:1em;height:1em}.elementor-widget-text-editor .elementor-drop-cap{float:left;text-align:center;line-height:1;font-size:50px}.elementor-widget-text-editor .elementor-drop-cap-letter{display:inline-block}<\/style>\t\t\t\t<p><strong>Pachuca. Hgo., 2 de septiembre 2026.- <\/strong>Despu\u00e9s de cuatro meses, cierres parciales, accidentes viales, filas y tr\u00e1fico a vuelta de rueda, este mi\u00e9rcoles comenz\u00f3 a operar un nuevo tramo del\u00a0bulevar Santa Catarina, en la zona sur de la\u00a0capital hidalguense.<\/p><p>La secci\u00f3n reci\u00e9n habilitada permitir\u00e1 a los automovilistas circular con direcci\u00f3n a Actopan y contar con una nueva alternativa para incorporarse al\u00a0bulevar Ram\u00f3n G. Bonfil\u00a0desde el\u00a0Felipe \u00c1ngeles.<\/p><p>La nueva ruta permitir\u00e1 a los conductores desplazarse por el\u00a0bulevar Santa Catarina\u00a0y posteriormente incorporarse al\u00a0Ram\u00f3n G. Bonfil, lo que podr\u00eda ayudar a reducir la carga vehicular en algunos de los puntos con mayor circulaci\u00f3n de esta zona de la capital hidalguense.<\/p><p>Adem\u00e1s, la habilitaci\u00f3n del tramo facilitar\u00e1 la conexi\u00f3n de habitantes de diversos desarrollos habitacionales ubicados en el\u00a0sur de Pachuca\u00a0con otras vialidades de la ciudad y con la salida hacia\u00a0Actopan.<\/p><p>La rehabilitaci\u00f3n de esta vialidad fue dividida en etapas. La primera tuvo un costo de\u00a068 millones 243 mil 102.46 pesos\u00a0y contempl\u00f3 la pavimentaci\u00f3n con concreto hidr\u00e1ulico de un tramo del bulevar, en los carriles con direcci\u00f3n a\u00a0Ciudad de M\u00e9xico.\u00a0<\/p><p>La segunda etapa, iniciada en\u00a0abril\u00a0de este a\u00f1o, cuenta con una inversi\u00f3n de\u00a089 millones 969 mil 662.29 pesos\u00a0y contempla la intervenci\u00f3n de los carriles con direcci\u00f3n a\u00a0Actopan, en el tramo comprendido entre el\u00a0bulevar Hacienda Pitahayas\u00a0y el\u00a0Congreso del Estado.<\/p><p>En conjunto, las dos fases principales de reconstrucci\u00f3n representan una inversi\u00f3n superior a los\u00a0158 millones de pesos.<\/p><p>Adem\u00e1s, el gobierno estatal proyect\u00f3 recursos adicionales por m\u00e1s de\u00a09 millones\u00a0de pesos para la ampliaci\u00f3n de\u00a0carriles\u00a0y otras obras destinadas a reducir los cuellos de botella en las incorporaciones de esta zona.<\/p>\t\t\t\t\t\t<\/div>\n\t\t\t\t<\/div>\n\t\t\t\t\t<\/div>\n\t\t<\/div>\n\t\t\t\t\t\t\t<\/div>\n\t\t<\/section>\n\t\t\t\t\t\t\t<\/div>\n\t\t","protected":false},"excerpt":{"rendered":"<p>Pachuca. Hgo., 2 de septiembre 2026.- Despu\u00e9s de cuatro meses, cierres parciales, accidentes viales, filas y tr\u00e1fico a vuelta de rueda, este mi\u00e9rcoles comenz\u00f3 a operar un nuevo tramo del\u00a0bulevar Santa Catarina, en la zona sur de la\u00a0capital hidalguense. La secci\u00f3n reci\u00e9n habilitada permitir\u00e1 a los automovilistas circular con direcci\u00f3n a Actopan y contar con [&hellip;]<\/p>\n","protected":false},"author":1,"featured_media":120699,"comment_status":"closed","ping_status":"closed","sticky":false,"template":"","format":"standard","meta":[],"categories":[9],"tags":[],"_links":{"self":[{"href":"https:\/\/www.diarionoti7.com.mx\/index.php?rest_route=\/wp\/v2\/posts\/120697"}],"collection":[{"href":"https:\/\/www.diarionoti7.com.mx\/index.php?rest_route=\/wp\/v2\/posts"}],"about":[{"href":"https:\/\/www.diarionoti7.com.mx\/index.php?rest_route=\/wp\/v2\/types\/post"}],"author":[{"embeddable":true,"href":"https:\/\/www.diarionoti7.com.mx\/index.php?rest_route=\/wp\/v2\/users\/1"}],"replies":[{"embeddable":true,"href":"https:\/\/www.diarionoti7.com.mx\/index.php?rest_route=%2Fwp%2Fv2%2Fcomments&post=120697"}],"version-history":[{"count":4,"href":"https:\/\/www.diarionoti7.com.mx\/index.php?rest_route=\/wp\/v2\/posts\/120697\/revisions"}],"predecessor-version":[{"id":120702,"href":"https:\/\/www.diarionoti7.com.mx\/index.php?rest_route=\/wp\/v2\/posts\/120697\/revisions\/120702"}],"wp:featuredmedia":[{"embeddable":true,"href":"https:\/\/www.diarionoti7.com.mx\/index.php?rest_route=\/wp\/v2\/media\/120699"}],"wp:attachment":[{"href":"https:\/\/www.diarionoti7.com.mx\/index.php?rest_route=%2Fwp%2Fv2%2Fmedia&parent=120697"}],"wp:term":[{"taxonomy":"category","embeddable":true,"href":"https:\/\/www.diarionoti7.com.mx\/index.php?rest_route=%2Fwp%2Fv2%2Fcategories&post=120697"},{"taxonomy":"post_tag","embeddable":true,"href":"https:\/\/www.diarionoti7.com.mx\/index.php?rest_route=%2Fwp%2Fv2%2Ftags&post=120697"}],"curies":[{"name":"wp","href":"https:\/\/api.w.org\/{rel}","templated":true}]}}