{"id":120641,"date":"2026-09-02T08:45:47","date_gmt":"2026-09-02T08:45:47","guid":{"rendered":"https:\/\/www.diarionoti7.com.mx\/?p=120641"},"modified":"2026-09-02T18:01:30","modified_gmt":"2026-09-02T18:01:30","slug":"guillermo-olivares-reyna-se-reunio-con-representantes-de-dependencias-y-recibio-planteamientos-ciudadanos-en-atotonilco-de-tula","status":"publish","type":"post","link":"https:\/\/www.diarionoti7.com.mx\/?p=120641","title":{"rendered":"Guillermo Olivares Reyna, se Reuni\u00f3 con Representantes de Dependencias y Recibi\u00f3 Planteamientos Ciudadanos en Atotonilco de Tula"},"content":{"rendered":"\t\t<div data-elementor-type=\"wp-post\" data-elementor-id=\"120641\" class=\"elementor elementor-120641\">\n\t\t\t\t\t\t\t\t\t<section class=\"elementor-section elementor-top-section elementor-element elementor-element-c09b8f0 elementor-section-boxed elementor-section-height-default elementor-section-height-default\" data-id=\"c09b8f0\" data-element_type=\"section\">\n\t\t\t\t\t\t<div class=\"elementor-container elementor-column-gap-default\">\n\t\t\t\t\t<div class=\"elementor-column elementor-col-100 elementor-top-column elementor-element elementor-element-955a561\" data-id=\"955a561\" data-element_type=\"column\">\n\t\t\t<div class=\"elementor-widget-wrap elementor-element-populated\">\n\t\t\t\t\t\t\t\t<div class=\"elementor-element elementor-element-0ce869c elementor-widget elementor-widget-text-editor\" data-id=\"0ce869c\" data-element_type=\"widget\" data-widget_type=\"text-editor.default\">\n\t\t\t\t<div class=\"elementor-widget-container\">\n\t\t\t<style>\/*! elementor - v3.10.2 - 29-01-2023 *\/\n.elementor-widget-text-editor.elementor-drop-cap-view-stacked .elementor-drop-cap{background-color:#818a91;color:#fff}.elementor-widget-text-editor.elementor-drop-cap-view-framed .elementor-drop-cap{color:#818a91;border:3px solid;background-color:transparent}.elementor-widget-text-editor:not(.elementor-drop-cap-view-default) .elementor-drop-cap{margin-top:8px}.elementor-widget-text-editor:not(.elementor-drop-cap-view-default) .elementor-drop-cap-letter{width:1em;height:1em}.elementor-widget-text-editor .elementor-drop-cap{float:left;text-align:center;line-height:1;font-size:50px}.elementor-widget-text-editor .elementor-drop-cap-letter{display:inline-block}<\/style>\t\t\t\t<p><strong>Atotonilco de Tula, Hgo. 1 de septiembre 2026.-<\/strong>Por primera vez,\u00a0Atotonilco de Tula fue sede de las Mesas de Acercamiento de Bienestar y Paz, mediante las cuales dependencias estatales acercaron servicios, tr\u00e1mites y atenci\u00f3n directa a habitantes del municipio.<\/p><p>La jornada fue encabezada por el secretario de Gobierno de Hidalgo,\u00a0Guillermo Olivares Reyna, y reuni\u00f3 a representantes de diferentes dependencias para\u00a0recibir planteamientos ciudadanos y canalizarlos a las instancias correspondientes.<\/p><p>De acuerdo con el gobierno estatal, las Mesas buscan\u00a0mantener presencia institucional en los municipios y generar coordinaci\u00f3n entre los tres \u00f3rdenes de gobierno\u00a0para atender las solicitudes presentadas por la poblaci\u00f3n.<\/p><p>Concentran servicios en un mismo espacio<\/p><p>Durante la jornada, habitantes de Atotonilco de Tula pudieron acceder a\u00a0asesor\u00eda jur\u00eddica, atenci\u00f3n a mujeres y v\u00edctimas, b\u00fasqueda de personas, Registro del Estado Familiar, orientaci\u00f3n para presentar denuncias, asuntos agrarios, salud, educaci\u00f3n, protecci\u00f3n civil y tr\u00e1mites vehiculares, entre otros servicios.<\/p><p>Los planteamientos recibidos ser\u00e1n canalizados a las dependencias correspondientes para continuar con su atenci\u00f3n y\u00a0mantener comunicaci\u00f3n con los ciudadanos respecto a los avances de cada caso.<\/p><p>Estrenan tres unidades m\u00f3viles<\/p><p>Como parte de la primera Mesa realizada en el municipio, autoridades tambi\u00e9n dieron el banderazo de salida a\u00a0tres unidades m\u00f3viles que recorrer\u00e1n diferentes puntos de Hidalgo: una de Registro e Identificaci\u00f3n Vehicular del Repuve, otra de Atenci\u00f3n a V\u00edctimas y una m\u00e1s de Servicios Integrales.<\/p><p>La unidad del\u00a0Registro P\u00fablico Vehicular (Repuve)\u00a0permitir\u00e1 efectuar registros, verificaciones, validaciones y consultas vehiculares en tiempo real mediante conexi\u00f3n con la base nacional.<\/p><p>Para adquirir esta unidad fueron destinados\u00a02 millones 368 mil 720 pesos, provenientes del\u00a0Fondo de Aportaciones para la Seguridad P\u00fablica (FASP) 2025.<\/p><p>Por su parte, la Unidad M\u00f3vil de Atenci\u00f3n a V\u00edctimas brindar\u00e1\u00a0acompa\u00f1amiento jur\u00eddico, psicol\u00f3gico y de trabajo social, mientras que la de Servicios Integrales ofrecer\u00e1 orientaci\u00f3n, tr\u00e1mites y atenci\u00f3n de distintas dependencias.<\/p><p>Las tres unidades recorrer\u00e1n diferentes municipios, principalmente aquellos donde\u00a0actualmente no existen m\u00f3dulos fijos para acceder a estos servicios.<\/p>\t\t\t\t\t\t<\/div>\n\t\t\t\t<\/div>\n\t\t\t\t\t<\/div>\n\t\t<\/div>\n\t\t\t\t\t\t\t<\/div>\n\t\t<\/section>\n\t\t\t\t\t\t\t<\/div>\n\t\t","protected":false},"excerpt":{"rendered":"<p>Atotonilco de Tula, Hgo. 1 de septiembre 2026.-Por primera vez,\u00a0Atotonilco de Tula fue sede de las Mesas de Acercamiento de Bienestar y Paz, mediante las cuales dependencias estatales acercaron servicios, tr\u00e1mites y atenci\u00f3n directa a habitantes del municipio. La jornada fue encabezada por el secretario de Gobierno de Hidalgo,\u00a0Guillermo Olivares Reyna, y reuni\u00f3 a representantes [&hellip;]<\/p>\n","protected":false},"author":1,"featured_media":120643,"comment_status":"closed","ping_status":"closed","sticky":false,"template":"","format":"standard","meta":[],"categories":[7],"tags":[],"_links":{"self":[{"href":"https:\/\/www.diarionoti7.com.mx\/index.php?rest_route=\/wp\/v2\/posts\/120641"}],"collection":[{"href":"https:\/\/www.diarionoti7.com.mx\/index.php?rest_route=\/wp\/v2\/posts"}],"about":[{"href":"https:\/\/www.diarionoti7.com.mx\/index.php?rest_route=\/wp\/v2\/types\/post"}],"author":[{"embeddable":true,"href":"https:\/\/www.diarionoti7.com.mx\/index.php?rest_route=\/wp\/v2\/users\/1"}],"replies":[{"embeddable":true,"href":"https:\/\/www.diarionoti7.com.mx\/index.php?rest_route=%2Fwp%2Fv2%2Fcomments&post=120641"}],"version-history":[{"count":4,"href":"https:\/\/www.diarionoti7.com.mx\/index.php?rest_route=\/wp\/v2\/posts\/120641\/revisions"}],"predecessor-version":[{"id":120646,"href":"https:\/\/www.diarionoti7.com.mx\/index.php?rest_route=\/wp\/v2\/posts\/120641\/revisions\/120646"}],"wp:featuredmedia":[{"embeddable":true,"href":"https:\/\/www.diarionoti7.com.mx\/index.php?rest_route=\/wp\/v2\/media\/120643"}],"wp:attachment":[{"href":"https:\/\/www.diarionoti7.com.mx\/index.php?rest_route=%2Fwp%2Fv2%2Fmedia&parent=120641"}],"wp:term":[{"taxonomy":"category","embeddable":true,"href":"https:\/\/www.diarionoti7.com.mx\/index.php?rest_route=%2Fwp%2Fv2%2Fcategories&post=120641"},{"taxonomy":"post_tag","embeddable":true,"href":"https:\/\/www.diarionoti7.com.mx\/index.php?rest_route=%2Fwp%2Fv2%2Ftags&post=120641"}],"curies":[{"name":"wp","href":"https:\/\/api.w.org\/{rel}","templated":true}]}}