{"id":120635,"date":"2026-09-02T08:29:31","date_gmt":"2026-09-02T08:29:31","guid":{"rendered":"https:\/\/www.diarionoti7.com.mx\/?p=120635"},"modified":"2026-09-02T17:30:39","modified_gmt":"2026-09-02T17:30:39","slug":"cedspi-fortalece-capacitacion-sobre-derechos-de-los-pueblos-indigenas","status":"publish","type":"post","link":"https:\/\/www.diarionoti7.com.mx\/?p=120635","title":{"rendered":"CEDSPI Fortalece Capacitaci\u00f3n Sobre Derechos De Los Pueblos Ind\u00edgenas"},"content":{"rendered":"\t\t<div data-elementor-type=\"wp-post\" data-elementor-id=\"120635\" class=\"elementor elementor-120635\">\n\t\t\t\t\t\t\t\t\t<section class=\"elementor-section elementor-top-section elementor-element elementor-element-c09b8f0 elementor-section-boxed elementor-section-height-default elementor-section-height-default\" data-id=\"c09b8f0\" data-element_type=\"section\">\n\t\t\t\t\t\t<div class=\"elementor-container elementor-column-gap-default\">\n\t\t\t\t\t<div class=\"elementor-column elementor-col-100 elementor-top-column elementor-element elementor-element-955a561\" data-id=\"955a561\" data-element_type=\"column\">\n\t\t\t<div class=\"elementor-widget-wrap elementor-element-populated\">\n\t\t\t\t\t\t\t\t<div class=\"elementor-element elementor-element-0ce869c elementor-widget elementor-widget-text-editor\" data-id=\"0ce869c\" data-element_type=\"widget\" data-widget_type=\"text-editor.default\">\n\t\t\t\t<div class=\"elementor-widget-container\">\n\t\t\t<style>\/*! elementor - v3.10.2 - 29-01-2023 *\/\n.elementor-widget-text-editor.elementor-drop-cap-view-stacked .elementor-drop-cap{background-color:#818a91;color:#fff}.elementor-widget-text-editor.elementor-drop-cap-view-framed .elementor-drop-cap{color:#818a91;border:3px solid;background-color:transparent}.elementor-widget-text-editor:not(.elementor-drop-cap-view-default) .elementor-drop-cap{margin-top:8px}.elementor-widget-text-editor:not(.elementor-drop-cap-view-default) .elementor-drop-cap-letter{width:1em;height:1em}.elementor-widget-text-editor .elementor-drop-cap{float:left;text-align:center;line-height:1;font-size:50px}.elementor-widget-text-editor .elementor-drop-cap-letter{display:inline-block}<\/style>\t\t\t\t<p><strong>*La actividad estuvo dirigida a personal directivo, administrativo, de vinculaci\u00f3n y supervisi\u00f3n de obra<\/strong><\/p><p><strong>Pachuca, Hgo., 1 de septiembre de 2026.-<\/strong>Con el objetivo de fortalecer la atenci\u00f3n institucional con enfoque intercultural, personal de la Comisi\u00f3n Estatal para el Desarrollo Sostenible de los Pueblos Ind\u00edgenas (CEDSPI), encabezada por Prisco Manuel Guti\u00e9rrez, imparti\u00f3 una jornada de capacitaci\u00f3n a 150 personas servidoras p\u00fablicas de la Secretar\u00eda de Infraestructura P\u00fablica y Desarrollo Urbano Sostenible (SIPDUS).<\/p><p>La actividad se llev\u00f3 a cabo de manera presencial en el Auditorio del Ex Centro Minero \u201cAndr\u00e9s Manuel del R\u00edo\u201d y estuvo dirigida a personal directivo, administrativo, de vinculaci\u00f3n y supervisi\u00f3n de obra que mantiene contacto con las comunidades durante los procesos de planeaci\u00f3n, ejecuci\u00f3n y seguimiento de proyectos de infraestructura.<\/p><p>Durante la jornada se brindaron conocimientos y herramientas para fortalecer la actuaci\u00f3n institucional desde una perspectiva de derechos, destacando la importancia de reconocer la diversidad cultural y ling\u00fc\u00edstica de Hidalgo, as\u00ed como las formas de organizaci\u00f3n, conocimientos, pr\u00e1cticas comunitarias y la relaci\u00f3n que los pueblos ind\u00edgenas mantienen con sus territorios.<\/p><p>Asimismo, se enfatiz\u00f3 que una atenci\u00f3n p\u00fablica con enfoque intercultural requiere comprender las particularidades de cada comunidad y establecer mecanismos de di\u00e1logo respetuoso que permitan atender sus necesidades y favorecer su participaci\u00f3n en las decisiones relacionadas con sus territorios.<\/p><p>En este sentido, la capacitaci\u00f3n al personal de SIPDUS permite fortalecer la incorporaci\u00f3n de esta perspectiva desde las primeras etapas de planeaci\u00f3n de las obras p\u00fablicas, con procesos m\u00e1s cercanos a las comunidades y respetuosos de su identidad y sus derechos.<\/p><p>Estas acciones forman parte de la visi\u00f3n del gobernador Julio Menchaca Salazar, que reconoce a los pueblos y comunidades ind\u00edgenas como protagonistas de la transformaci\u00f3n de Hidalgo mediante pol\u00edticas p\u00fablicas orientadas al reconocimiento de sus derechos, el fortalecimiento de sus identidades y la atenci\u00f3n de las distintas realidades de las regiones del estado.<\/p><p>La CEDSPI, organismo vinculado a la Unidad de Planeaci\u00f3n y Prospectiva que encabeza Miguel \u00c1ngel Tello Vargas, mantiene acciones de capacitaci\u00f3n y sensibilizaci\u00f3n con distintas instituciones p\u00fablicas para fortalecer una relaci\u00f3n basada en el respeto, el di\u00e1logo y el reconocimiento de los pueblos ind\u00edgenas como sujetos de derecho.<\/p><p>A trav\u00e9s de esta coordinaci\u00f3n interinstitucional, instrucci\u00f3n del gobernador Julio Menchaca, se fortalece la incorporaci\u00f3n del enfoque intercultural en el servicio p\u00fablico y en la planeaci\u00f3n de proyectos que inciden directamente en las comunidades ind\u00edgenas de Hidalgo.<\/p>\t\t\t\t\t\t<\/div>\n\t\t\t\t<\/div>\n\t\t\t\t\t<\/div>\n\t\t<\/div>\n\t\t\t\t\t\t\t<\/div>\n\t\t<\/section>\n\t\t\t\t\t\t\t<\/div>\n\t\t","protected":false},"excerpt":{"rendered":"<p>*La actividad estuvo dirigida a personal directivo, administrativo, de vinculaci\u00f3n y supervisi\u00f3n de obra Pachuca, Hgo., 1 de septiembre de 2026.-Con el objetivo de fortalecer la atenci\u00f3n institucional con enfoque intercultural, personal de la Comisi\u00f3n Estatal para el Desarrollo Sostenible de los Pueblos Ind\u00edgenas (CEDSPI), encabezada por Prisco Manuel Guti\u00e9rrez, imparti\u00f3 una jornada de capacitaci\u00f3n [&hellip;]<\/p>\n","protected":false},"author":1,"featured_media":120637,"comment_status":"closed","ping_status":"closed","sticky":false,"template":"","format":"standard","meta":[],"categories":[7],"tags":[],"_links":{"self":[{"href":"https:\/\/www.diarionoti7.com.mx\/index.php?rest_route=\/wp\/v2\/posts\/120635"}],"collection":[{"href":"https:\/\/www.diarionoti7.com.mx\/index.php?rest_route=\/wp\/v2\/posts"}],"about":[{"href":"https:\/\/www.diarionoti7.com.mx\/index.php?rest_route=\/wp\/v2\/types\/post"}],"author":[{"embeddable":true,"href":"https:\/\/www.diarionoti7.com.mx\/index.php?rest_route=\/wp\/v2\/users\/1"}],"replies":[{"embeddable":true,"href":"https:\/\/www.diarionoti7.com.mx\/index.php?rest_route=%2Fwp%2Fv2%2Fcomments&post=120635"}],"version-history":[{"count":4,"href":"https:\/\/www.diarionoti7.com.mx\/index.php?rest_route=\/wp\/v2\/posts\/120635\/revisions"}],"predecessor-version":[{"id":120640,"href":"https:\/\/www.diarionoti7.com.mx\/index.php?rest_route=\/wp\/v2\/posts\/120635\/revisions\/120640"}],"wp:featuredmedia":[{"embeddable":true,"href":"https:\/\/www.diarionoti7.com.mx\/index.php?rest_route=\/wp\/v2\/media\/120637"}],"wp:attachment":[{"href":"https:\/\/www.diarionoti7.com.mx\/index.php?rest_route=%2Fwp%2Fv2%2Fmedia&parent=120635"}],"wp:term":[{"taxonomy":"category","embeddable":true,"href":"https:\/\/www.diarionoti7.com.mx\/index.php?rest_route=%2Fwp%2Fv2%2Fcategories&post=120635"},{"taxonomy":"post_tag","embeddable":true,"href":"https:\/\/www.diarionoti7.com.mx\/index.php?rest_route=%2Fwp%2Fv2%2Ftags&post=120635"}],"curies":[{"name":"wp","href":"https:\/\/api.w.org\/{rel}","templated":true}]}}