{"id":110504,"date":"2026-05-01T08:57:52","date_gmt":"2026-05-01T08:57:52","guid":{"rendered":"https:\/\/www.diarionoti7.com.mx\/?p=110504"},"modified":"2026-05-01T18:58:46","modified_gmt":"2026-05-01T18:58:46","slug":"continua-la-onda-de-calor-por-lo-que-se-preven-de-lunes-a-jueves-temperaturas-de-40-a-45-c","status":"publish","type":"post","link":"https:\/\/www.diarionoti7.com.mx\/?p=110504","title":{"rendered":"Contin\u00faa La Onda de Calor, Por Lo Que Se Prev\u00e9n, de Lunes a Jueves, Temperaturas de 40 a 45 \u00b0C,"},"content":{"rendered":"\t\t<div data-elementor-type=\"wp-post\" data-elementor-id=\"110504\" class=\"elementor elementor-110504\">\n\t\t\t\t\t\t\t\t\t<section class=\"elementor-section elementor-top-section elementor-element elementor-element-c09b8f0 elementor-section-boxed elementor-section-height-default elementor-section-height-default\" data-id=\"c09b8f0\" data-element_type=\"section\">\n\t\t\t\t\t\t<div class=\"elementor-container elementor-column-gap-default\">\n\t\t\t\t\t<div class=\"elementor-column elementor-col-100 elementor-top-column elementor-element elementor-element-955a561\" data-id=\"955a561\" data-element_type=\"column\">\n\t\t\t<div class=\"elementor-widget-wrap elementor-element-populated\">\n\t\t\t\t\t\t\t\t<div class=\"elementor-element elementor-element-0ce869c elementor-widget elementor-widget-text-editor\" data-id=\"0ce869c\" data-element_type=\"widget\" data-widget_type=\"text-editor.default\">\n\t\t\t\t<div class=\"elementor-widget-container\">\n\t\t\t<style>\/*! elementor - v3.10.2 - 29-01-2023 *\/\n.elementor-widget-text-editor.elementor-drop-cap-view-stacked .elementor-drop-cap{background-color:#818a91;color:#fff}.elementor-widget-text-editor.elementor-drop-cap-view-framed .elementor-drop-cap{color:#818a91;border:3px solid;background-color:transparent}.elementor-widget-text-editor:not(.elementor-drop-cap-view-default) .elementor-drop-cap{margin-top:8px}.elementor-widget-text-editor:not(.elementor-drop-cap-view-default) .elementor-drop-cap-letter{width:1em;height:1em}.elementor-widget-text-editor .elementor-drop-cap{float:left;text-align:center;line-height:1;font-size:50px}.elementor-widget-text-editor .elementor-drop-cap-letter{display:inline-block}<\/style>\t\t\t\t<p><strong>Pachuca, Hgo., 30 de abril de 2026.- <\/strong>La Subsecretar\u00eda de Protecci\u00f3n Civil y Gesti\u00f3n de Riesgos informa a la poblaci\u00f3n que contin\u00faa la onda de calor, por lo que se prev\u00e9n, de\u00a0lunes a jueves,\u00a0temperaturas de 40 a 45 \u00b0C, principalmente en la regi\u00f3n\u00a0norte y noreste del estado. Para el\u00a0viernes, se estiman\u00a0temperaturas superiores a los 45 \u00b0C.<\/p><p>Ante estas condiciones, se exhorta a la poblaci\u00f3n a\u00a0extremar precauciones\u00a0y atender las siguientes recomendaciones:<\/p><ul><li>Evitar la exposici\u00f3n prolongada al sol, especialmente entre las\u00a011:00 y las 16:00 horas.<\/li><li>Mantenerse bien hidratada, consumiendo agua de manera constante, aun sin sentir sed.<\/li><li>Realizar actividades al aire libre durante las primeras horas de la ma\u00f1ana\u00a0y reducir esfuerzos f\u00edsicos en las horas de mayor temperatura.<\/li><li>Usar ropa ligera, de colores claros, gorra, sombrero o sombrilla.<\/li><li>No permanecer ni dejar a personas o mascotas al interior de veh\u00edculos cerrados.<\/li><li>Poner especial atenci\u00f3n en ni\u00f1as, ni\u00f1os, personas adultas mayores y personas con enfermedades cr\u00f3nicas, por ser los grupos m\u00e1s vulnerables.<\/li><li>Ante s\u00edntomas como\u00a0mareo, dolor de cabeza, n\u00e1usea, debilidad o desorientaci\u00f3n, acudir de inmediato a valoraci\u00f3n m\u00e9dica.<\/li><\/ul><p>Se invita a la ciudadan\u00eda a\u00a0mantenerse informada a trav\u00e9s de medios oficiales\u00a0y seguir en todo momento las indicaciones de las autoridades de salud y de protecci\u00f3n civil.<\/p>\t\t\t\t\t\t<\/div>\n\t\t\t\t<\/div>\n\t\t\t\t\t<\/div>\n\t\t<\/div>\n\t\t\t\t\t\t\t<\/div>\n\t\t<\/section>\n\t\t\t\t\t\t\t<\/div>\n\t\t","protected":false},"excerpt":{"rendered":"<p>Pachuca, Hgo., 30 de abril de 2026.- La Subsecretar\u00eda de Protecci\u00f3n Civil y Gesti\u00f3n de Riesgos informa a la poblaci\u00f3n que contin\u00faa la onda de calor, por lo que se prev\u00e9n, de\u00a0lunes a jueves,\u00a0temperaturas de 40 a 45 \u00b0C, principalmente en la regi\u00f3n\u00a0norte y noreste del estado. Para el\u00a0viernes, se estiman\u00a0temperaturas superiores a los 45 [&hellip;]<\/p>\n","protected":false},"author":1,"featured_media":110506,"comment_status":"closed","ping_status":"closed","sticky":false,"template":"","format":"standard","meta":[],"categories":[7],"tags":[],"_links":{"self":[{"href":"https:\/\/www.diarionoti7.com.mx\/index.php?rest_route=\/wp\/v2\/posts\/110504"}],"collection":[{"href":"https:\/\/www.diarionoti7.com.mx\/index.php?rest_route=\/wp\/v2\/posts"}],"about":[{"href":"https:\/\/www.diarionoti7.com.mx\/index.php?rest_route=\/wp\/v2\/types\/post"}],"author":[{"embeddable":true,"href":"https:\/\/www.diarionoti7.com.mx\/index.php?rest_route=\/wp\/v2\/users\/1"}],"replies":[{"embeddable":true,"href":"https:\/\/www.diarionoti7.com.mx\/index.php?rest_route=%2Fwp%2Fv2%2Fcomments&post=110504"}],"version-history":[{"count":4,"href":"https:\/\/www.diarionoti7.com.mx\/index.php?rest_route=\/wp\/v2\/posts\/110504\/revisions"}],"predecessor-version":[{"id":110509,"href":"https:\/\/www.diarionoti7.com.mx\/index.php?rest_route=\/wp\/v2\/posts\/110504\/revisions\/110509"}],"wp:featuredmedia":[{"embeddable":true,"href":"https:\/\/www.diarionoti7.com.mx\/index.php?rest_route=\/wp\/v2\/media\/110506"}],"wp:attachment":[{"href":"https:\/\/www.diarionoti7.com.mx\/index.php?rest_route=%2Fwp%2Fv2%2Fmedia&parent=110504"}],"wp:term":[{"taxonomy":"category","embeddable":true,"href":"https:\/\/www.diarionoti7.com.mx\/index.php?rest_route=%2Fwp%2Fv2%2Fcategories&post=110504"},{"taxonomy":"post_tag","embeddable":true,"href":"https:\/\/www.diarionoti7.com.mx\/index.php?rest_route=%2Fwp%2Fv2%2Ftags&post=110504"}],"curies":[{"name":"wp","href":"https:\/\/api.w.org\/{rel}","templated":true}]}}