{"id":110497,"date":"2026-05-01T08:55:26","date_gmt":"2026-05-01T08:55:26","guid":{"rendered":"https:\/\/www.diarionoti7.com.mx\/?p=110497"},"modified":"2026-05-01T18:56:34","modified_gmt":"2026-05-01T18:56:34","slug":"presidenta-inicia-entrega-de-tarjetas-de-la-beca-para-uniformes-y-utiles-rita-cetina-beneficiara-a-9-millones-de-estudiantes-de-primaria","status":"publish","type":"post","link":"https:\/\/www.diarionoti7.com.mx\/?p=110497","title":{"rendered":"Presidenta inicia entrega de tarjetas de la Beca para Uniformes y \u00datiles \u201cRita Cetina\u201d; beneficiar\u00e1 a 9 millones de estudiantes de primaria"},"content":{"rendered":"\t\t<div data-elementor-type=\"wp-post\" data-elementor-id=\"110497\" class=\"elementor elementor-110497\">\n\t\t\t\t\t\t\t\t\t<section class=\"elementor-section elementor-top-section elementor-element elementor-element-c09b8f0 elementor-section-boxed elementor-section-height-default elementor-section-height-default\" data-id=\"c09b8f0\" data-element_type=\"section\">\n\t\t\t\t\t\t<div class=\"elementor-container elementor-column-gap-default\">\n\t\t\t\t\t<div class=\"elementor-column elementor-col-100 elementor-top-column elementor-element elementor-element-955a561\" data-id=\"955a561\" data-element_type=\"column\">\n\t\t\t<div class=\"elementor-widget-wrap elementor-element-populated\">\n\t\t\t\t\t\t\t\t<div class=\"elementor-element elementor-element-0ce869c elementor-widget elementor-widget-text-editor\" data-id=\"0ce869c\" data-element_type=\"widget\" data-widget_type=\"text-editor.default\">\n\t\t\t\t<div class=\"elementor-widget-container\">\n\t\t\t<style>\/*! elementor - v3.10.2 - 29-01-2023 *\/\n.elementor-widget-text-editor.elementor-drop-cap-view-stacked .elementor-drop-cap{background-color:#818a91;color:#fff}.elementor-widget-text-editor.elementor-drop-cap-view-framed .elementor-drop-cap{color:#818a91;border:3px solid;background-color:transparent}.elementor-widget-text-editor:not(.elementor-drop-cap-view-default) .elementor-drop-cap{margin-top:8px}.elementor-widget-text-editor:not(.elementor-drop-cap-view-default) .elementor-drop-cap-letter{width:1em;height:1em}.elementor-widget-text-editor .elementor-drop-cap{float:left;text-align:center;line-height:1;font-size:50px}.elementor-widget-text-editor .elementor-drop-cap-letter{display:inline-block}<\/style>\t\t\t\t<p>*\u201cQue sean felices en la escuela tiene que ver con que todos tengan lo b\u00e1sico, lo principal y por eso dise\u00f1amos esta beca de \u00fatiles y uniformes escolares\u201d, asegur\u00f3<\/p><p>*Presidenta inicia entrega de tarjetas de la Beca para Uniformes y \u00datiles \u201cRita Cetina\u201d<\/p><p>\u00a0<strong>Ciudad de M\u00e9xico. 30 de abril 2026.- <\/strong>\u00a0En el marco del D\u00eda de la Ni\u00f1a y el Ni\u00f1o, la Presidenta Claudia Sheinbaum Pardo encabez\u00f3, desde Nezahualc\u00f3yotl, Estado de M\u00e9xico, el inicio de entrega de tarjetas de la\u00a0<strong>Beca de Apoyo para Uniformes y \u00datiles \u201cRita Cetina\u201d<\/strong>, que beneficiar\u00e1 a 9 millones de estudiantes de primarias p\u00fablicas en todo el pa\u00eds.<\/p><p>\u201cQue sean felices en la escuela tiene que ver con que todos tengan lo b\u00e1sico, lo principal. Y por eso dise\u00f1amos esta Beca de \u00datiles y Uniformes Escolares. A partir de este a\u00f1o, todas las ni\u00f1as y ni\u00f1os de primaria p\u00fablica van a tener la Beca \u201cRita Cetina\u201d de \u00datiles y Uniformes Escolares, 2 mil 500 pesos en agosto para que puedan \u2015julio, agosto\u2015 para que puedan comprar sus uniformes, \u00fatiles, todo lo que necesiten\u201d, anunci\u00f3.<\/p><p>Destac\u00f3 que con los gobiernos de la Cuarta Transformaci\u00f3n inici\u00f3 la entrega de Becas para el Bienestar a todos los estudiantes de escuelas p\u00fablicas para garantizar el derecho a la educaci\u00f3n. Por ello, explic\u00f3 que una vez que todas las ni\u00f1as y ni\u00f1os concluyan la primaria, podr\u00e1n acceder a la beca mensual Rita Cetina en secundaria y posteriormente la beca Benito Ju\u00e1rez en preparatoria.<\/p><p>Despu\u00e9s de encabezar la lectura del cuento \u201cEl Gato Loco\u201d del poeta chiapaneco Jaime Sabines, con alumnas, alumnos, padres y madres de familia de la Escuela Primaria \u201cIsidro Fabela\u201d, la Jefa del Ejecutivo Federal comparti\u00f3 a los estudiantes consejos como parte del D\u00eda de la Ni\u00f1a y el Ni\u00f1o: \u201cTienen la fortuna, el privilegio de ser mexicanas y mexicanos. M\u00e9xico es un pa\u00eds maravilloso, extraordinario. Dice una canci\u00f3n: \u2018como M\u00e9xico no hay dos\u2019. As\u00ed que hay que amar a la familia, amar al pr\u00f3jimo, amar a la naturaleza y amar a M\u00e9xico, amar a la patria\u201d, afirm\u00f3.<\/p><p>El secretario de Educaci\u00f3n P\u00fablica, Mario Delgado Carrillo, detall\u00f3 que la\u00a0<strong>Beca de Apoyo para Uniformes y \u00datiles \u201cRita Cetina\u201d\u00a0<\/strong>beneficiar\u00e1 a 9 millones de alumnas y alumnos de primarias p\u00fablicas, lo que convierte a la mandataria en la \u201cPresidenta de la Educaci\u00f3n\u201d, a quien tambi\u00e9n reconoci\u00f3 por su defensa de la soberan\u00eda nacional.<\/p><p>La gobernadora del Estado de M\u00e9xico, Delfina G\u00f3mez \u00c1lvarez, agradeci\u00f3 a la Presidenta por elegir la Escuela Primaria \u201cIsidro Fabela\u201d para arrancar con la entrega de tarjetas de esta nueva beca y refrend\u00f3 su respaldo al Gobierno de M\u00e9xico.<\/p><p>El presidente municipal de Nezahualc\u00f3yotl, Adolfo Cerqueda Rebollo, extendi\u00f3 el agradecimiento al gobierno federal y estatal por las inversiones realizadas para que todas y todos tengan derecho al agua, a la educaci\u00f3n y a la salud.<\/p>\t\t\t\t\t\t<\/div>\n\t\t\t\t<\/div>\n\t\t\t\t\t<\/div>\n\t\t<\/div>\n\t\t\t\t\t\t\t<\/div>\n\t\t<\/section>\n\t\t\t\t\t\t\t<\/div>\n\t\t","protected":false},"excerpt":{"rendered":"<p>*\u201cQue sean felices en la escuela tiene que ver con que todos tengan lo b\u00e1sico, lo principal y por eso dise\u00f1amos esta beca de \u00fatiles y uniformes escolares\u201d, asegur\u00f3 *Presidenta inicia entrega de tarjetas de la Beca para Uniformes y \u00datiles \u201cRita Cetina\u201d \u00a0Ciudad de M\u00e9xico. 30 de abril 2026.- \u00a0En el marco del D\u00eda [&hellip;]<\/p>\n","protected":false},"author":1,"featured_media":110499,"comment_status":"closed","ping_status":"closed","sticky":false,"template":"","format":"standard","meta":[],"categories":[3],"tags":[],"_links":{"self":[{"href":"https:\/\/www.diarionoti7.com.mx\/index.php?rest_route=\/wp\/v2\/posts\/110497"}],"collection":[{"href":"https:\/\/www.diarionoti7.com.mx\/index.php?rest_route=\/wp\/v2\/posts"}],"about":[{"href":"https:\/\/www.diarionoti7.com.mx\/index.php?rest_route=\/wp\/v2\/types\/post"}],"author":[{"embeddable":true,"href":"https:\/\/www.diarionoti7.com.mx\/index.php?rest_route=\/wp\/v2\/users\/1"}],"replies":[{"embeddable":true,"href":"https:\/\/www.diarionoti7.com.mx\/index.php?rest_route=%2Fwp%2Fv2%2Fcomments&post=110497"}],"version-history":[{"count":4,"href":"https:\/\/www.diarionoti7.com.mx\/index.php?rest_route=\/wp\/v2\/posts\/110497\/revisions"}],"predecessor-version":[{"id":110502,"href":"https:\/\/www.diarionoti7.com.mx\/index.php?rest_route=\/wp\/v2\/posts\/110497\/revisions\/110502"}],"wp:featuredmedia":[{"embeddable":true,"href":"https:\/\/www.diarionoti7.com.mx\/index.php?rest_route=\/wp\/v2\/media\/110499"}],"wp:attachment":[{"href":"https:\/\/www.diarionoti7.com.mx\/index.php?rest_route=%2Fwp%2Fv2%2Fmedia&parent=110497"}],"wp:term":[{"taxonomy":"category","embeddable":true,"href":"https:\/\/www.diarionoti7.com.mx\/index.php?rest_route=%2Fwp%2Fv2%2Fcategories&post=110497"},{"taxonomy":"post_tag","embeddable":true,"href":"https:\/\/www.diarionoti7.com.mx\/index.php?rest_route=%2Fwp%2Fv2%2Ftags&post=110497"}],"curies":[{"name":"wp","href":"https:\/\/api.w.org\/{rel}","templated":true}]}}