{"id":110484,"date":"2026-05-01T08:51:27","date_gmt":"2026-05-01T08:51:27","guid":{"rendered":"https:\/\/www.diarionoti7.com.mx\/?p=110484"},"modified":"2026-05-01T18:52:48","modified_gmt":"2026-05-01T18:52:48","slug":"mujeres-victimas-de-tepeji-recibieron-respuesta-del-gobierno-de-hidalgo","status":"publish","type":"post","link":"https:\/\/www.diarionoti7.com.mx\/?p=110484","title":{"rendered":"Mujeres V\u00edctimas de Tepeji Recibieron Respuesta del Gobierno de Hidalgo"},"content":{"rendered":"\t\t<div data-elementor-type=\"wp-post\" data-elementor-id=\"110484\" class=\"elementor elementor-110484\">\n\t\t\t\t\t\t\t\t\t<section class=\"elementor-section elementor-top-section elementor-element elementor-element-c09b8f0 elementor-section-boxed elementor-section-height-default elementor-section-height-default\" data-id=\"c09b8f0\" data-element_type=\"section\">\n\t\t\t\t\t\t<div class=\"elementor-container elementor-column-gap-default\">\n\t\t\t\t\t<div class=\"elementor-column elementor-col-100 elementor-top-column elementor-element elementor-element-955a561\" data-id=\"955a561\" data-element_type=\"column\">\n\t\t\t<div class=\"elementor-widget-wrap elementor-element-populated\">\n\t\t\t\t\t\t\t\t<div class=\"elementor-element elementor-element-0ce869c elementor-widget elementor-widget-text-editor\" data-id=\"0ce869c\" data-element_type=\"widget\" data-widget_type=\"text-editor.default\">\n\t\t\t\t<div class=\"elementor-widget-container\">\n\t\t\t<style>\/*! elementor - v3.10.2 - 29-01-2023 *\/\n.elementor-widget-text-editor.elementor-drop-cap-view-stacked .elementor-drop-cap{background-color:#818a91;color:#fff}.elementor-widget-text-editor.elementor-drop-cap-view-framed .elementor-drop-cap{color:#818a91;border:3px solid;background-color:transparent}.elementor-widget-text-editor:not(.elementor-drop-cap-view-default) .elementor-drop-cap{margin-top:8px}.elementor-widget-text-editor:not(.elementor-drop-cap-view-default) .elementor-drop-cap-letter{width:1em;height:1em}.elementor-widget-text-editor .elementor-drop-cap{float:left;text-align:center;line-height:1;font-size:50px}.elementor-widget-text-editor .elementor-drop-cap-letter{display:inline-block}<\/style>\t\t\t\t<p><strong><em>\u00a0 -Se atendieron casos de violencia de g\u00e9nero y violencia vicaria<\/em><\/strong><\/p><p>Tepeji del R\u00edo, Hgo.-Para generar espacios seguros y avanzar en el combate contra la violencia hacia las mujeres, la Secretar\u00eda de Gobierno llev\u00f3 a cabo en Tepeji del R\u00edo de Ocampo la sesi\u00f3n de respuesta correspondiente a la Jornada por la Paz y Bienestar del Pueblo, encabezada por su titular Guillermo Olivares Reyna.<\/p><p>Durante la reuni\u00f3n se inform\u00f3 de manera privada y cara a cara, sobre el seguimiento puntual de sus casos, priorizando la soluci\u00f3n y acompa\u00f1amiento institucional.\u00a0<\/p><p>Posteriormente, durante el encuentro p\u00fablico realizado en la explanada de la presidencia municipal, mujeres v\u00edctimas de violencia vicaria y violencia de g\u00e9nero compartieron testimonios sobre el acompa\u00f1amiento brindado.<\/p><p>Dar atenci\u00f3n permanente es considerado una prioridad para la administraci\u00f3n que encabeza Julio Menchaca Salazar, por lo que estas acciones se fortalecen de manera continua, as\u00ed lo afirm\u00f3 el secretario Olivares Reyna.<\/p><p>De igual forma, se\u00f1al\u00f3 que no existe mejor camino que avanzar en unidad y trabajar coordinadamente que la atenci\u00f3n sea la mejor y evitar un mal actuar por parte de servidores p\u00fablicos, y con ello, lograr que la igualdad sustantiva entre mujeres y hombres se materialice en la vida cotidiana.<\/p><p>En esta sesi\u00f3n tambi\u00e9n participaron: Rebeca Stella Aladro Echeverr\u00eda, magistrada presidenta del Tribunal Superior de Justicia y del Consejo de la Judicatura de Hidalgo; Tania Valdez Cu\u00e9llar, presidenta municipal de Tepeji del R\u00edo; Aldo Meza Hern\u00e1ndez, diputado local por el Distrito XV, adem\u00e1s de representantes de los tres niveles de gobierno.<\/p><p>\u00a0<\/p>\t\t\t\t\t\t<\/div>\n\t\t\t\t<\/div>\n\t\t\t\t\t<\/div>\n\t\t<\/div>\n\t\t\t\t\t\t\t<\/div>\n\t\t<\/section>\n\t\t\t\t\t\t\t<\/div>\n\t\t","protected":false},"excerpt":{"rendered":"<p>\u00a0 -Se atendieron casos de violencia de g\u00e9nero y violencia vicaria Tepeji del R\u00edo, Hgo.-Para generar espacios seguros y avanzar en el combate contra la violencia hacia las mujeres, la Secretar\u00eda de Gobierno llev\u00f3 a cabo en Tepeji del R\u00edo de Ocampo la sesi\u00f3n de respuesta correspondiente a la Jornada por la Paz y Bienestar [&hellip;]<\/p>\n","protected":false},"author":1,"featured_media":110487,"comment_status":"closed","ping_status":"closed","sticky":false,"template":"","format":"standard","meta":[],"categories":[7],"tags":[],"_links":{"self":[{"href":"https:\/\/www.diarionoti7.com.mx\/index.php?rest_route=\/wp\/v2\/posts\/110484"}],"collection":[{"href":"https:\/\/www.diarionoti7.com.mx\/index.php?rest_route=\/wp\/v2\/posts"}],"about":[{"href":"https:\/\/www.diarionoti7.com.mx\/index.php?rest_route=\/wp\/v2\/types\/post"}],"author":[{"embeddable":true,"href":"https:\/\/www.diarionoti7.com.mx\/index.php?rest_route=\/wp\/v2\/users\/1"}],"replies":[{"embeddable":true,"href":"https:\/\/www.diarionoti7.com.mx\/index.php?rest_route=%2Fwp%2Fv2%2Fcomments&post=110484"}],"version-history":[{"count":5,"href":"https:\/\/www.diarionoti7.com.mx\/index.php?rest_route=\/wp\/v2\/posts\/110484\/revisions"}],"predecessor-version":[{"id":110490,"href":"https:\/\/www.diarionoti7.com.mx\/index.php?rest_route=\/wp\/v2\/posts\/110484\/revisions\/110490"}],"wp:featuredmedia":[{"embeddable":true,"href":"https:\/\/www.diarionoti7.com.mx\/index.php?rest_route=\/wp\/v2\/media\/110487"}],"wp:attachment":[{"href":"https:\/\/www.diarionoti7.com.mx\/index.php?rest_route=%2Fwp%2Fv2%2Fmedia&parent=110484"}],"wp:term":[{"taxonomy":"category","embeddable":true,"href":"https:\/\/www.diarionoti7.com.mx\/index.php?rest_route=%2Fwp%2Fv2%2Fcategories&post=110484"},{"taxonomy":"post_tag","embeddable":true,"href":"https:\/\/www.diarionoti7.com.mx\/index.php?rest_route=%2Fwp%2Fv2%2Ftags&post=110484"}],"curies":[{"name":"wp","href":"https:\/\/api.w.org\/{rel}","templated":true}]}}