{"id":110375,"date":"2026-04-30T09:12:40","date_gmt":"2026-04-30T09:12:40","guid":{"rendered":"https:\/\/www.diarionoti7.com.mx\/?p=110375"},"modified":"2026-04-30T16:13:35","modified_gmt":"2026-04-30T16:13:35","slug":"gobierno-de-mexico-moderniza-canales-principales-de-riego-del-valle-del-mezquital-para-fortalecer-al-agro-y-servicio-de-agua-potable","status":"publish","type":"post","link":"https:\/\/www.diarionoti7.com.mx\/?p=110375","title":{"rendered":"Gobierno de M\u00e9xico Moderniza Canales Principales de Riego del Valle del Mezquital Para Fortalecer al Agro y Servicio de Agua Potable"},"content":{"rendered":"\t\t<div data-elementor-type=\"wp-post\" data-elementor-id=\"110375\" class=\"elementor elementor-110375\">\n\t\t\t\t\t\t\t\t\t<section class=\"elementor-section elementor-top-section elementor-element elementor-element-c09b8f0 elementor-section-boxed elementor-section-height-default elementor-section-height-default\" data-id=\"c09b8f0\" data-element_type=\"section\">\n\t\t\t\t\t\t<div class=\"elementor-container elementor-column-gap-default\">\n\t\t\t\t\t<div class=\"elementor-column elementor-col-100 elementor-top-column elementor-element elementor-element-955a561\" data-id=\"955a561\" data-element_type=\"column\">\n\t\t\t<div class=\"elementor-widget-wrap elementor-element-populated\">\n\t\t\t\t\t\t\t\t<div class=\"elementor-element elementor-element-0ce869c elementor-widget elementor-widget-text-editor\" data-id=\"0ce869c\" data-element_type=\"widget\" data-widget_type=\"text-editor.default\">\n\t\t\t\t<div class=\"elementor-widget-container\">\n\t\t\t<style>\/*! elementor - v3.10.2 - 29-01-2023 *\/\n.elementor-widget-text-editor.elementor-drop-cap-view-stacked .elementor-drop-cap{background-color:#818a91;color:#fff}.elementor-widget-text-editor.elementor-drop-cap-view-framed .elementor-drop-cap{color:#818a91;border:3px solid;background-color:transparent}.elementor-widget-text-editor:not(.elementor-drop-cap-view-default) .elementor-drop-cap{margin-top:8px}.elementor-widget-text-editor:not(.elementor-drop-cap-view-default) .elementor-drop-cap-letter{width:1em;height:1em}.elementor-widget-text-editor .elementor-drop-cap{float:left;text-align:center;line-height:1;font-size:50px}.elementor-widget-text-editor .elementor-drop-cap-letter{display:inline-block}<\/style>\t\t\t\t<p><strong>&#8211; Para los trabajos que iniciaron en 2025 y se prev\u00e9 concluir en mayo de 2026, se han destinado casi 2 mil 200 millones de pesos<\/strong><\/p><p>Como parte del Programa Nacional de Tecnificaci\u00f3n, impulsado por la Presidenta Claudia Sheinbaum Pardo para que en m\u00e1s de 200 mil hect\u00e1reas de cultivos se produzcan m\u00e1s alimentos con menos agua, el Gobierno de M\u00e9xico, mediante la Comisi\u00f3n Nacional del Agua (Conagua) avanza en el desarrollo del proyecto que beneficiar\u00e1 a m\u00e1s de 67 mil productores del Valle del Mezquital, mediante la tecnificaci\u00f3n de m\u00e1s de 98 mil 170 hect\u00e1reas.<\/p><p>Para ello, con una inversi\u00f3n de casi 2 mil 200 millones de pesos, se lleva a cabo el revestimiento de canales principales y secundarios de los distritos de riego 003 &#8211; Tula, 100 \u2013 Alfajayucan y 112 Ajacuba, con el fin de hacer un uso m\u00e1s eficiente del agua y generar ahorros de vol\u00famenes que podr\u00e1n ser destinados al consumo de las mismas poblaciones de Hidalgo, en \u00e1reas con mayor escasez.<\/p><p>Como parte de la primera de cuatro etapas, se lleva a cabo el revestimiento de casi 30 kil\u00f3metros del canal principal Viejo Requena, m\u00e1s de 21 kil\u00f3metros del canal principal Tlamaco &#8211; Juandho, 10.7 kil\u00f3metros del canal principal Morelos, as\u00ed como m\u00e1s de 160 kil\u00f3metros de canaletas, canales laterales y sublaterales.<\/p><p>Estos trabajos, que iniciaron en 2025 y se prev\u00e9 concluir en mayo de 2026, permitir\u00e1n mejorar el suministro de agua, evitando p\u00e9rdidas en su conducci\u00f3n, lo que se traducir\u00e1 en un mejor rendimiento de los vol\u00famenes destinados al riego.<\/p><p>Con ello, se fortalecer\u00e1 la producci\u00f3n agr\u00edcola y se tendr\u00e1 mejor disponibilidad de agua para el uso p\u00fablico urbano, avanzando as\u00ed hacia el cumplimiento de dos de los compromisos del Gobierno de M\u00e9xico, eficientar el uso del agua para fortalecer al campo y consolidar el derecho humano al agua de la poblaci\u00f3n, siempre en beneficio de quienes hab\u00edan sido relegados del bienestar y el desarrollo.<\/p><p>\u201cLa informaci\u00f3n contenida en este correo electr\u00f3nico es confidencial y para uso exclusivo de la(s) persona(s) a quien(es) se dirige. Si el lector de esta transmisi\u00f3n electr\u00f3nica no es el destinatario, se le notifica que cualquier distribuci\u00f3n o copia de la misma est\u00e1 estrictamente prohibida. Si ha recibido este correo por error le solicitamos notificar inmediatamente a la persona que lo envi\u00f3 y borrarlo definitivamente de su sistema\u201d.<\/p>\t\t\t\t\t\t<\/div>\n\t\t\t\t<\/div>\n\t\t\t\t\t<\/div>\n\t\t<\/div>\n\t\t\t\t\t\t\t<\/div>\n\t\t<\/section>\n\t\t\t\t\t\t\t<\/div>\n\t\t","protected":false},"excerpt":{"rendered":"<p>&#8211; Para los trabajos que iniciaron en 2025 y se prev\u00e9 concluir en mayo de 2026, se han destinado casi 2 mil 200 millones de pesos Como parte del Programa Nacional de Tecnificaci\u00f3n, impulsado por la Presidenta Claudia Sheinbaum Pardo para que en m\u00e1s de 200 mil hect\u00e1reas de cultivos se produzcan m\u00e1s alimentos con [&hellip;]<\/p>\n","protected":false},"author":1,"featured_media":110377,"comment_status":"closed","ping_status":"closed","sticky":false,"template":"","format":"standard","meta":[],"categories":[7],"tags":[],"_links":{"self":[{"href":"https:\/\/www.diarionoti7.com.mx\/index.php?rest_route=\/wp\/v2\/posts\/110375"}],"collection":[{"href":"https:\/\/www.diarionoti7.com.mx\/index.php?rest_route=\/wp\/v2\/posts"}],"about":[{"href":"https:\/\/www.diarionoti7.com.mx\/index.php?rest_route=\/wp\/v2\/types\/post"}],"author":[{"embeddable":true,"href":"https:\/\/www.diarionoti7.com.mx\/index.php?rest_route=\/wp\/v2\/users\/1"}],"replies":[{"embeddable":true,"href":"https:\/\/www.diarionoti7.com.mx\/index.php?rest_route=%2Fwp%2Fv2%2Fcomments&post=110375"}],"version-history":[{"count":4,"href":"https:\/\/www.diarionoti7.com.mx\/index.php?rest_route=\/wp\/v2\/posts\/110375\/revisions"}],"predecessor-version":[{"id":110380,"href":"https:\/\/www.diarionoti7.com.mx\/index.php?rest_route=\/wp\/v2\/posts\/110375\/revisions\/110380"}],"wp:featuredmedia":[{"embeddable":true,"href":"https:\/\/www.diarionoti7.com.mx\/index.php?rest_route=\/wp\/v2\/media\/110377"}],"wp:attachment":[{"href":"https:\/\/www.diarionoti7.com.mx\/index.php?rest_route=%2Fwp%2Fv2%2Fmedia&parent=110375"}],"wp:term":[{"taxonomy":"category","embeddable":true,"href":"https:\/\/www.diarionoti7.com.mx\/index.php?rest_route=%2Fwp%2Fv2%2Fcategories&post=110375"},{"taxonomy":"post_tag","embeddable":true,"href":"https:\/\/www.diarionoti7.com.mx\/index.php?rest_route=%2Fwp%2Fv2%2Ftags&post=110375"}],"curies":[{"name":"wp","href":"https:\/\/api.w.org\/{rel}","templated":true}]}}