{"id":110348,"date":"2026-04-30T08:59:42","date_gmt":"2026-04-30T08:59:42","guid":{"rendered":"https:\/\/www.diarionoti7.com.mx\/?p=110348"},"modified":"2026-04-30T16:00:34","modified_gmt":"2026-04-30T16:00:34","slug":"realizan-jornada-de-empleo-en-tlahuelilpan","status":"publish","type":"post","link":"https:\/\/www.diarionoti7.com.mx\/?p=110348","title":{"rendered":"Realizan Jornada de Empleo en Tlahuelilpan"},"content":{"rendered":"\t\t<div data-elementor-type=\"wp-post\" data-elementor-id=\"110348\" class=\"elementor elementor-110348\">\n\t\t\t\t\t\t\t\t\t<section class=\"elementor-section elementor-top-section elementor-element elementor-element-c09b8f0 elementor-section-boxed elementor-section-height-default elementor-section-height-default\" data-id=\"c09b8f0\" data-element_type=\"section\">\n\t\t\t\t\t\t<div class=\"elementor-container elementor-column-gap-default\">\n\t\t\t\t\t<div class=\"elementor-column elementor-col-100 elementor-top-column elementor-element elementor-element-955a561\" data-id=\"955a561\" data-element_type=\"column\">\n\t\t\t<div class=\"elementor-widget-wrap elementor-element-populated\">\n\t\t\t\t\t\t\t\t<div class=\"elementor-element elementor-element-0ce869c elementor-widget elementor-widget-text-editor\" data-id=\"0ce869c\" data-element_type=\"widget\" data-widget_type=\"text-editor.default\">\n\t\t\t\t<div class=\"elementor-widget-container\">\n\t\t\t<style>\/*! elementor - v3.10.2 - 29-01-2023 *\/\n.elementor-widget-text-editor.elementor-drop-cap-view-stacked .elementor-drop-cap{background-color:#818a91;color:#fff}.elementor-widget-text-editor.elementor-drop-cap-view-framed .elementor-drop-cap{color:#818a91;border:3px solid;background-color:transparent}.elementor-widget-text-editor:not(.elementor-drop-cap-view-default) .elementor-drop-cap{margin-top:8px}.elementor-widget-text-editor:not(.elementor-drop-cap-view-default) .elementor-drop-cap-letter{width:1em;height:1em}.elementor-widget-text-editor .elementor-drop-cap{float:left;text-align:center;line-height:1;font-size:50px}.elementor-widget-text-editor .elementor-drop-cap-letter{display:inline-block}<\/style>\t\t\t\t<p><strong>&#8211; Se ofertaron 159 vacantes de empleo formal y se promovieron cursos de capacitaci\u00f3n <\/strong><\/p><p><strong>Mineral de la Reforma., 29 de abril de 2026.-<\/strong>El titular de la Secretar\u00eda del Trabajo y Previsi\u00f3n Social de Hidalgo, Oscar Javier Gonz\u00e1lez Hern\u00e1ndez, acudi\u00f3 al municipio de Tlahuelilpan donde se llev\u00f3 a cabo Jornada de Empleo en la cual participan ocho empresas que ofertaron 159 plazas de empleo formal; adem\u00e1s se cont\u00f3 con la presencia de cinco m\u00f3dulos informativos de las distintas dependencias estatales y municipales.<\/p><p>Junto a la presidenta municipal de Tlahuelilpan, Norma Leticia Reyes Reyes, el secretario del Trabajo recorri\u00f3 los distintos m\u00f3dulos de las empresas que ofertaron las vacantes, dejando claro que es una prioridad para el gobernador Julio Menchaca Salazar que cada vez m\u00e1s hidalguenses accedan a empleos dignos.<\/p><p>Durante el recorrido el titular de la STPSH, promovi\u00f3 los cursos de capacitaci\u00f3n que se ofrecen en el Instituto de Capacitaci\u00f3n para el Trabajo del Estado de Hidalgo, (Icathi), as\u00ed como en los Centros de Capacitaci\u00f3n para el Trabajo Industrial CECATI.<\/p><p>Enfatiz\u00f3 que las jornadas de empleo son actividades que se realizan en la gran mayor\u00eda del territorio hidalguense, en coordinaci\u00f3n y colaboraci\u00f3n con los municipios a fin de impulsar el empleo y la vocaci\u00f3n regional, que impacte en la econom\u00eda de las familias hidalguenses.<\/p>\t\t\t\t\t\t<\/div>\n\t\t\t\t<\/div>\n\t\t\t\t\t<\/div>\n\t\t<\/div>\n\t\t\t\t\t\t\t<\/div>\n\t\t<\/section>\n\t\t\t\t\t\t\t<\/div>\n\t\t","protected":false},"excerpt":{"rendered":"<p>&#8211; Se ofertaron 159 vacantes de empleo formal y se promovieron cursos de capacitaci\u00f3n Mineral de la Reforma., 29 de abril de 2026.-El titular de la Secretar\u00eda del Trabajo y Previsi\u00f3n Social de Hidalgo, Oscar Javier Gonz\u00e1lez Hern\u00e1ndez, acudi\u00f3 al municipio de Tlahuelilpan donde se llev\u00f3 a cabo Jornada de Empleo en la cual participan [&hellip;]<\/p>\n","protected":false},"author":1,"featured_media":110350,"comment_status":"closed","ping_status":"closed","sticky":false,"template":"","format":"standard","meta":[],"categories":[6],"tags":[],"_links":{"self":[{"href":"https:\/\/www.diarionoti7.com.mx\/index.php?rest_route=\/wp\/v2\/posts\/110348"}],"collection":[{"href":"https:\/\/www.diarionoti7.com.mx\/index.php?rest_route=\/wp\/v2\/posts"}],"about":[{"href":"https:\/\/www.diarionoti7.com.mx\/index.php?rest_route=\/wp\/v2\/types\/post"}],"author":[{"embeddable":true,"href":"https:\/\/www.diarionoti7.com.mx\/index.php?rest_route=\/wp\/v2\/users\/1"}],"replies":[{"embeddable":true,"href":"https:\/\/www.diarionoti7.com.mx\/index.php?rest_route=%2Fwp%2Fv2%2Fcomments&post=110348"}],"version-history":[{"count":4,"href":"https:\/\/www.diarionoti7.com.mx\/index.php?rest_route=\/wp\/v2\/posts\/110348\/revisions"}],"predecessor-version":[{"id":110353,"href":"https:\/\/www.diarionoti7.com.mx\/index.php?rest_route=\/wp\/v2\/posts\/110348\/revisions\/110353"}],"wp:featuredmedia":[{"embeddable":true,"href":"https:\/\/www.diarionoti7.com.mx\/index.php?rest_route=\/wp\/v2\/media\/110350"}],"wp:attachment":[{"href":"https:\/\/www.diarionoti7.com.mx\/index.php?rest_route=%2Fwp%2Fv2%2Fmedia&parent=110348"}],"wp:term":[{"taxonomy":"category","embeddable":true,"href":"https:\/\/www.diarionoti7.com.mx\/index.php?rest_route=%2Fwp%2Fv2%2Fcategories&post=110348"},{"taxonomy":"post_tag","embeddable":true,"href":"https:\/\/www.diarionoti7.com.mx\/index.php?rest_route=%2Fwp%2Fv2%2Ftags&post=110348"}],"curies":[{"name":"wp","href":"https:\/\/api.w.org\/{rel}","templated":true}]}}