{"id":110330,"date":"2026-04-30T08:56:24","date_gmt":"2026-04-30T08:56:24","guid":{"rendered":"https:\/\/www.diarionoti7.com.mx\/?p=110330"},"modified":"2026-04-30T15:57:25","modified_gmt":"2026-04-30T15:57:25","slug":"tizayuca-sede-nacional-de-museos-comunitarios-impulsan-cultura-e-identidad-en-hidalgo","status":"publish","type":"post","link":"https:\/\/www.diarionoti7.com.mx\/?p=110330","title":{"rendered":"Tizayuca, Sede Nacional de Museos Comunitarios: Impulsan Cultura e Identidad en Hidalgo"},"content":{"rendered":"\t\t<div data-elementor-type=\"wp-post\" data-elementor-id=\"110330\" class=\"elementor elementor-110330\">\n\t\t\t\t\t\t\t\t\t<section class=\"elementor-section elementor-top-section elementor-element elementor-element-c09b8f0 elementor-section-boxed elementor-section-height-default elementor-section-height-default\" data-id=\"c09b8f0\" data-element_type=\"section\">\n\t\t\t\t\t\t<div class=\"elementor-container elementor-column-gap-default\">\n\t\t\t\t\t<div class=\"elementor-column elementor-col-100 elementor-top-column elementor-element elementor-element-955a561\" data-id=\"955a561\" data-element_type=\"column\">\n\t\t\t<div class=\"elementor-widget-wrap elementor-element-populated\">\n\t\t\t\t\t\t\t\t<div class=\"elementor-element elementor-element-0ce869c elementor-widget elementor-widget-text-editor\" data-id=\"0ce869c\" data-element_type=\"widget\" data-widget_type=\"text-editor.default\">\n\t\t\t\t<div class=\"elementor-widget-container\">\n\t\t\t<style>\/*! elementor - v3.10.2 - 29-01-2023 *\/\n.elementor-widget-text-editor.elementor-drop-cap-view-stacked .elementor-drop-cap{background-color:#818a91;color:#fff}.elementor-widget-text-editor.elementor-drop-cap-view-framed .elementor-drop-cap{color:#818a91;border:3px solid;background-color:transparent}.elementor-widget-text-editor:not(.elementor-drop-cap-view-default) .elementor-drop-cap{margin-top:8px}.elementor-widget-text-editor:not(.elementor-drop-cap-view-default) .elementor-drop-cap-letter{width:1em;height:1em}.elementor-widget-text-editor .elementor-drop-cap{float:left;text-align:center;line-height:1;font-size:50px}.elementor-widget-text-editor .elementor-drop-cap-letter{display:inline-block}<\/style>\t\t\t\t<p><strong>Tizayuca, Hgo. 29 de abril, 2026.- <\/strong>El municipio de Tizayuca fue sede del Pleno Nacional de Delegados de Museos Comunitarios y Ecomuseos del 24 al 26 de abril de 2026. El Museo Comunitario Tetetzontlilco, ubicado en la comunidad de Olmos, fungi\u00f3 como el escenario principal donde se congregaron especialistas, gestores culturales y delegados para intercambiar estrategias sobre el rescate del patrimonio cultural, evento que reafirm\u00f3 el compromiso con la preservaci\u00f3n de las ra\u00edces locales y nacionales.<\/p><p>Durante las jornadas, se enfatiz\u00f3 que estos recintos no son solo dep\u00f3sitos de objetos, sino espacios de resistencia y construcci\u00f3n colectiva que mantienen viva la esencia de cada localidad frente a las transformaciones sociales contempor\u00e1neas.<\/p><p>La presidenta municipal de Tizayuca, Gretchen Atilano, destac\u00f3 que para su administraci\u00f3n es gratificante sumar esfuerzos en conjunto con la Coordinaci\u00f3n de Memoria Hist\u00f3rica y Patrimonio Cultural, lo cual permite reafirmar el compromiso institucional con la salvaguarda de la historia municipal. La alcaldesa se\u00f1al\u00f3 que este tipo de encuentros nacionales son fundamentales para fortalecer la identidad, subrayando que el gobierno de Tizayuca ha mantenido un respaldo constante hacia el Museo Tetetzontlilco, facilitando su vinculaci\u00f3n con otros organismos y reconociendo su papel como un agente activo en la vida cultural de la regi\u00f3n. Finalmente resalt\u00f3 que, hoy m\u00e1s que nunca, es vital apoyar estos espacios que se nutren de la participaci\u00f3n ciudadana y que act\u00faan como guardianes de la memoria colectiva.<\/p><p>El programa de actividades incluy\u00f3 la inauguraci\u00f3n de la exposici\u00f3n filat\u00e9lica denominada Usos y costumbres en M\u00e9xico, una muestra detallada que celebra la riqueza de las tradiciones y la identidad nacional a trav\u00e9s del arte postal. Los trabajos del pleno se desarrollaron bajo una atm\u00f3sfera de intercambio profesional, donde se abordaron temas cr\u00edticos para la gesti\u00f3n cultural moderna, tales como la accesibilidad en los museos comunitarios, la vinculaci\u00f3n estrat\u00e9gica con el sector tur\u00edstico para fomentar un desarrollo econ\u00f3mico local y la importancia de obtener apoyos gubernamentales s\u00f3lidos que garanticen la sostenibilidad de estos proyectos ciudadanos a largo plazo.<\/p><p>La clausura de este encuentro nacional estuvo marcada por una profunda reflexi\u00f3n sobre el futuro de los Ecomuseos en M\u00e9xico. Adem\u00e1s de las mesas de debate t\u00e9cnico, los asistentes disfrutaron de una cartelera cultural que incluy\u00f3 la participaci\u00f3n del ballet Tizayocan y representaciones art\u00edsticas de las delegaciones de Veracruz y Yucat\u00e1n, cerrando con una exhibici\u00f3n de huapangos tradicionales. Con esta sede, Tizayuca no solo demostr\u00f3 su capacidad organizativa para eventos de talla nacional, sino que tambi\u00e9n consolid\u00f3 su visi\u00f3n de convertir la cultura en un ejercicio cotidiano, accesible y din\u00e1mico que sirva como motor de bienestar para toda la comunidad hidalguense.<\/p>\t\t\t\t\t\t<\/div>\n\t\t\t\t<\/div>\n\t\t\t\t\t<\/div>\n\t\t<\/div>\n\t\t\t\t\t\t\t<\/div>\n\t\t<\/section>\n\t\t\t\t\t\t\t<\/div>\n\t\t","protected":false},"excerpt":{"rendered":"<p>Tizayuca, Hgo. 29 de abril, 2026.- El municipio de Tizayuca fue sede del Pleno Nacional de Delegados de Museos Comunitarios y Ecomuseos del 24 al 26 de abril de 2026. El Museo Comunitario Tetetzontlilco, ubicado en la comunidad de Olmos, fungi\u00f3 como el escenario principal donde se congregaron especialistas, gestores culturales y delegados para intercambiar [&hellip;]<\/p>\n","protected":false},"author":1,"featured_media":110332,"comment_status":"closed","ping_status":"closed","sticky":false,"template":"","format":"standard","meta":[],"categories":[4],"tags":[],"_links":{"self":[{"href":"https:\/\/www.diarionoti7.com.mx\/index.php?rest_route=\/wp\/v2\/posts\/110330"}],"collection":[{"href":"https:\/\/www.diarionoti7.com.mx\/index.php?rest_route=\/wp\/v2\/posts"}],"about":[{"href":"https:\/\/www.diarionoti7.com.mx\/index.php?rest_route=\/wp\/v2\/types\/post"}],"author":[{"embeddable":true,"href":"https:\/\/www.diarionoti7.com.mx\/index.php?rest_route=\/wp\/v2\/users\/1"}],"replies":[{"embeddable":true,"href":"https:\/\/www.diarionoti7.com.mx\/index.php?rest_route=%2Fwp%2Fv2%2Fcomments&post=110330"}],"version-history":[{"count":4,"href":"https:\/\/www.diarionoti7.com.mx\/index.php?rest_route=\/wp\/v2\/posts\/110330\/revisions"}],"predecessor-version":[{"id":110335,"href":"https:\/\/www.diarionoti7.com.mx\/index.php?rest_route=\/wp\/v2\/posts\/110330\/revisions\/110335"}],"wp:featuredmedia":[{"embeddable":true,"href":"https:\/\/www.diarionoti7.com.mx\/index.php?rest_route=\/wp\/v2\/media\/110332"}],"wp:attachment":[{"href":"https:\/\/www.diarionoti7.com.mx\/index.php?rest_route=%2Fwp%2Fv2%2Fmedia&parent=110330"}],"wp:term":[{"taxonomy":"category","embeddable":true,"href":"https:\/\/www.diarionoti7.com.mx\/index.php?rest_route=%2Fwp%2Fv2%2Fcategories&post=110330"},{"taxonomy":"post_tag","embeddable":true,"href":"https:\/\/www.diarionoti7.com.mx\/index.php?rest_route=%2Fwp%2Fv2%2Ftags&post=110330"}],"curies":[{"name":"wp","href":"https:\/\/api.w.org\/{rel}","templated":true}]}}