{"id":110306,"date":"2026-04-30T08:51:47","date_gmt":"2026-04-30T08:51:47","guid":{"rendered":"https:\/\/www.diarionoti7.com.mx\/?p=110306"},"modified":"2026-04-30T15:52:51","modified_gmt":"2026-04-30T15:52:51","slug":"el-gobierno-de-hidalgo-evalua-aspectos-de-viabilidad-y-seguridad-de-dos-terrenos-para-construir-un-nuevo-centro-de-reinsercion-social-cereso","status":"publish","type":"post","link":"https:\/\/www.diarionoti7.com.mx\/?p=110306","title":{"rendered":"El Gobierno de Hidalgo Eval\u00faa Aspectos de Viabilidad y Seguridad de Dos Terrenos Para Construir Un Nuevo Centro de Reinserci\u00f3n Social (Cereso)"},"content":{"rendered":"\t\t<div data-elementor-type=\"wp-post\" data-elementor-id=\"110306\" class=\"elementor elementor-110306\">\n\t\t\t\t\t\t\t\t\t<section class=\"elementor-section elementor-top-section elementor-element elementor-element-c09b8f0 elementor-section-boxed elementor-section-height-default elementor-section-height-default\" data-id=\"c09b8f0\" data-element_type=\"section\">\n\t\t\t\t\t\t<div class=\"elementor-container elementor-column-gap-default\">\n\t\t\t\t\t<div class=\"elementor-column elementor-col-100 elementor-top-column elementor-element elementor-element-955a561\" data-id=\"955a561\" data-element_type=\"column\">\n\t\t\t<div class=\"elementor-widget-wrap elementor-element-populated\">\n\t\t\t\t\t\t\t\t<div class=\"elementor-element elementor-element-0ce869c elementor-widget elementor-widget-text-editor\" data-id=\"0ce869c\" data-element_type=\"widget\" data-widget_type=\"text-editor.default\">\n\t\t\t\t<div class=\"elementor-widget-container\">\n\t\t\t<style>\/*! elementor - v3.10.2 - 29-01-2023 *\/\n.elementor-widget-text-editor.elementor-drop-cap-view-stacked .elementor-drop-cap{background-color:#818a91;color:#fff}.elementor-widget-text-editor.elementor-drop-cap-view-framed .elementor-drop-cap{color:#818a91;border:3px solid;background-color:transparent}.elementor-widget-text-editor:not(.elementor-drop-cap-view-default) .elementor-drop-cap{margin-top:8px}.elementor-widget-text-editor:not(.elementor-drop-cap-view-default) .elementor-drop-cap-letter{width:1em;height:1em}.elementor-widget-text-editor .elementor-drop-cap{float:left;text-align:center;line-height:1;font-size:50px}.elementor-widget-text-editor .elementor-drop-cap-letter{display:inline-block}<\/style>\t\t\t\t<p><strong>Pachuca, Hgo., 29 de abril 2026.- <\/strong>En Ixmiquilpan se analiza el Gobierno de Hidalgo analiza dos predios para la posible construcci\u00f3n de un nuevo Cereso regional dos predios para la\u00a0construcci\u00f3n de un nuevo Centro de Reinserci\u00f3n Social (Cereso)\u00a0en la entidad, informo el secretario de Seguridad P\u00fablica de Hidalgo,\u00a0Salvador Cruz Neri.<\/p><p>Dijo que actualmente se eval\u00faan\u00a0aspectos de viabilidad y seguridad de los terrenos, uno de los cuales presenta un avance considerable, por lo que se espera que en breve se d\u00e9 a conocer la ubicaci\u00f3n.<\/p><p>Como se recordar\u00e1 uno de los municipios considerados inicialmente para este proyecto fue Tasquillo; sin embargo, tras diversas\u00a0movilizaciones y manifestaciones de rechazo por parte de la poblaci\u00f3n, se comenzaron a valorar otras opciones como Ixmiquilpan, Jacala y Huichapan.<\/p><p>Sin confirmar que Ixmiquilpan ser\u00e1 el municipio sede, Cruz Neri precis\u00f3 que los dos terrenos en evaluaci\u00f3n se ubican en la\u00a0regi\u00f3n del Valle del Mezquital\u00a0e incluso uno de ellos fue donado por una comunidad, por lo que el proyecto a\u00fan se encuentra en una\u00a0fase inicial.<\/p><p>Para esta propuesta se contempla una\u00a0inversi\u00f3n de 90 millones de pesos, infraestructura que se considera necesaria en la entidad para evitar el\u00a0hacinamiento en los centros penitenciarios existentes.<\/p>\t\t\t\t\t\t<\/div>\n\t\t\t\t<\/div>\n\t\t\t\t\t<\/div>\n\t\t<\/div>\n\t\t\t\t\t\t\t<\/div>\n\t\t<\/section>\n\t\t\t\t\t\t\t<\/div>\n\t\t","protected":false},"excerpt":{"rendered":"<p>Pachuca, Hgo., 29 de abril 2026.- En Ixmiquilpan se analiza el Gobierno de Hidalgo analiza dos predios para la posible construcci\u00f3n de un nuevo Cereso regional dos predios para la\u00a0construcci\u00f3n de un nuevo Centro de Reinserci\u00f3n Social (Cereso)\u00a0en la entidad, informo el secretario de Seguridad P\u00fablica de Hidalgo,\u00a0Salvador Cruz Neri. Dijo que actualmente se eval\u00faan\u00a0aspectos [&hellip;]<\/p>\n","protected":false},"author":1,"featured_media":110308,"comment_status":"closed","ping_status":"closed","sticky":false,"template":"","format":"standard","meta":[],"categories":[22],"tags":[],"_links":{"self":[{"href":"https:\/\/www.diarionoti7.com.mx\/index.php?rest_route=\/wp\/v2\/posts\/110306"}],"collection":[{"href":"https:\/\/www.diarionoti7.com.mx\/index.php?rest_route=\/wp\/v2\/posts"}],"about":[{"href":"https:\/\/www.diarionoti7.com.mx\/index.php?rest_route=\/wp\/v2\/types\/post"}],"author":[{"embeddable":true,"href":"https:\/\/www.diarionoti7.com.mx\/index.php?rest_route=\/wp\/v2\/users\/1"}],"replies":[{"embeddable":true,"href":"https:\/\/www.diarionoti7.com.mx\/index.php?rest_route=%2Fwp%2Fv2%2Fcomments&post=110306"}],"version-history":[{"count":4,"href":"https:\/\/www.diarionoti7.com.mx\/index.php?rest_route=\/wp\/v2\/posts\/110306\/revisions"}],"predecessor-version":[{"id":110311,"href":"https:\/\/www.diarionoti7.com.mx\/index.php?rest_route=\/wp\/v2\/posts\/110306\/revisions\/110311"}],"wp:featuredmedia":[{"embeddable":true,"href":"https:\/\/www.diarionoti7.com.mx\/index.php?rest_route=\/wp\/v2\/media\/110308"}],"wp:attachment":[{"href":"https:\/\/www.diarionoti7.com.mx\/index.php?rest_route=%2Fwp%2Fv2%2Fmedia&parent=110306"}],"wp:term":[{"taxonomy":"category","embeddable":true,"href":"https:\/\/www.diarionoti7.com.mx\/index.php?rest_route=%2Fwp%2Fv2%2Fcategories&post=110306"},{"taxonomy":"post_tag","embeddable":true,"href":"https:\/\/www.diarionoti7.com.mx\/index.php?rest_route=%2Fwp%2Fv2%2Ftags&post=110306"}],"curies":[{"name":"wp","href":"https:\/\/api.w.org\/{rel}","templated":true}]}}