{"id":110256,"date":"2026-04-29T10:20:00","date_gmt":"2026-04-29T10:20:00","guid":{"rendered":"https:\/\/www.diarionoti7.com.mx\/?p=110256"},"modified":"2026-04-29T19:22:32","modified_gmt":"2026-04-29T19:22:32","slug":"se-garantiza-acceso-publico-a-playas-en-nayarit-como-marca-la-ley","status":"publish","type":"post","link":"https:\/\/www.diarionoti7.com.mx\/?p=110256","title":{"rendered":"Se Garantiza Acceso P\u00fablico a Playas en Nayarit Como Marca La Ley"},"content":{"rendered":"\t\t<div data-elementor-type=\"wp-post\" data-elementor-id=\"110256\" class=\"elementor elementor-110256\">\n\t\t\t\t\t\t\t\t\t<section class=\"elementor-section elementor-top-section elementor-element elementor-element-c09b8f0 elementor-section-boxed elementor-section-height-default elementor-section-height-default\" data-id=\"c09b8f0\" data-element_type=\"section\">\n\t\t\t\t\t\t<div class=\"elementor-container elementor-column-gap-default\">\n\t\t\t\t\t<div class=\"elementor-column elementor-col-100 elementor-top-column elementor-element elementor-element-955a561\" data-id=\"955a561\" data-element_type=\"column\">\n\t\t\t<div class=\"elementor-widget-wrap elementor-element-populated\">\n\t\t\t\t\t\t\t\t<div class=\"elementor-element elementor-element-0ce869c elementor-widget elementor-widget-text-editor\" data-id=\"0ce869c\" data-element_type=\"widget\" data-widget_type=\"text-editor.default\">\n\t\t\t\t<div class=\"elementor-widget-container\">\n\t\t\t<style>\/*! elementor - v3.10.2 - 29-01-2023 *\/\n.elementor-widget-text-editor.elementor-drop-cap-view-stacked .elementor-drop-cap{background-color:#818a91;color:#fff}.elementor-widget-text-editor.elementor-drop-cap-view-framed .elementor-drop-cap{color:#818a91;border:3px solid;background-color:transparent}.elementor-widget-text-editor:not(.elementor-drop-cap-view-default) .elementor-drop-cap{margin-top:8px}.elementor-widget-text-editor:not(.elementor-drop-cap-view-default) .elementor-drop-cap-letter{width:1em;height:1em}.elementor-widget-text-editor .elementor-drop-cap{float:left;text-align:center;line-height:1;font-size:50px}.elementor-widget-text-editor .elementor-drop-cap-letter{display:inline-block}<\/style>\t\t\t\t<p><strong>Ciudad de M\u00e9xico, 28 de abril de 2026.-<\/strong>Mediante atenci\u00f3n institucional permanente se encauza el di\u00e1logo para garantizar el acceso p\u00fablico a la playa Las Cocinas, en la Zona Federal Mar\u00edtimo Terrestre (ZOFEMAT), de Punta Mita, Nayarit.<\/p><p>En esta acci\u00f3n coordinada, la Secretar\u00eda de Gobernaci\u00f3n, la Secretar\u00eda de Medio Ambiente y Recursos Naturales (Semarnat) y el Gobierno de Nayarit mantienen comunicaci\u00f3n directa con habitantes y actores involucrados, ante las manifestaciones surgidas contra el desarrollo de un proyecto tur\u00edstico en el \u00e1rea.<\/p><p>La Secretar\u00eda de Gobernaci\u00f3n reitera que el libre acceso a las playas es un derecho que debe garantizarse conforme al marco legal vigente, por lo que ser\u00e1 un eje central en las decisiones relacionadas con la obra.<\/p><p>Estas reuniones cuentan con la participaci\u00f3n de la Procuradur\u00eda Federal de Protecci\u00f3n al Ambiente (Profepa), instancias del gobierno estatal, representantes de la empresa desarrolladora y pobladores de Punta Mita.<\/p><p>Como parte de esta ruta, se instalar\u00e1n mesas de di\u00e1logo para atender los planteamientos de la comunidad, revisar el avance de los trabajos en Playa Las Cocinas y dar seguimiento a las evaluaciones t\u00e9cnicas y ambientales correspondientes.<\/p><p>Asimismo, la Semarnat inform\u00f3 que habr\u00e1 supervisi\u00f3n t\u00e9cnica y acciones de verificaci\u00f3n, con la participaci\u00f3n de las autoridades ambientales competentes, a fin de asegurar que cualquier obra o intervenci\u00f3n en la zona se realice con apego a la ley en beneficio de la comunidad.<\/p><p>La inversi\u00f3n deber\u00e1 desarrollarse bajo criterios de legalidad, di\u00e1logo social y respeto al entorno, al tiempo que contribuya a la generaci\u00f3n de empleos y al desarrollo econ\u00f3mico local.<\/p><p>La Secretar\u00eda de Gobernaci\u00f3n, junto con el gobierno del estado, mantendr\u00e1 la interlocuci\u00f3n con las partes involucradas y continuar\u00e1 impulsando soluciones institucionales, pac\u00edficas y responsables.<\/p>\t\t\t\t\t\t<\/div>\n\t\t\t\t<\/div>\n\t\t\t\t\t<\/div>\n\t\t<\/div>\n\t\t\t\t\t\t\t<\/div>\n\t\t<\/section>\n\t\t\t\t\t\t\t<\/div>\n\t\t","protected":false},"excerpt":{"rendered":"<p>Ciudad de M\u00e9xico, 28 de abril de 2026.-Mediante atenci\u00f3n institucional permanente se encauza el di\u00e1logo para garantizar el acceso p\u00fablico a la playa Las Cocinas, en la Zona Federal Mar\u00edtimo Terrestre (ZOFEMAT), de Punta Mita, Nayarit. En esta acci\u00f3n coordinada, la Secretar\u00eda de Gobernaci\u00f3n, la Secretar\u00eda de Medio Ambiente y Recursos Naturales (Semarnat) y el [&hellip;]<\/p>\n","protected":false},"author":1,"featured_media":106613,"comment_status":"closed","ping_status":"closed","sticky":false,"template":"","format":"standard","meta":[],"categories":[3],"tags":[],"_links":{"self":[{"href":"https:\/\/www.diarionoti7.com.mx\/index.php?rest_route=\/wp\/v2\/posts\/110256"}],"collection":[{"href":"https:\/\/www.diarionoti7.com.mx\/index.php?rest_route=\/wp\/v2\/posts"}],"about":[{"href":"https:\/\/www.diarionoti7.com.mx\/index.php?rest_route=\/wp\/v2\/types\/post"}],"author":[{"embeddable":true,"href":"https:\/\/www.diarionoti7.com.mx\/index.php?rest_route=\/wp\/v2\/users\/1"}],"replies":[{"embeddable":true,"href":"https:\/\/www.diarionoti7.com.mx\/index.php?rest_route=%2Fwp%2Fv2%2Fcomments&post=110256"}],"version-history":[{"count":4,"href":"https:\/\/www.diarionoti7.com.mx\/index.php?rest_route=\/wp\/v2\/posts\/110256\/revisions"}],"predecessor-version":[{"id":110260,"href":"https:\/\/www.diarionoti7.com.mx\/index.php?rest_route=\/wp\/v2\/posts\/110256\/revisions\/110260"}],"wp:featuredmedia":[{"embeddable":true,"href":"https:\/\/www.diarionoti7.com.mx\/index.php?rest_route=\/wp\/v2\/media\/106613"}],"wp:attachment":[{"href":"https:\/\/www.diarionoti7.com.mx\/index.php?rest_route=%2Fwp%2Fv2%2Fmedia&parent=110256"}],"wp:term":[{"taxonomy":"category","embeddable":true,"href":"https:\/\/www.diarionoti7.com.mx\/index.php?rest_route=%2Fwp%2Fv2%2Fcategories&post=110256"},{"taxonomy":"post_tag","embeddable":true,"href":"https:\/\/www.diarionoti7.com.mx\/index.php?rest_route=%2Fwp%2Fv2%2Ftags&post=110256"}],"curies":[{"name":"wp","href":"https:\/\/api.w.org\/{rel}","templated":true}]}}