{"id":110247,"date":"2026-04-29T10:18:09","date_gmt":"2026-04-29T10:18:09","guid":{"rendered":"https:\/\/www.diarionoti7.com.mx\/?p=110247"},"modified":"2026-04-29T19:19:46","modified_gmt":"2026-04-29T19:19:46","slug":"amplio-gobierno-de-hidalgo-inversion-para-desarrollar-investigaciones","status":"publish","type":"post","link":"https:\/\/www.diarionoti7.com.mx\/?p=110247","title":{"rendered":"Ampli\u00f3 Gobierno de Hidalgo inversi\u00f3n para desarrollar investigaciones"},"content":{"rendered":"\t\t<div data-elementor-type=\"wp-post\" data-elementor-id=\"110247\" class=\"elementor elementor-110247\">\n\t\t\t\t\t\t\t\t\t<section class=\"elementor-section elementor-top-section elementor-element elementor-element-c09b8f0 elementor-section-boxed elementor-section-height-default elementor-section-height-default\" data-id=\"c09b8f0\" data-element_type=\"section\">\n\t\t\t\t\t\t<div class=\"elementor-container elementor-column-gap-default\">\n\t\t\t\t\t<div class=\"elementor-column elementor-col-100 elementor-top-column elementor-element elementor-element-955a561\" data-id=\"955a561\" data-element_type=\"column\">\n\t\t\t<div class=\"elementor-widget-wrap elementor-element-populated\">\n\t\t\t\t\t\t\t\t<div class=\"elementor-element elementor-element-0ce869c elementor-widget elementor-widget-text-editor\" data-id=\"0ce869c\" data-element_type=\"widget\" data-widget_type=\"text-editor.default\">\n\t\t\t\t<div class=\"elementor-widget-container\">\n\t\t\t<style>\/*! elementor - v3.10.2 - 29-01-2023 *\/\n.elementor-widget-text-editor.elementor-drop-cap-view-stacked .elementor-drop-cap{background-color:#818a91;color:#fff}.elementor-widget-text-editor.elementor-drop-cap-view-framed .elementor-drop-cap{color:#818a91;border:3px solid;background-color:transparent}.elementor-widget-text-editor:not(.elementor-drop-cap-view-default) .elementor-drop-cap{margin-top:8px}.elementor-widget-text-editor:not(.elementor-drop-cap-view-default) .elementor-drop-cap-letter{width:1em;height:1em}.elementor-widget-text-editor .elementor-drop-cap{float:left;text-align:center;line-height:1;font-size:50px}.elementor-widget-text-editor .elementor-drop-cap-letter{display:inline-block}<\/style>\t\t\t\t<p><strong>&#8211;\u00a0 Miguel Tello visit\u00f3 las universidades Polit\u00e9cnica de la Energ\u00eda y la Tecnol\u00f3gica Tula-Tepeji\u00a0 <\/strong><\/p><p><strong>Pachuca, Hgo; 28 de abril de 2026.-<\/strong>El titular de la Unidad de Planeaci\u00f3n y Prospectiva, Miguel \u00c1ngel Tello Vargas, llev\u00f3 a cabo una gira de trabajo por el municipio de Tula de Allende, donde destac\u00f3 que para este a\u00f1o el gobierno de Hidalgo increment\u00f3 el presupuesto enfocado en el impulso a la investigaci\u00f3n, lo que reafirma su compromiso con la juventud y la ciencia.<\/p><p>El funcionario estatal visit\u00f3 la Universidad Polit\u00e9cnica de la Energ\u00eda (UPE), instituci\u00f3n especializada en la formaci\u00f3n educativa en el \u00e1rea de hidrocarburos, energ\u00edas renovables y optimizaci\u00f3n log\u00edstica, para dialogar con la comunidad estudiantil, as\u00ed como conocer sus necesidades y proyectos.<\/p><p>Miguel Tello destac\u00f3 que la administraci\u00f3n del gobernador Julio Menchaca Salazar ha impulsado los proyectos e ideas de las y los j\u00f3venes hidalguenses como parte de sus pol\u00edticas para dar bienestar a la entidad.<\/p><p>Por ello, mencion\u00f3 que el Consejo de Ciencia, Tecnolog\u00eda e Innovaci\u00f3n de Hidalgo (Citnova), que encabeza Francisco Pati\u00f1o Cardona, mantiene disponibles las becas para especialidad, maestr\u00eda, doctorados, posdoctorados y estancias cortas en instituciones nacionales e internacionales por un a\u00f1o.<\/p><p>Adem\u00e1s, el \u201cFondo Hidalgo: Ciencia y Tecnolog\u00eda\u201d incentiva a la comunidad acad\u00e9mica y los distintos sectores sociales a presentar sus iniciativas en favor de las y los hidalguenses para su posible financiamiento.<\/p><p>\u201cEl gobernador nos dio la oportunidad de ampliar la cantidad de investigaciones que se van a llevar a cabo, y eso se dio principalmente por la cantidad de solicitudes que recibimos. Nos conviene que apliquen la mayor\u00eda, porque entre m\u00e1s propuestas tengamos, a nosotros nos enriquece la base de datos para saber la problem\u00e1tica que se est\u00e1 planteando y las propuestas de soluci\u00f3n que se est\u00e1n desarrollando\u201d, se\u00f1al\u00f3.<\/p><p>Posteriormente, continu\u00f3 con su jornada de trabajo en la Universidad Tecnol\u00f3gica de Tula-Tepeji (UTTT), donde sostuvo una charla con estudiantes y docentes, y les invit\u00f3 a participar en estas convocatorias, pero sobre todo a seguir sus sue\u00f1os y generar un cambio en los 84 municipios de Hidalgo.<\/p><p>El titular de la Unidad de Planeaci\u00f3n destac\u00f3 que para este a\u00f1o se espera una alta participaci\u00f3n en estas convocatorias, las cuales se pueden consultar en la p\u00e1gina oficial\u00a0 <a href=\"https:\/\/citnova.hidalgo.gob.mx\/Convocatorias\">https:\/\/citnova.hidalgo.gob.mx\/Convocatorias<\/a><\/p>\t\t\t\t\t\t<\/div>\n\t\t\t\t<\/div>\n\t\t\t\t\t<\/div>\n\t\t<\/div>\n\t\t\t\t\t\t\t<\/div>\n\t\t<\/section>\n\t\t\t\t<section class=\"elementor-section elementor-top-section elementor-element elementor-element-dab3554 elementor-section-boxed elementor-section-height-default elementor-section-height-default\" data-id=\"dab3554\" data-element_type=\"section\">\n\t\t\t\t\t\t<div class=\"elementor-container elementor-column-gap-default\">\n\t\t\t\t\t<div class=\"elementor-column elementor-col-100 elementor-top-column elementor-element elementor-element-09377c2\" data-id=\"09377c2\" data-element_type=\"column\">\n\t\t\t<div class=\"elementor-widget-wrap elementor-element-populated\">\n\t\t\t\t\t\t\t\t<div class=\"elementor-element elementor-element-8cc42d7 elementor-aspect-ratio-169 elementor-widget elementor-widget-video\" data-id=\"8cc42d7\" data-element_type=\"widget\" data-settings=\"{&quot;youtube_url&quot;:&quot;https:\\\/\\\/youtu.be\\\/kx_Gj5F0IVY&quot;,&quot;video_type&quot;:&quot;youtube&quot;,&quot;controls&quot;:&quot;yes&quot;,&quot;aspect_ratio&quot;:&quot;169&quot;}\" data-widget_type=\"video.default\">\n\t\t\t\t<div class=\"elementor-widget-container\">\n\t\t\t<style>\/*! elementor - v3.10.2 - 29-01-2023 *\/\n.elementor-widget-video .elementor-widget-container{overflow:hidden;transform:translateZ(0)}.elementor-widget-video .elementor-open-inline .elementor-custom-embed-image-overlay{position:absolute;top:0;left:0;width:100%;height:100%;background-size:cover;background-position:50%}.elementor-widget-video .elementor-custom-embed-image-overlay{cursor:pointer;text-align:center}.elementor-widget-video .elementor-custom-embed-image-overlay:hover .elementor-custom-embed-play i{opacity:1}.elementor-widget-video .elementor-custom-embed-image-overlay img{display:block;width:100%}.elementor-widget-video .e-hosted-video .elementor-video{-o-object-fit:cover;object-fit:cover}.e-con-inner>.elementor-widget-video,.e-con>.elementor-widget-video{width:var(--container-widget-width);--flex-grow:var(--container-widget-flex-grow)}<\/style>\t\t<div class=\"elementor-wrapper elementor-fit-aspect-ratio elementor-open-inline\">\n\t\t\t<div class=\"elementor-video\"><\/div>\t\t<\/div>\n\t\t\t\t<\/div>\n\t\t\t\t<\/div>\n\t\t\t\t\t<\/div>\n\t\t<\/div>\n\t\t\t\t\t\t\t<\/div>\n\t\t<\/section>\n\t\t\t\t\t\t\t<\/div>\n\t\t","protected":false},"excerpt":{"rendered":"<p>&#8211;\u00a0 Miguel Tello visit\u00f3 las universidades Polit\u00e9cnica de la Energ\u00eda y la Tecnol\u00f3gica Tula-Tepeji\u00a0 Pachuca, Hgo; 28 de abril de 2026.-El titular de la Unidad de Planeaci\u00f3n y Prospectiva, Miguel \u00c1ngel Tello Vargas, llev\u00f3 a cabo una gira de trabajo por el municipio de Tula de Allende, donde destac\u00f3 que para este a\u00f1o el gobierno [&hellip;]<\/p>\n","protected":false},"author":1,"featured_media":110249,"comment_status":"closed","ping_status":"closed","sticky":false,"template":"","format":"standard","meta":[],"categories":[4],"tags":[],"_links":{"self":[{"href":"https:\/\/www.diarionoti7.com.mx\/index.php?rest_route=\/wp\/v2\/posts\/110247"}],"collection":[{"href":"https:\/\/www.diarionoti7.com.mx\/index.php?rest_route=\/wp\/v2\/posts"}],"about":[{"href":"https:\/\/www.diarionoti7.com.mx\/index.php?rest_route=\/wp\/v2\/types\/post"}],"author":[{"embeddable":true,"href":"https:\/\/www.diarionoti7.com.mx\/index.php?rest_route=\/wp\/v2\/users\/1"}],"replies":[{"embeddable":true,"href":"https:\/\/www.diarionoti7.com.mx\/index.php?rest_route=%2Fwp%2Fv2%2Fcomments&post=110247"}],"version-history":[{"count":7,"href":"https:\/\/www.diarionoti7.com.mx\/index.php?rest_route=\/wp\/v2\/posts\/110247\/revisions"}],"predecessor-version":[{"id":110255,"href":"https:\/\/www.diarionoti7.com.mx\/index.php?rest_route=\/wp\/v2\/posts\/110247\/revisions\/110255"}],"wp:featuredmedia":[{"embeddable":true,"href":"https:\/\/www.diarionoti7.com.mx\/index.php?rest_route=\/wp\/v2\/media\/110249"}],"wp:attachment":[{"href":"https:\/\/www.diarionoti7.com.mx\/index.php?rest_route=%2Fwp%2Fv2%2Fmedia&parent=110247"}],"wp:term":[{"taxonomy":"category","embeddable":true,"href":"https:\/\/www.diarionoti7.com.mx\/index.php?rest_route=%2Fwp%2Fv2%2Fcategories&post=110247"},{"taxonomy":"post_tag","embeddable":true,"href":"https:\/\/www.diarionoti7.com.mx\/index.php?rest_route=%2Fwp%2Fv2%2Ftags&post=110247"}],"curies":[{"name":"wp","href":"https:\/\/api.w.org\/{rel}","templated":true}]}}