{"id":110223,"date":"2026-04-29T10:12:47","date_gmt":"2026-04-29T10:12:47","guid":{"rendered":"https:\/\/www.diarionoti7.com.mx\/?p=110223"},"modified":"2026-04-29T19:13:49","modified_gmt":"2026-04-29T19:13:49","slug":"acercan-servicios-medicos-a-san-jose-boxay-con-jornadas-de-la-salud","status":"publish","type":"post","link":"https:\/\/www.diarionoti7.com.mx\/?p=110223","title":{"rendered":"Acercan servicios m\u00e9dicos a San Jos\u00e9 Boxay, con Jornadas de la Salud"},"content":{"rendered":"\t\t<div data-elementor-type=\"wp-post\" data-elementor-id=\"110223\" class=\"elementor elementor-110223\">\n\t\t\t\t\t\t\t\t\t<section class=\"elementor-section elementor-top-section elementor-element elementor-element-c09b8f0 elementor-section-boxed elementor-section-height-default elementor-section-height-default\" data-id=\"c09b8f0\" data-element_type=\"section\">\n\t\t\t\t\t\t<div class=\"elementor-container elementor-column-gap-default\">\n\t\t\t\t\t<div class=\"elementor-column elementor-col-100 elementor-top-column elementor-element elementor-element-955a561\" data-id=\"955a561\" data-element_type=\"column\">\n\t\t\t<div class=\"elementor-widget-wrap elementor-element-populated\">\n\t\t\t\t\t\t\t\t<div class=\"elementor-element elementor-element-0ce869c elementor-widget elementor-widget-text-editor\" data-id=\"0ce869c\" data-element_type=\"widget\" data-widget_type=\"text-editor.default\">\n\t\t\t\t<div class=\"elementor-widget-container\">\n\t\t\t<style>\/*! elementor - v3.10.2 - 29-01-2023 *\/\n.elementor-widget-text-editor.elementor-drop-cap-view-stacked .elementor-drop-cap{background-color:#818a91;color:#fff}.elementor-widget-text-editor.elementor-drop-cap-view-framed .elementor-drop-cap{color:#818a91;border:3px solid;background-color:transparent}.elementor-widget-text-editor:not(.elementor-drop-cap-view-default) .elementor-drop-cap{margin-top:8px}.elementor-widget-text-editor:not(.elementor-drop-cap-view-default) .elementor-drop-cap-letter{width:1em;height:1em}.elementor-widget-text-editor .elementor-drop-cap{float:left;text-align:center;line-height:1;font-size:50px}.elementor-widget-text-editor .elementor-drop-cap-letter{display:inline-block}<\/style>\t\t\t\t<p><strong>Pachuca, Hgo., 28 de abril de 2026.-<\/strong>Con el objetivo de garantizar el acceso a servicios m\u00e9dicos oportunos y de calidad, se llevaron a cabo las Jornadas de la Salud en la localidad de San Jos\u00e9 Boxay, en el municipio de Francisco I. Madero, donde las y los habitantes recibieron atenci\u00f3n integral de manera gratuita.<\/p><p>La jornada, que se realiz\u00f3 en la plaza c\u00edvica de la Capilla San Jos\u00e9 Obrero, reuni\u00f3 a decenas de familias que accedieron a consultas, estudios preventivos y apoyos funcionales, como parte de una estrategia enfocada en mejorar la calidad de vida de la poblaci\u00f3n.<\/p><p>La secretaria de Salud en Hidalgo, Vanesa Escalante Arroyo, ha enfatizado que este tipo de acciones permiten acercar los servicios m\u00e9dicos a las comunidades, fortaleciendo la prevenci\u00f3n y garantizando el derecho a la salud, especialmente en las zonas que m\u00e1s lo requieren.<\/p><p>Durante esta jornada se realizaron 891 acciones de salud, reflejando el alcance y la respuesta de la poblaci\u00f3n ante estos servicios; entre los que destacan 90 tomas de signos vitales, 88 valoraciones m\u00e9dicas de primer contacto y 49 consultas de medicina general, adem\u00e1s de atenciones especializadas en ginecolog\u00eda, pediatr\u00eda, nutrici\u00f3n, psicolog\u00eda, odontolog\u00eda y fisioterapia.<\/p><p>En materia de prevenci\u00f3n y salud p\u00fablica, se llevaron a cabo detecciones de enfermedades como VIH, s\u00edfilis y hepatitis, as\u00ed como pruebas de glucosa y hemoglobina glucosilada, adem\u00e1s de la aplicaci\u00f3n de 40 vacunas. Asimismo, se brindaron acciones de promoci\u00f3n de la salud, orientaci\u00f3n respecto al plato del buen comer y atenci\u00f3n en salud mental.<\/p><p>Como parte de los apoyos directos, se entregaron 26 apoyos funcionales, entre ellos 15 sillas de ruedas, dos andaderas, siete bastones y dos muletas, beneficiando a personas con necesidades de movilidad.<\/p><p>Adem\u00e1s, la jornada incluy\u00f3 acciones de bienestar animal, con la realizaci\u00f3n de 26 esterilizaciones y 250 vacunas para mascotas, contribuyendo tambi\u00e9n a la salud p\u00fablica desde un enfoque integral.<\/p><p>De esta manera, la estrategia impulsada por Vanesa Escalante prioriza la atenci\u00f3n preventiva, el diagn\u00f3stico oportuno y el acceso equitativo a los servicios m\u00e9dicos, acercando atenci\u00f3n digna a cada comunidad.<\/p><p>Por ello, la secretaria invit\u00f3 a la poblaci\u00f3n a aprovechar estos servicios y dar seguimiento a su salud de manera constante, en l\u00ednea con la visi\u00f3n del gobernador de Hidalgo, Julio Menchaca Salazar, de fortalecer el bienestar y la atenci\u00f3n m\u00e9dica en todas las regiones del estado.<\/p><p>\u00a0<\/p>\t\t\t\t\t\t<\/div>\n\t\t\t\t<\/div>\n\t\t\t\t\t<\/div>\n\t\t<\/div>\n\t\t\t\t\t\t\t<\/div>\n\t\t<\/section>\n\t\t\t\t\t\t\t<\/div>\n\t\t","protected":false},"excerpt":{"rendered":"<p>Pachuca, Hgo., 28 de abril de 2026.-Con el objetivo de garantizar el acceso a servicios m\u00e9dicos oportunos y de calidad, se llevaron a cabo las Jornadas de la Salud en la localidad de San Jos\u00e9 Boxay, en el municipio de Francisco I. Madero, donde las y los habitantes recibieron atenci\u00f3n integral de manera gratuita. La [&hellip;]<\/p>\n","protected":false},"author":1,"featured_media":110225,"comment_status":"closed","ping_status":"closed","sticky":false,"template":"","format":"standard","meta":[],"categories":[5],"tags":[],"_links":{"self":[{"href":"https:\/\/www.diarionoti7.com.mx\/index.php?rest_route=\/wp\/v2\/posts\/110223"}],"collection":[{"href":"https:\/\/www.diarionoti7.com.mx\/index.php?rest_route=\/wp\/v2\/posts"}],"about":[{"href":"https:\/\/www.diarionoti7.com.mx\/index.php?rest_route=\/wp\/v2\/types\/post"}],"author":[{"embeddable":true,"href":"https:\/\/www.diarionoti7.com.mx\/index.php?rest_route=\/wp\/v2\/users\/1"}],"replies":[{"embeddable":true,"href":"https:\/\/www.diarionoti7.com.mx\/index.php?rest_route=%2Fwp%2Fv2%2Fcomments&post=110223"}],"version-history":[{"count":4,"href":"https:\/\/www.diarionoti7.com.mx\/index.php?rest_route=\/wp\/v2\/posts\/110223\/revisions"}],"predecessor-version":[{"id":110228,"href":"https:\/\/www.diarionoti7.com.mx\/index.php?rest_route=\/wp\/v2\/posts\/110223\/revisions\/110228"}],"wp:featuredmedia":[{"embeddable":true,"href":"https:\/\/www.diarionoti7.com.mx\/index.php?rest_route=\/wp\/v2\/media\/110225"}],"wp:attachment":[{"href":"https:\/\/www.diarionoti7.com.mx\/index.php?rest_route=%2Fwp%2Fv2%2Fmedia&parent=110223"}],"wp:term":[{"taxonomy":"category","embeddable":true,"href":"https:\/\/www.diarionoti7.com.mx\/index.php?rest_route=%2Fwp%2Fv2%2Fcategories&post=110223"},{"taxonomy":"post_tag","embeddable":true,"href":"https:\/\/www.diarionoti7.com.mx\/index.php?rest_route=%2Fwp%2Fv2%2Ftags&post=110223"}],"curies":[{"name":"wp","href":"https:\/\/api.w.org\/{rel}","templated":true}]}}