{"id":110181,"date":"2026-04-29T10:03:36","date_gmt":"2026-04-29T10:03:36","guid":{"rendered":"https:\/\/www.diarionoti7.com.mx\/?p=110181"},"modified":"2026-04-29T19:05:00","modified_gmt":"2026-04-29T19:05:00","slug":"familias-fuertes-clave-para-prevenir-adicciones-sesion-de-trabajo-del-comite-municipal-de-salud-mental-y-adicciones-comsa","status":"publish","type":"post","link":"https:\/\/www.diarionoti7.com.mx\/?p=110181","title":{"rendered":"Familias fuertes, clave para prevenir adicciones: sesi\u00f3n de trabajo del Comit\u00e9 Municipal de Salud Mental y Adicciones (COMSA)."},"content":{"rendered":"\t\t<div data-elementor-type=\"wp-post\" data-elementor-id=\"110181\" class=\"elementor elementor-110181\">\n\t\t\t\t\t\t\t\t\t<section class=\"elementor-section elementor-top-section elementor-element elementor-element-c09b8f0 elementor-section-boxed elementor-section-height-default elementor-section-height-default\" data-id=\"c09b8f0\" data-element_type=\"section\">\n\t\t\t\t\t\t<div class=\"elementor-container elementor-column-gap-default\">\n\t\t\t\t\t<div class=\"elementor-column elementor-col-100 elementor-top-column elementor-element elementor-element-955a561\" data-id=\"955a561\" data-element_type=\"column\">\n\t\t\t<div class=\"elementor-widget-wrap elementor-element-populated\">\n\t\t\t\t\t\t\t\t<div class=\"elementor-element elementor-element-0ce869c elementor-widget elementor-widget-text-editor\" data-id=\"0ce869c\" data-element_type=\"widget\" data-widget_type=\"text-editor.default\">\n\t\t\t\t<div class=\"elementor-widget-container\">\n\t\t\t<style>\/*! elementor - v3.10.2 - 29-01-2023 *\/\n.elementor-widget-text-editor.elementor-drop-cap-view-stacked .elementor-drop-cap{background-color:#818a91;color:#fff}.elementor-widget-text-editor.elementor-drop-cap-view-framed .elementor-drop-cap{color:#818a91;border:3px solid;background-color:transparent}.elementor-widget-text-editor:not(.elementor-drop-cap-view-default) .elementor-drop-cap{margin-top:8px}.elementor-widget-text-editor:not(.elementor-drop-cap-view-default) .elementor-drop-cap-letter{width:1em;height:1em}.elementor-widget-text-editor .elementor-drop-cap{float:left;text-align:center;line-height:1;font-size:50px}.elementor-widget-text-editor .elementor-drop-cap-letter{display:inline-block}<\/style>\t\t\t\t<p><strong>Tulancingo, Hgo., a 28 de abril de 2026.-<\/strong>Representantes de distintas organizaciones, dependencias municipales, instituciones educativas y del sector salud compartieron experiencias y acordaron estrategias durante la sesi\u00f3n del Comit\u00e9 Municipal de Salud Mental y Adicciones (COMSA).<\/p><p>En representaci\u00f3n de la alcaldesa Lorena Garc\u00eda C\u00e1zares, la Direcci\u00f3n de Sanidad Municipal celebr\u00f3 los acuerdos alcanzados para la construcci\u00f3n de un Tulancingo con bienestar, donde las familias se convierten en la primera l\u00ednea de defensa.<\/p><p>La sesi\u00f3n cont\u00f3 con la participaci\u00f3n de la jefa de la Jurisdicci\u00f3n Sanitaria II Tulancingo, Isabel Guzm\u00e1n Tavera, quien resalt\u00f3 la importancia de implementar un plan de trabajo con visi\u00f3n para lo que resta de la presente administraci\u00f3n, que involucre a todas las \u00e1reas del gobierno municipal, as\u00ed como a la dependencia a su cargo.<\/p><p>La funcionaria destac\u00f3 que las adicciones van m\u00e1s all\u00e1 del alcoholismo, incluyendo actualmente la dependencia a dispositivos m\u00f3viles, relaciones t\u00f3xicas, juegos tecnol\u00f3gicos, ansiedad, depresi\u00f3n, adicci\u00f3n al trabajo y el uso de vapeadores, entre otros. Asimismo, inform\u00f3 que se acudir\u00e1 a escuelas del municipio para brindar conferencias y ferias de salud, reforzando la prevenci\u00f3n entre la comunidad estudiantil.<\/p><p>Durante la sesi\u00f3n del COMSA, autoridades supervisan lo conducente para reactivar los protocolos de revisi\u00f3n escolar, con el fin de evitar que los alumnos ingresen armas u otras sustancias que representen un riesgo para la comunidad educativa, el personal docente y para ellos mismos.<\/p><p>Finalmente, la reuni\u00f3n reafirm\u00f3 que la prevenci\u00f3n de adicciones requiere la participaci\u00f3n activa de las familias, promoviendo tambi\u00e9n la cultura, el deporte y la reconstrucci\u00f3n del tejido social, para consolidar una comunidad m\u00e1s unida, resiliente y saludable.<\/p>\t\t\t\t\t\t<\/div>\n\t\t\t\t<\/div>\n\t\t\t\t\t<\/div>\n\t\t<\/div>\n\t\t\t\t\t\t\t<\/div>\n\t\t<\/section>\n\t\t\t\t\t\t\t<\/div>\n\t\t","protected":false},"excerpt":{"rendered":"<p>Tulancingo, Hgo., a 28 de abril de 2026.-Representantes de distintas organizaciones, dependencias municipales, instituciones educativas y del sector salud compartieron experiencias y acordaron estrategias durante la sesi\u00f3n del Comit\u00e9 Municipal de Salud Mental y Adicciones (COMSA). En representaci\u00f3n de la alcaldesa Lorena Garc\u00eda C\u00e1zares, la Direcci\u00f3n de Sanidad Municipal celebr\u00f3 los acuerdos alcanzados para la [&hellip;]<\/p>\n","protected":false},"author":1,"featured_media":110183,"comment_status":"closed","ping_status":"closed","sticky":false,"template":"","format":"standard","meta":[],"categories":[9],"tags":[],"_links":{"self":[{"href":"https:\/\/www.diarionoti7.com.mx\/index.php?rest_route=\/wp\/v2\/posts\/110181"}],"collection":[{"href":"https:\/\/www.diarionoti7.com.mx\/index.php?rest_route=\/wp\/v2\/posts"}],"about":[{"href":"https:\/\/www.diarionoti7.com.mx\/index.php?rest_route=\/wp\/v2\/types\/post"}],"author":[{"embeddable":true,"href":"https:\/\/www.diarionoti7.com.mx\/index.php?rest_route=\/wp\/v2\/users\/1"}],"replies":[{"embeddable":true,"href":"https:\/\/www.diarionoti7.com.mx\/index.php?rest_route=%2Fwp%2Fv2%2Fcomments&post=110181"}],"version-history":[{"count":4,"href":"https:\/\/www.diarionoti7.com.mx\/index.php?rest_route=\/wp\/v2\/posts\/110181\/revisions"}],"predecessor-version":[{"id":110186,"href":"https:\/\/www.diarionoti7.com.mx\/index.php?rest_route=\/wp\/v2\/posts\/110181\/revisions\/110186"}],"wp:featuredmedia":[{"embeddable":true,"href":"https:\/\/www.diarionoti7.com.mx\/index.php?rest_route=\/wp\/v2\/media\/110183"}],"wp:attachment":[{"href":"https:\/\/www.diarionoti7.com.mx\/index.php?rest_route=%2Fwp%2Fv2%2Fmedia&parent=110181"}],"wp:term":[{"taxonomy":"category","embeddable":true,"href":"https:\/\/www.diarionoti7.com.mx\/index.php?rest_route=%2Fwp%2Fv2%2Fcategories&post=110181"},{"taxonomy":"post_tag","embeddable":true,"href":"https:\/\/www.diarionoti7.com.mx\/index.php?rest_route=%2Fwp%2Fv2%2Ftags&post=110181"}],"curies":[{"name":"wp","href":"https:\/\/api.w.org\/{rel}","templated":true}]}}