{"id":110153,"date":"2026-04-28T09:53:42","date_gmt":"2026-04-28T09:53:42","guid":{"rendered":"https:\/\/www.diarionoti7.com.mx\/?p=110153"},"modified":"2026-04-28T19:56:49","modified_gmt":"2026-04-28T19:56:49","slug":"inicia-en-hidalgo-la-semana-nacional-de-vacunacion-2026","status":"publish","type":"post","link":"https:\/\/www.diarionoti7.com.mx\/?p=110153","title":{"rendered":"Inicia en Hidalgo la Semana Nacional de Vacunaci\u00f3n 2026"},"content":{"rendered":"\t\t<div data-elementor-type=\"wp-post\" data-elementor-id=\"110153\" class=\"elementor elementor-110153\">\n\t\t\t\t\t\t\t\t\t<section class=\"elementor-section elementor-top-section elementor-element elementor-element-c09b8f0 elementor-section-boxed elementor-section-height-default elementor-section-height-default\" data-id=\"c09b8f0\" data-element_type=\"section\">\n\t\t\t\t\t\t<div class=\"elementor-container elementor-column-gap-default\">\n\t\t\t\t\t<div class=\"elementor-column elementor-col-100 elementor-top-column elementor-element elementor-element-955a561\" data-id=\"955a561\" data-element_type=\"column\">\n\t\t\t<div class=\"elementor-widget-wrap elementor-element-populated\">\n\t\t\t\t\t\t\t\t<div class=\"elementor-element elementor-element-0ce869c elementor-widget elementor-widget-text-editor\" data-id=\"0ce869c\" data-element_type=\"widget\" data-widget_type=\"text-editor.default\">\n\t\t\t\t<div class=\"elementor-widget-container\">\n\t\t\t<style>\/*! elementor - v3.10.2 - 29-01-2023 *\/\n.elementor-widget-text-editor.elementor-drop-cap-view-stacked .elementor-drop-cap{background-color:#818a91;color:#fff}.elementor-widget-text-editor.elementor-drop-cap-view-framed .elementor-drop-cap{color:#818a91;border:3px solid;background-color:transparent}.elementor-widget-text-editor:not(.elementor-drop-cap-view-default) .elementor-drop-cap{margin-top:8px}.elementor-widget-text-editor:not(.elementor-drop-cap-view-default) .elementor-drop-cap-letter{width:1em;height:1em}.elementor-widget-text-editor .elementor-drop-cap{float:left;text-align:center;line-height:1;font-size:50px}.elementor-widget-text-editor .elementor-drop-cap-letter{display:inline-block}<\/style>\t\t\t\t<p><strong>Pachuca, Hgo., 27 de abril de 2026.-<\/strong>A fin de reforzar el escudo sanitario en Hidalgo, arranc\u00f3 la Semana Nacional de Vacunaci\u00f3n 2026 \u201cVacunar es Amar\u201d, una estrategia clave para proteger a la poblaci\u00f3n y prevenir enfermedades, en un contexto donde la inmunizaci\u00f3n se mantiene como una de las herramientas m\u00e1s efectivas de salud p\u00fablica.<\/p><p>Durante el evento donde se inici\u00f3 esta campa\u00f1a, autoridades de distintos niveles y sectores coincidieron en la urgencia de fortalecer la cobertura de vacunaci\u00f3n, especialmente entre ni\u00f1as, ni\u00f1os, adolescentes, mujeres embarazadas y personas adultas mayores.<\/p><p>La jornada se desarrollar\u00e1 del 25 de abril al 2 de mayo, y se prev\u00e9 la aplicaci\u00f3n de m\u00e1s de 44 mil 700 dosis en todo el territorio estatal, como parte de una estrategia integral para recuperar esquemas, aplicar refuerzos y reducir riesgos sanitarios.<\/p><p>La secretaria de Salud en Hidalgo, Vanesa Escalante Arroyo, ha se\u00f1alado que esta campa\u00f1a representa un esfuerzo prioritario para garantizar el acceso equitativo a la salud, as\u00ed como para fortalecer la prevenci\u00f3n como eje central del bienestar social.<\/p><p>Asimismo, especialistas destacan que la vacunaci\u00f3n no s\u00f3lo protege a quien la recibe, sino que contribuye a la inmunidad colectiva, evitando brotes de enfermedades prevenibles y fortaleciendo la seguridad sanitaria.<\/p><p>En l\u00ednea con esta visi\u00f3n, la pol\u00edtica p\u00fablica del gobernador Julio Menchaca Salazar, impulsada por Vanesa Escalante, prioriza acercar servicios gratuitos y de calidad a cada comunidad, particularmente en zonas de dif\u00edcil acceso.<\/p><p>Entre las acciones relevantes, destaca la aplicaci\u00f3n de la vacuna contra el virus sincitial respiratorio (VSR) en mujeres embarazadas, una medida que permitir\u00e1 proteger a los reci\u00e9n nacidos desde sus primeros d\u00edas de vida.<\/p><p>Asimismo, se desplegar\u00e1n brigadas m\u00e9dicas en unidades de salud y puntos extramuros, con el objetivo de ampliar la cobertura y garantizar que ninguna persona quede fuera de esta estrategia.<\/p><p>Bajo este enfoque, la secretaria ha reiterado el llamado a la poblaci\u00f3n a acudir a su unidad m\u00e9dica, revisar su Cartilla Nacional de Salud y completar sus esquemas de vacunaci\u00f3n, recordando que las vacunas son seguras, gratuitas y salvan vidas.<\/p>\t\t\t\t\t\t<\/div>\n\t\t\t\t<\/div>\n\t\t\t\t\t<\/div>\n\t\t<\/div>\n\t\t\t\t\t\t\t<\/div>\n\t\t<\/section>\n\t\t\t\t\t\t\t<\/div>\n\t\t","protected":false},"excerpt":{"rendered":"<p>Pachuca, Hgo., 27 de abril de 2026.-A fin de reforzar el escudo sanitario en Hidalgo, arranc\u00f3 la Semana Nacional de Vacunaci\u00f3n 2026 \u201cVacunar es Amar\u201d, una estrategia clave para proteger a la poblaci\u00f3n y prevenir enfermedades, en un contexto donde la inmunizaci\u00f3n se mantiene como una de las herramientas m\u00e1s efectivas de salud p\u00fablica. Durante [&hellip;]<\/p>\n","protected":false},"author":1,"featured_media":110164,"comment_status":"closed","ping_status":"closed","sticky":false,"template":"","format":"standard","meta":[],"categories":[5],"tags":[],"_links":{"self":[{"href":"https:\/\/www.diarionoti7.com.mx\/index.php?rest_route=\/wp\/v2\/posts\/110153"}],"collection":[{"href":"https:\/\/www.diarionoti7.com.mx\/index.php?rest_route=\/wp\/v2\/posts"}],"about":[{"href":"https:\/\/www.diarionoti7.com.mx\/index.php?rest_route=\/wp\/v2\/types\/post"}],"author":[{"embeddable":true,"href":"https:\/\/www.diarionoti7.com.mx\/index.php?rest_route=\/wp\/v2\/users\/1"}],"replies":[{"embeddable":true,"href":"https:\/\/www.diarionoti7.com.mx\/index.php?rest_route=%2Fwp%2Fv2%2Fcomments&post=110153"}],"version-history":[{"count":7,"href":"https:\/\/www.diarionoti7.com.mx\/index.php?rest_route=\/wp\/v2\/posts\/110153\/revisions"}],"predecessor-version":[{"id":110167,"href":"https:\/\/www.diarionoti7.com.mx\/index.php?rest_route=\/wp\/v2\/posts\/110153\/revisions\/110167"}],"wp:featuredmedia":[{"embeddable":true,"href":"https:\/\/www.diarionoti7.com.mx\/index.php?rest_route=\/wp\/v2\/media\/110164"}],"wp:attachment":[{"href":"https:\/\/www.diarionoti7.com.mx\/index.php?rest_route=%2Fwp%2Fv2%2Fmedia&parent=110153"}],"wp:term":[{"taxonomy":"category","embeddable":true,"href":"https:\/\/www.diarionoti7.com.mx\/index.php?rest_route=%2Fwp%2Fv2%2Fcategories&post=110153"},{"taxonomy":"post_tag","embeddable":true,"href":"https:\/\/www.diarionoti7.com.mx\/index.php?rest_route=%2Fwp%2Fv2%2Ftags&post=110153"}],"curies":[{"name":"wp","href":"https:\/\/api.w.org\/{rel}","templated":true}]}}