{"id":110117,"date":"2026-04-28T09:46:43","date_gmt":"2026-04-28T09:46:43","guid":{"rendered":"https:\/\/www.diarionoti7.com.mx\/?p=110117"},"modified":"2026-04-28T19:47:27","modified_gmt":"2026-04-28T19:47:27","slug":"15-16-y-17-de-mayo-gran-feria-del-taco-hidalgo-2026-en-el-recinto-ferial-de-pachuca","status":"publish","type":"post","link":"https:\/\/www.diarionoti7.com.mx\/?p=110117","title":{"rendered":"15, 16 y 17 de mayo Gran Feria del Taco Hidalgo 2026 en el Recinto Ferial de Pachuca"},"content":{"rendered":"\t\t<div data-elementor-type=\"wp-post\" data-elementor-id=\"110117\" class=\"elementor elementor-110117\">\n\t\t\t\t\t\t\t\t\t<section class=\"elementor-section elementor-top-section elementor-element elementor-element-c09b8f0 elementor-section-boxed elementor-section-height-default elementor-section-height-default\" data-id=\"c09b8f0\" data-element_type=\"section\">\n\t\t\t\t\t\t<div class=\"elementor-container elementor-column-gap-default\">\n\t\t\t\t\t<div class=\"elementor-column elementor-col-100 elementor-top-column elementor-element elementor-element-955a561\" data-id=\"955a561\" data-element_type=\"column\">\n\t\t\t<div class=\"elementor-widget-wrap elementor-element-populated\">\n\t\t\t\t\t\t\t\t<div class=\"elementor-element elementor-element-0ce869c elementor-widget elementor-widget-text-editor\" data-id=\"0ce869c\" data-element_type=\"widget\" data-widget_type=\"text-editor.default\">\n\t\t\t\t<div class=\"elementor-widget-container\">\n\t\t\t<style>\/*! elementor - v3.10.2 - 29-01-2023 *\/\n.elementor-widget-text-editor.elementor-drop-cap-view-stacked .elementor-drop-cap{background-color:#818a91;color:#fff}.elementor-widget-text-editor.elementor-drop-cap-view-framed .elementor-drop-cap{color:#818a91;border:3px solid;background-color:transparent}.elementor-widget-text-editor:not(.elementor-drop-cap-view-default) .elementor-drop-cap{margin-top:8px}.elementor-widget-text-editor:not(.elementor-drop-cap-view-default) .elementor-drop-cap-letter{width:1em;height:1em}.elementor-widget-text-editor .elementor-drop-cap{float:left;text-align:center;line-height:1;font-size:50px}.elementor-widget-text-editor .elementor-drop-cap-letter{display:inline-block}<\/style>\t\t\t\t<p><strong>Pachuca, Hgo., 27 de abril 2026.- <\/strong>La\u00a0Gran Feria del Taco Hidalgo 2026\u00a0se perfila como uno de los encuentros gastron\u00f3micos y culturales m\u00e1s relevantes del estado, al reunir esfuerzos de\u00a0Transformaci\u00f3n Juvenil Hidalguense A.C., en coordinaci\u00f3n con autoridades estatales, iniciativa privada y sociedad civil, con el objetivo de posicionar a Hidalgo como un referente nacional en la\u00a0cultura del taco.<\/p><p>Durante los d\u00edas\u00a015, 16 y 17 de mayo, el\u00a0Recinto Ferial de Pachuca\u00a0ser\u00e1 sede de este evento, que busca fortalecer el\u00a0consumo local, incentivar la\u00a0econom\u00eda regional\u00a0y generar una mayor\u00a0atracci\u00f3n tur\u00edstica. A lo largo de tres jornadas, las y los asistentes podr\u00e1n disfrutar de una experiencia integral que combina\u00a0gastronom\u00eda, cultura y entretenimiento.<\/p><p>Como parte de las actividades principales, se contempla el intento de establecer un\u00a0r\u00e9cord mundial\u00a0mediante la creaci\u00f3n de una\u00a0figura monumental de tacos\u00a0inspirada en el\u00a0Reloj Monumental de Pachuca. De manera paralela, se llevar\u00e1 a cabo un esfuerzo colectivo para reunir a la mayor cantidad de personas bailando\u00a0\u201cPayaso de Rodeo\u201d, promoviendo la participaci\u00f3n ciudadana y el sentido de\u00a0identidad cultural.<\/p><p>El evento contar\u00e1 con la participaci\u00f3n de m\u00e1s de\u00a040 taquer\u00edas locales y regionales, adem\u00e1s de una\u00a0zona comercial y artesanal\u00a0que integrar\u00e1 a productores y comerciantes hidalguenses, fortaleciendo as\u00ed las\u00a0cadenas de valor del estado. Asimismo, se dispondr\u00e1 de un\u00a0escenario principal\u00a0con programaci\u00f3n art\u00edstica y cultural continua.<\/p><p>La\u00a0Gran Feria del Taco Hidalgo 2026\u00a0tiene como prop\u00f3sito fomentar la\u00a0cultura gastron\u00f3mica\u00a0del estado mediante un evento de gran alcance que impulse el consumo de productos locales, fortalezca la econom\u00eda de las y los participantes y contribuya al posicionamiento de Hidalgo como un\u00a0destino gastron\u00f3mico\u00a0a nivel regional y nacional.<\/p><p>Registra tu asistencia y obt\u00e9n tus boletos digitales completamente GRATIS para la Feria del Taco aqu\u00ed:<br \/><a href=\"https:\/\/www.transformacionjuvenilhidalguense.org\/feria-del-taco-registro\"><strong>https:\/\/www.transformacionjuvenilhidalguense.org\/feria-del-taco-registro<\/strong><\/a><\/p>\t\t\t\t\t\t<\/div>\n\t\t\t\t<\/div>\n\t\t\t\t\t<\/div>\n\t\t<\/div>\n\t\t\t\t\t\t\t<\/div>\n\t\t<\/section>\n\t\t\t\t\t\t\t<\/div>\n\t\t","protected":false},"excerpt":{"rendered":"<p>Pachuca, Hgo., 27 de abril 2026.- La\u00a0Gran Feria del Taco Hidalgo 2026\u00a0se perfila como uno de los encuentros gastron\u00f3micos y culturales m\u00e1s relevantes del estado, al reunir esfuerzos de\u00a0Transformaci\u00f3n Juvenil Hidalguense A.C., en coordinaci\u00f3n con autoridades estatales, iniciativa privada y sociedad civil, con el objetivo de posicionar a Hidalgo como un referente nacional en la\u00a0cultura [&hellip;]<\/p>\n","protected":false},"author":1,"featured_media":110119,"comment_status":"closed","ping_status":"closed","sticky":false,"template":"","format":"standard","meta":[],"categories":[9],"tags":[],"_links":{"self":[{"href":"https:\/\/www.diarionoti7.com.mx\/index.php?rest_route=\/wp\/v2\/posts\/110117"}],"collection":[{"href":"https:\/\/www.diarionoti7.com.mx\/index.php?rest_route=\/wp\/v2\/posts"}],"about":[{"href":"https:\/\/www.diarionoti7.com.mx\/index.php?rest_route=\/wp\/v2\/types\/post"}],"author":[{"embeddable":true,"href":"https:\/\/www.diarionoti7.com.mx\/index.php?rest_route=\/wp\/v2\/users\/1"}],"replies":[{"embeddable":true,"href":"https:\/\/www.diarionoti7.com.mx\/index.php?rest_route=%2Fwp%2Fv2%2Fcomments&post=110117"}],"version-history":[{"count":4,"href":"https:\/\/www.diarionoti7.com.mx\/index.php?rest_route=\/wp\/v2\/posts\/110117\/revisions"}],"predecessor-version":[{"id":110122,"href":"https:\/\/www.diarionoti7.com.mx\/index.php?rest_route=\/wp\/v2\/posts\/110117\/revisions\/110122"}],"wp:featuredmedia":[{"embeddable":true,"href":"https:\/\/www.diarionoti7.com.mx\/index.php?rest_route=\/wp\/v2\/media\/110119"}],"wp:attachment":[{"href":"https:\/\/www.diarionoti7.com.mx\/index.php?rest_route=%2Fwp%2Fv2%2Fmedia&parent=110117"}],"wp:term":[{"taxonomy":"category","embeddable":true,"href":"https:\/\/www.diarionoti7.com.mx\/index.php?rest_route=%2Fwp%2Fv2%2Fcategories&post=110117"},{"taxonomy":"post_tag","embeddable":true,"href":"https:\/\/www.diarionoti7.com.mx\/index.php?rest_route=%2Fwp%2Fv2%2Ftags&post=110117"}],"curies":[{"name":"wp","href":"https:\/\/api.w.org\/{rel}","templated":true}]}}