{"id":110111,"date":"2026-04-28T09:45:40","date_gmt":"2026-04-28T09:45:40","guid":{"rendered":"https:\/\/www.diarionoti7.com.mx\/?p=110111"},"modified":"2026-04-28T19:46:30","modified_gmt":"2026-04-28T19:46:30","slug":"semarnat-impulsa-dialogo-comunitario-para-la-restauracion-integral-de-la-presa-endho","status":"publish","type":"post","link":"https:\/\/www.diarionoti7.com.mx\/?p=110111","title":{"rendered":"SEMARNAT impulsa di\u00e1logo comunitario para la restauraci\u00f3n integral de la presa Endh\u00f3"},"content":{"rendered":"\t\t<div data-elementor-type=\"wp-post\" data-elementor-id=\"110111\" class=\"elementor elementor-110111\">\n\t\t\t\t\t\t\t\t\t<section class=\"elementor-section elementor-top-section elementor-element elementor-element-c09b8f0 elementor-section-boxed elementor-section-height-default elementor-section-height-default\" data-id=\"c09b8f0\" data-element_type=\"section\">\n\t\t\t\t\t\t<div class=\"elementor-container elementor-column-gap-default\">\n\t\t\t\t\t<div class=\"elementor-column elementor-col-100 elementor-top-column elementor-element elementor-element-955a561\" data-id=\"955a561\" data-element_type=\"column\">\n\t\t\t<div class=\"elementor-widget-wrap elementor-element-populated\">\n\t\t\t\t\t\t\t\t<div class=\"elementor-element elementor-element-0ce869c elementor-widget elementor-widget-text-editor\" data-id=\"0ce869c\" data-element_type=\"widget\" data-widget_type=\"text-editor.default\">\n\t\t\t\t<div class=\"elementor-widget-container\">\n\t\t\t<style>\/*! elementor - v3.10.2 - 29-01-2023 *\/\n.elementor-widget-text-editor.elementor-drop-cap-view-stacked .elementor-drop-cap{background-color:#818a91;color:#fff}.elementor-widget-text-editor.elementor-drop-cap-view-framed .elementor-drop-cap{color:#818a91;border:3px solid;background-color:transparent}.elementor-widget-text-editor:not(.elementor-drop-cap-view-default) .elementor-drop-cap{margin-top:8px}.elementor-widget-text-editor:not(.elementor-drop-cap-view-default) .elementor-drop-cap-letter{width:1em;height:1em}.elementor-widget-text-editor .elementor-drop-cap{float:left;text-align:center;line-height:1;font-size:50px}.elementor-widget-text-editor .elementor-drop-cap-letter{display:inline-block}<\/style>\t\t\t\t<p><strong>-Estas asambleas forman parte del proceso de consulta previa, libre e informada dirigido a pueblos ind\u00edgenas<\/strong><\/p><p>Pachuca, Hgo., 27 de abril de 2026.-En un esfuerzo por fortalecer la participaci\u00f3n social y avanzar en la recuperaci\u00f3n ambiental de la regi\u00f3n, la Secretar\u00eda de Medio Ambiente y Recursos Naturales (Semarnat), en coordinaci\u00f3n con el Instituto Nacional de los Pueblos Ind\u00edgenas (INPI), llev\u00f3 a cabo asambleas informativas los d\u00edas 25 y 26 de abril en las comunidades de Xochitl\u00e1n de las Flores y San Pedro Nextlalpan, en Hidalgo.<\/p><p>Durante estos encuentros, autoridades ambientales presentaron los ejes estrat\u00e9gicos del Programa de Restauraci\u00f3n Ecol\u00f3gica del \u00c1rea de Influencia de la Presa Endh\u00f3, destacando acciones enfocadas en el saneamiento, monitoreo y tratamiento de cuerpos de agua afectados por descargas residuales. Asimismo, se plantearon iniciativas para la rehabilitaci\u00f3n de suelos degradados mediante reforestaci\u00f3n, recuperaci\u00f3n de vegetaci\u00f3n nativa y mejora de la calidad del aire.<\/p><p>El proyecto tambi\u00e9n contempla la atenci\u00f3n de problem\u00e1ticas espec\u00edficas como plagas en el arbolado, la proliferaci\u00f3n del lirio acu\u00e1tico y la presencia del mosquito Culex, factores que impactan directamente en el equilibrio ecol\u00f3gico y la salud de las comunidades.<\/p><p>Estas asambleas forman parte del proceso de consulta previa, libre e informada dirigido a pueblos ind\u00edgenas, garantizando su participaci\u00f3n activa en la toma de decisiones. La iniciativa tendr\u00e1 una duraci\u00f3n de 12 a\u00f1os e incluir\u00e1 evaluaciones peri\u00f3dicas para medir avances.<\/p><p>Desde marzo, el di\u00e1logo se ha extendido a diversas comunidades de la regi\u00f3n, consolidando un modelo participativo orientado a la restauraci\u00f3n ambiental sostenible.<\/p>\t\t\t\t\t\t<\/div>\n\t\t\t\t<\/div>\n\t\t\t\t\t<\/div>\n\t\t<\/div>\n\t\t\t\t\t\t\t<\/div>\n\t\t<\/section>\n\t\t\t\t\t\t\t<\/div>\n\t\t","protected":false},"excerpt":{"rendered":"<p>-Estas asambleas forman parte del proceso de consulta previa, libre e informada dirigido a pueblos ind\u00edgenas Pachuca, Hgo., 27 de abril de 2026.-En un esfuerzo por fortalecer la participaci\u00f3n social y avanzar en la recuperaci\u00f3n ambiental de la regi\u00f3n, la Secretar\u00eda de Medio Ambiente y Recursos Naturales (Semarnat), en coordinaci\u00f3n con el Instituto Nacional de [&hellip;]<\/p>\n","protected":false},"author":1,"featured_media":110113,"comment_status":"closed","ping_status":"closed","sticky":false,"template":"","format":"standard","meta":[],"categories":[9],"tags":[],"_links":{"self":[{"href":"https:\/\/www.diarionoti7.com.mx\/index.php?rest_route=\/wp\/v2\/posts\/110111"}],"collection":[{"href":"https:\/\/www.diarionoti7.com.mx\/index.php?rest_route=\/wp\/v2\/posts"}],"about":[{"href":"https:\/\/www.diarionoti7.com.mx\/index.php?rest_route=\/wp\/v2\/types\/post"}],"author":[{"embeddable":true,"href":"https:\/\/www.diarionoti7.com.mx\/index.php?rest_route=\/wp\/v2\/users\/1"}],"replies":[{"embeddable":true,"href":"https:\/\/www.diarionoti7.com.mx\/index.php?rest_route=%2Fwp%2Fv2%2Fcomments&post=110111"}],"version-history":[{"count":4,"href":"https:\/\/www.diarionoti7.com.mx\/index.php?rest_route=\/wp\/v2\/posts\/110111\/revisions"}],"predecessor-version":[{"id":110116,"href":"https:\/\/www.diarionoti7.com.mx\/index.php?rest_route=\/wp\/v2\/posts\/110111\/revisions\/110116"}],"wp:featuredmedia":[{"embeddable":true,"href":"https:\/\/www.diarionoti7.com.mx\/index.php?rest_route=\/wp\/v2\/media\/110113"}],"wp:attachment":[{"href":"https:\/\/www.diarionoti7.com.mx\/index.php?rest_route=%2Fwp%2Fv2%2Fmedia&parent=110111"}],"wp:term":[{"taxonomy":"category","embeddable":true,"href":"https:\/\/www.diarionoti7.com.mx\/index.php?rest_route=%2Fwp%2Fv2%2Fcategories&post=110111"},{"taxonomy":"post_tag","embeddable":true,"href":"https:\/\/www.diarionoti7.com.mx\/index.php?rest_route=%2Fwp%2Fv2%2Ftags&post=110111"}],"curies":[{"name":"wp","href":"https:\/\/api.w.org\/{rel}","templated":true}]}}